{"id":5708,"date":"2019-02-11T18:14:22","date_gmt":"2019-02-11T20:14:22","guid":{"rendered":"http:\/\/juacontecimentos.com.br\/site\/?p=5708"},"modified":"2019-02-11T18:30:21","modified_gmt":"2019-02-11T20:30:21","slug":"prestacao-de-contas-da-festa-do-rosario-de-2018-fica-abaixo-do-esperado-pelos-populares","status":"publish","type":"post","link":"https:\/\/juacontecimentos.com.br\/site\/prestacao-de-contas-da-festa-do-rosario-de-2018-fica-abaixo-do-esperado-pelos-populares\/","title":{"rendered":"Presta\u00e7\u00e3o de contas da festa do Ros\u00e1rio de 2018, fica abaixo do esperado pelos populares"},"content":{"rendered":"<p><img loading=\"lazy\" decoding=\"async\" class=\"alignnone wp-image-5709\" src=\"http:\/\/juacontecimentos.com.br\/site\/wp-content\/uploads\/2019\/02\/IMG-20190209-WA0000_2-199x300.jpg\" alt=\"\" width=\"236\" height=\"356\" srcset=\"https:\/\/juacontecimentos.com.br\/site\/wp-content\/uploads\/2019\/02\/IMG-20190209-WA0000_2-199x300.jpg 199w, https:\/\/juacontecimentos.com.br\/site\/wp-content\/uploads\/2019\/02\/IMG-20190209-WA0000_2.jpg 628w\" sizes=\"auto, (max-width: 236px) 100vw, 236px\" \/> <img loading=\"lazy\" decoding=\"async\" class=\"alignnone wp-image-5710\" src=\"http:\/\/juacontecimentos.com.br\/site\/wp-content\/uploads\/2019\/02\/IMG-20190209-WA0001_2-224x300.jpg\" alt=\"\" width=\"265\" height=\"355\" srcset=\"https:\/\/juacontecimentos.com.br\/site\/wp-content\/uploads\/2019\/02\/IMG-20190209-WA0001_2-224x300.jpg 224w, https:\/\/juacontecimentos.com.br\/site\/wp-content\/uploads\/2019\/02\/IMG-20190209-WA0001_2.jpg 673w\" sizes=\"auto, (max-width: 265px) 100vw, 265px\" \/><\/p>\n<p>Na manh\u00e3 desta segunda-feira (11), o presidente da Irmandade de Nossa Senhora do Ros\u00e1rio de Catal\u00e3o \u2013 Leonardo Bueno, recebeu em seu gabinete a reportagem do Jornal \u00daltimos Acontecimentos, para esclarecer algumas informa\u00e7\u00f5es quanto a presta\u00e7\u00e3o de contas, apresentada pelo casal de festeiro Marcos Ant\u00f4nio In\u00e1cio e Kedma Marques Brand\u00e3o In\u00e1cio, representantes legais da comiss\u00e3o 2018.<\/p>\n<p>Diante dos v\u00e1rios esclarecimentos, o ex-festeiro Marcos In\u00e1cio, disse que, ao longo do ano de 2018, dezenas de of\u00edcios foram encaminhados para diversas empresas, com solicita\u00e7\u00f5es de patroc\u00ednio, o que acabou n\u00e3o acontecendo parcialmente. \u201cPara empresa CMOC solicitamos R$ 10 mil reais, e a mesma repassou o valor solicitado. Para empresa MOSAIC Fertilizantes, pedimos a quantia de R$ 20 mil, mas, n\u00e3o fomos atendidos. Outros R$ 20 mil foram solicitados junto a montadora Mitsubishi, que atendeu com a quantia de R$ 10 mil. Assim sendo, deixamos de receber cerca de R$ 30 mil reais\u201d afirmou In\u00e1cio.<\/p>\n<p>Segundo o presidente, nos pr\u00f3ximos dias, ser\u00e1 anunciado um grande evento que ser\u00e1 realizado pela Irmandade do Ros\u00e1rio, com a finalidade em angariar fundos para a mesma possa se manter com suas obriga\u00e7\u00f5es mensais.<\/p>\n<p>Fotos: Divulga\u00e7\u00e3o<\/p>\n<p><img loading=\"lazy\" decoding=\"async\" class=\"alignnone size-medium wp-image-5712\" src=\"http:\/\/juacontecimentos.com.br\/site\/wp-content\/uploads\/2019\/02\/51748869_348771919300184_8793125010827902976_n-300x225.jpg\" alt=\"\" width=\"300\" height=\"225\" srcset=\"https:\/\/juacontecimentos.com.br\/site\/wp-content\/uploads\/2019\/02\/51748869_348771919300184_8793125010827902976_n-300x225.jpg 300w, https:\/\/juacontecimentos.com.br\/site\/wp-content\/uploads\/2019\/02\/51748869_348771919300184_8793125010827902976_n-768x576.jpg 768w, https:\/\/juacontecimentos.com.br\/site\/wp-content\/uploads\/2019\/02\/51748869_348771919300184_8793125010827902976_n.jpg 960w\" sizes=\"auto, (max-width: 300px) 100vw, 300px\" \/> <img loading=\"lazy\" decoding=\"async\" class=\"alignnone size-medium wp-image-5713\" src=\"http:\/\/juacontecimentos.com.br\/site\/wp-content\/uploads\/2019\/02\/51933338_348771829300193_9006238556456222720_n-300x225.jpg\" alt=\"\" width=\"300\" height=\"225\" srcset=\"https:\/\/juacontecimentos.com.br\/site\/wp-content\/uploads\/2019\/02\/51933338_348771829300193_9006238556456222720_n-300x225.jpg 300w, https:\/\/juacontecimentos.com.br\/site\/wp-content\/uploads\/2019\/02\/51933338_348771829300193_9006238556456222720_n-768x576.jpg 768w, https:\/\/juacontecimentos.com.br\/site\/wp-content\/uploads\/2019\/02\/51933338_348771829300193_9006238556456222720_n.jpg 960w\" sizes=\"auto, (max-width: 300px) 100vw, 300px\" \/> <img loading=\"lazy\" decoding=\"async\" class=\"alignnone size-medium wp-image-5714\" src=\"http:\/\/juacontecimentos.com.br\/site\/wp-content\/uploads\/2019\/02\/51979932_348771879300188_1976031276552945664_n-300x225.jpg\" alt=\"\" width=\"300\" height=\"225\" srcset=\"https:\/\/juacontecimentos.com.br\/site\/wp-content\/uploads\/2019\/02\/51979932_348771879300188_1976031276552945664_n-300x225.jpg 300w, https:\/\/juacontecimentos.com.br\/site\/wp-content\/uploads\/2019\/02\/51979932_348771879300188_1976031276552945664_n-768x576.jpg 768w, https:\/\/juacontecimentos.com.br\/site\/wp-content\/uploads\/2019\/02\/51979932_348771879300188_1976031276552945664_n.jpg 960w\" sizes=\"auto, (max-width: 300px) 100vw, 300px\" \/><img loading=\"lazy\" decoding=\"async\" class=\"alignnone size-medium wp-image-5713\" src=\"http:\/\/juacontecimentos.com.br\/site\/wp-content\/uploads\/2019\/02\/51933338_348771829300193_9006238556456222720_n-300x225.jpg\" alt=\"\" width=\"300\" height=\"225\" srcset=\"https:\/\/juacontecimentos.com.br\/site\/wp-content\/uploads\/2019\/02\/51933338_348771829300193_9006238556456222720_n-300x225.jpg 300w, https:\/\/juacontecimentos.com.br\/site\/wp-content\/uploads\/2019\/02\/51933338_348771829300193_9006238556456222720_n-768x576.jpg 768w, https:\/\/juacontecimentos.com.br\/site\/wp-content\/uploads\/2019\/02\/51933338_348771829300193_9006238556456222720_n.jpg 960w\" sizes=\"auto, (max-width: 300px) 100vw, 300px\" \/><\/p>\n<p>Analise o gr\u00e1fico dos valores repassados pelo presidente da Irmandade do Ros\u00e1rio, referente aos \u00faltimas 10 anos da festa do Ros\u00e1rio de Catal\u00e3o.<\/p>\n<table style=\"height: 656px\">\n\n<tr>\n<td>\n<p style=\"text-align: center\"><strong>Ano<\/strong><\/p>\n<\/td>\n<td style=\"text-align: center\"><strong>Casal de Festeiro<\/strong><\/td>\n<td>\n<p style=\"text-align: center\"><strong>Valor entregue p\/ Irmandade<\/strong><\/p>\n<\/td>\n<\/tr>\n<tr>\n<td>2009<\/td>\n<td>Vicente Louren\u00e7o e Hilda de Melo<\/td>\n<td>R$ 32.000,00<\/td>\n<\/tr>\n<tr>\n<td>2010<\/td>\n<td>Juliano Tavares e Nara R\u00fabia<\/td>\n<td>R$\u00a0\u00a0 2.002,00<\/td>\n<\/tr>\n<tr>\n<td>2011<\/td>\n<td>M\u00e1rcio J\u00fanior e Val\u00e9ria Marques<\/td>\n<td>R$ 42.000,00<\/td>\n<\/tr>\n<tr>\n<td>2012<\/td>\n<td>Jean L. Barbosa e Maria Etelvina<\/td>\n<td>R$ 32.000,00<\/td>\n<\/tr>\n<tr>\n<td>2013<\/td>\n<td>Ricardo Bueno e Ivana Cristina<\/td>\n<td>R$ 45.000,00<\/td>\n<\/tr>\n<tr>\n<td>2014<\/td>\n<td>Joel Fernandes e Joana Darc<\/td>\n<td>R$ 34.000,00<\/td>\n<\/tr>\n<tr>\n<td>2015<\/td>\n<td>Silvano Batista e Maria Aparecida<\/td>\n<td>R$ 20.000,00 (<strong>Negativo<\/strong>)<\/td>\n<\/tr>\n<tr>\n<td>2016<\/td>\n<td>Mauro Abr\u00e3o e Luiza Helena<\/td>\n<td>R$ 18.000,00<\/td>\n<\/tr>\n<tr>\n<td>2017<\/td>\n<td>Paulo Arruda e Maria Luzia<\/td>\n<td>R$ 8.000,00<\/td>\n<\/tr>\n<tr>\n<td>2018<\/td>\n<td>Marcos A. In\u00e1cio e Kedma M. Brand\u00e3o<\/td>\n<td>R$ 1.930,00<\/td>\n<\/tr>\n\n<\/table>\n<p><em>As informa\u00e7\u00f5es apresentadas no quadro, foram repassadas pelo presidente da Irmandade &#8211; Leonardo Bueno<\/em>.<br \/>\n<\/p>\n","protected":false},"excerpt":{"rendered":"<p>Na manh\u00e3 desta segunda-feira (11), o presidente da Irmandade de Nossa Senhora do Ros\u00e1rio de Catal\u00e3o \u2013 Leonardo Bueno, recebeu em seu gabinete a reportagem do Jornal \u00daltimos Acontecimentos, para esclarecer algumas informa\u00e7\u00f5es quanto a presta\u00e7\u00e3o de contas, apresentada pelo casal de festeiro Marcos Ant\u00f4nio In\u00e1cio e Kedma Marques Brand\u00e3o In\u00e1cio, representantes legais da comiss\u00e3o<\/p>\n","protected":false},"author":2,"featured_media":5723,"comment_status":"open","ping_status":"open","sticky":false,"template":"","format":"standard","meta":{"footnotes":""},"categories":[27,22,26,23],"tags":[],"class_list":["post-5708","post","type-post","status-publish","format-standard","has-post-thumbnail","hentry","category-brasil","category-catalao","category-destaque","category-goias"],"yoast_head":"<!-- This site is optimized with the Yoast SEO plugin v25.8 - https:\/\/yoast.com\/wordpress\/plugins\/seo\/ -->\n<title>Presta\u00e7\u00e3o de contas da festa do Ros\u00e1rio de 2018, fica abaixo do esperado pelos populares - Jornal Ultimos Acontecimentos<\/title>\n<meta name=\"robots\" content=\"index, follow, max-snippet:-1, max-image-preview:large, max-video-preview:-1\" \/>\n<link rel=\"canonical\" href=\"https:\/\/juacontecimentos.com.br\/site\/prestacao-de-contas-da-festa-do-rosario-de-2018-fica-abaixo-do-esperado-pelos-populares\/\" \/>\n<meta property=\"og:locale\" content=\"pt_BR\" \/>\n<meta property=\"og:type\" content=\"article\" \/>\n<meta property=\"og:title\" content=\"Presta\u00e7\u00e3o de contas da festa do Ros\u00e1rio de 2018, fica abaixo do esperado pelos populares - Jornal Ultimos Acontecimentos\" \/>\n<meta property=\"og:description\" content=\"Na manh\u00e3 desta segunda-feira (11), o presidente da Irmandade de Nossa Senhora do Ros\u00e1rio de Catal\u00e3o \u2013 Leonardo Bueno, recebeu em seu gabinete a reportagem do Jornal \u00daltimos Acontecimentos, para esclarecer algumas informa\u00e7\u00f5es quanto a presta\u00e7\u00e3o de contas, apresentada pelo casal de festeiro Marcos Ant\u00f4nio In\u00e1cio e Kedma Marques Brand\u00e3o In\u00e1cio, representantes legais da comiss\u00e3o\" \/>\n<meta property=\"og:url\" content=\"https:\/\/juacontecimentos.com.br\/site\/prestacao-de-contas-da-festa-do-rosario-de-2018-fica-abaixo-do-esperado-pelos-populares\/\" \/>\n<meta property=\"og:site_name\" content=\"Jornal Ultimos Acontecimentos\" \/>\n<meta property=\"article:publisher\" content=\"https:\/\/www.facebook.com\/jultimosacontecimentos\/\" \/>\n<meta property=\"article:published_time\" content=\"2019-02-11T20:14:22+00:00\" \/>\n<meta property=\"article:modified_time\" content=\"2019-02-11T20:30:21+00:00\" \/>\n<meta property=\"og:image\" content=\"https:\/\/juacontecimentos.com.br\/site\/wp-content\/uploads\/2019\/02\/Foto-Marc\u00e3o.gif\" \/>\n\t<meta property=\"og:image:width\" content=\"456\" \/>\n\t<meta property=\"og:image:height\" content=\"268\" \/>\n\t<meta property=\"og:image:type\" content=\"image\/gif\" \/>\n<meta name=\"author\" content=\"Reginaldo Ribeiro\" \/>\n<meta name=\"twitter:card\" content=\"summary_large_image\" \/>\n<meta name=\"twitter:label1\" content=\"Escrito por\" \/>\n\t<meta name=\"twitter:data1\" content=\"Reginaldo Ribeiro\" \/>\n\t<meta name=\"twitter:label2\" content=\"Est. tempo de leitura\" \/>\n\t<meta name=\"twitter:data2\" content=\"2 minutos\" \/>\n<script type=\"application\/ld+json\" class=\"yoast-schema-graph\">{\"@context\":\"https:\/\/schema.org\",\"@graph\":[{\"@type\":\"Article\",\"@id\":\"https:\/\/juacontecimentos.com.br\/site\/prestacao-de-contas-da-festa-do-rosario-de-2018-fica-abaixo-do-esperado-pelos-populares\/#article\",\"isPartOf\":{\"@id\":\"https:\/\/juacontecimentos.com.br\/site\/prestacao-de-contas-da-festa-do-rosario-de-2018-fica-abaixo-do-esperado-pelos-populares\/\"},\"author\":{\"name\":\"Reginaldo Ribeiro\",\"@id\":\"https:\/\/juacontecimentos.com.br\/site\/#\/schema\/person\/082a54e6d3fdd7a633291428521c9669\"},\"headline\":\"Presta\u00e7\u00e3o de contas da festa do Ros\u00e1rio de 2018, fica abaixo do esperado pelos populares\",\"datePublished\":\"2019-02-11T20:14:22+00:00\",\"dateModified\":\"2019-02-11T20:30:21+00:00\",\"mainEntityOfPage\":{\"@id\":\"https:\/\/juacontecimentos.com.br\/site\/prestacao-de-contas-da-festa-do-rosario-de-2018-fica-abaixo-do-esperado-pelos-populares\/\"},\"wordCount\":338,\"commentCount\":0,\"publisher\":{\"@id\":\"https:\/\/juacontecimentos.com.br\/site\/#organization\"},\"image\":{\"@id\":\"https:\/\/juacontecimentos.com.br\/site\/prestacao-de-contas-da-festa-do-rosario-de-2018-fica-abaixo-do-esperado-pelos-populares\/#primaryimage\"},\"thumbnailUrl\":\"https:\/\/juacontecimentos.com.br\/site\/wp-content\/uploads\/2019\/02\/Foto-Marc\u00e3o.gif\",\"articleSection\":[\"Brasil\",\"Catal\u00e3o\",\"Destaque\",\"Goi\u00e1s\"],\"inLanguage\":\"pt-BR\"},{\"@type\":\"WebPage\",\"@id\":\"https:\/\/juacontecimentos.com.br\/site\/prestacao-de-contas-da-festa-do-rosario-de-2018-fica-abaixo-do-esperado-pelos-populares\/\",\"url\":\"https:\/\/juacontecimentos.com.br\/site\/prestacao-de-contas-da-festa-do-rosario-de-2018-fica-abaixo-do-esperado-pelos-populares\/\",\"name\":\"Presta\u00e7\u00e3o de contas da festa do Ros\u00e1rio de 2018, fica abaixo do esperado pelos populares - Jornal Ultimos Acontecimentos\",\"isPartOf\":{\"@id\":\"https:\/\/juacontecimentos.com.br\/site\/#website\"},\"primaryImageOfPage\":{\"@id\":\"https:\/\/juacontecimentos.com.br\/site\/prestacao-de-contas-da-festa-do-rosario-de-2018-fica-abaixo-do-esperado-pelos-populares\/#primaryimage\"},\"image\":{\"@id\":\"https:\/\/juacontecimentos.com.br\/site\/prestacao-de-contas-da-festa-do-rosario-de-2018-fica-abaixo-do-esperado-pelos-populares\/#primaryimage\"},\"thumbnailUrl\":\"https:\/\/juacontecimentos.com.br\/site\/wp-content\/uploads\/2019\/02\/Foto-Marc\u00e3o.gif\",\"datePublished\":\"2019-02-11T20:14:22+00:00\",\"dateModified\":\"2019-02-11T20:30:21+00:00\",\"breadcrumb\":{\"@id\":\"https:\/\/juacontecimentos.com.br\/site\/prestacao-de-contas-da-festa-do-rosario-de-2018-fica-abaixo-do-esperado-pelos-populares\/#breadcrumb\"},\"inLanguage\":\"pt-BR\",\"potentialAction\":[{\"@type\":\"ReadAction\",\"target\":[\"https:\/\/juacontecimentos.com.br\/site\/prestacao-de-contas-da-festa-do-rosario-de-2018-fica-abaixo-do-esperado-pelos-populares\/\"]}]},{\"@type\":\"ImageObject\",\"inLanguage\":\"pt-BR\",\"@id\":\"https:\/\/juacontecimentos.com.br\/site\/prestacao-de-contas-da-festa-do-rosario-de-2018-fica-abaixo-do-esperado-pelos-populares\/#primaryimage\",\"url\":\"https:\/\/juacontecimentos.com.br\/site\/wp-content\/uploads\/2019\/02\/Foto-Marc\u00e3o.gif\",\"contentUrl\":\"https:\/\/juacontecimentos.com.br\/site\/wp-content\/uploads\/2019\/02\/Foto-Marc\u00e3o.gif\",\"width\":456,\"height\":268},{\"@type\":\"BreadcrumbList\",\"@id\":\"https:\/\/juacontecimentos.com.br\/site\/prestacao-de-contas-da-festa-do-rosario-de-2018-fica-abaixo-do-esperado-pelos-populares\/#breadcrumb\",\"itemListElement\":[{\"@type\":\"ListItem\",\"position\":1,\"name\":\"In\u00edcio\",\"item\":\"https:\/\/juacontecimentos.com.br\/site\/\"},{\"@type\":\"ListItem\",\"position\":2,\"name\":\"Presta\u00e7\u00e3o de contas da festa do Ros\u00e1rio de 2018, fica abaixo do esperado pelos populares\"}]},{\"@type\":\"WebSite\",\"@id\":\"https:\/\/juacontecimentos.com.br\/site\/#website\",\"url\":\"https:\/\/juacontecimentos.com.br\/site\/\",\"name\":\"Jornal Ultimos Acontecimentos\",\"description\":\"Catal\u00e3o e regi\u00e3o\",\"publisher\":{\"@id\":\"https:\/\/juacontecimentos.com.br\/site\/#organization\"},\"potentialAction\":[{\"@type\":\"SearchAction\",\"target\":{\"@type\":\"EntryPoint\",\"urlTemplate\":\"https:\/\/juacontecimentos.com.br\/site\/?s={search_term_string}\"},\"query-input\":{\"@type\":\"PropertyValueSpecification\",\"valueRequired\":true,\"valueName\":\"search_term_string\"}}],\"inLanguage\":\"pt-BR\"},{\"@type\":\"Organization\",\"@id\":\"https:\/\/juacontecimentos.com.br\/site\/#organization\",\"name\":\"Jornal Ultimos Acontecimentos\",\"url\":\"https:\/\/juacontecimentos.com.br\/site\/\",\"logo\":{\"@type\":\"ImageObject\",\"inLanguage\":\"pt-BR\",\"@id\":\"https:\/\/juacontecimentos.com.br\/site\/#\/schema\/logo\/image\/\",\"url\":\"https:\/\/juacontecimentos.com.br\/site\/wp-content\/uploads\/2023\/04\/Logo_Site.png\",\"contentUrl\":\"https:\/\/juacontecimentos.com.br\/site\/wp-content\/uploads\/2023\/04\/Logo_Site.png\",\"width\":2476,\"height\":530,\"caption\":\"Jornal Ultimos Acontecimentos\"},\"image\":{\"@id\":\"https:\/\/juacontecimentos.com.br\/site\/#\/schema\/logo\/image\/\"},\"sameAs\":[\"https:\/\/www.facebook.com\/jultimosacontecimentos\/\"]},{\"@type\":\"Person\",\"@id\":\"https:\/\/juacontecimentos.com.br\/site\/#\/schema\/person\/082a54e6d3fdd7a633291428521c9669\",\"name\":\"Reginaldo Ribeiro\",\"image\":{\"@type\":\"ImageObject\",\"inLanguage\":\"pt-BR\",\"@id\":\"https:\/\/juacontecimentos.com.br\/site\/#\/schema\/person\/image\/\",\"url\":\"https:\/\/secure.gravatar.com\/avatar\/5c16c6837c3490270a74d888c2a845728f06bdde1f8761de1de1d1d1ef82d12f?s=96&d=mm&r=g\",\"contentUrl\":\"https:\/\/secure.gravatar.com\/avatar\/5c16c6837c3490270a74d888c2a845728f06bdde1f8761de1de1d1d1ef82d12f?s=96&d=mm&r=g\",\"caption\":\"Reginaldo Ribeiro\"}}]}<\/script>\n<!-- \/ Yoast SEO plugin. -->","yoast_head_json":{"title":"Presta\u00e7\u00e3o de contas da festa do Ros\u00e1rio de 2018, fica abaixo do esperado pelos populares - Jornal Ultimos Acontecimentos","robots":{"index":"index","follow":"follow","max-snippet":"max-snippet:-1","max-image-preview":"max-image-preview:large","max-video-preview":"max-video-preview:-1"},"canonical":"https:\/\/juacontecimentos.com.br\/site\/prestacao-de-contas-da-festa-do-rosario-de-2018-fica-abaixo-do-esperado-pelos-populares\/","og_locale":"pt_BR","og_type":"article","og_title":"Presta\u00e7\u00e3o de contas da festa do Ros\u00e1rio de 2018, fica abaixo do esperado pelos populares - Jornal Ultimos Acontecimentos","og_description":"Na manh\u00e3 desta segunda-feira (11), o presidente da Irmandade de Nossa Senhora do Ros\u00e1rio de Catal\u00e3o \u2013 Leonardo Bueno, recebeu em seu gabinete a reportagem do Jornal \u00daltimos Acontecimentos, para esclarecer algumas informa\u00e7\u00f5es quanto a presta\u00e7\u00e3o de contas, apresentada pelo casal de festeiro Marcos Ant\u00f4nio In\u00e1cio e Kedma Marques Brand\u00e3o In\u00e1cio, representantes legais da comiss\u00e3o","og_url":"https:\/\/juacontecimentos.com.br\/site\/prestacao-de-contas-da-festa-do-rosario-de-2018-fica-abaixo-do-esperado-pelos-populares\/","og_site_name":"Jornal Ultimos Acontecimentos","article_publisher":"https:\/\/www.facebook.com\/jultimosacontecimentos\/","article_published_time":"2019-02-11T20:14:22+00:00","article_modified_time":"2019-02-11T20:30:21+00:00","og_image":[{"width":456,"height":268,"url":"https:\/\/juacontecimentos.com.br\/site\/wp-content\/uploads\/2019\/02\/Foto-Marc\u00e3o.gif","type":"image\/gif"}],"author":"Reginaldo Ribeiro","twitter_card":"summary_large_image","twitter_misc":{"Escrito por":"Reginaldo Ribeiro","Est. tempo de leitura":"2 minutos"},"schema":{"@context":"https:\/\/schema.org","@graph":[{"@type":"Article","@id":"https:\/\/juacontecimentos.com.br\/site\/prestacao-de-contas-da-festa-do-rosario-de-2018-fica-abaixo-do-esperado-pelos-populares\/#article","isPartOf":{"@id":"https:\/\/juacontecimentos.com.br\/site\/prestacao-de-contas-da-festa-do-rosario-de-2018-fica-abaixo-do-esperado-pelos-populares\/"},"author":{"name":"Reginaldo Ribeiro","@id":"https:\/\/juacontecimentos.com.br\/site\/#\/schema\/person\/082a54e6d3fdd7a633291428521c9669"},"headline":"Presta\u00e7\u00e3o de contas da festa do Ros\u00e1rio de 2018, fica abaixo do esperado pelos populares","datePublished":"2019-02-11T20:14:22+00:00","dateModified":"2019-02-11T20:30:21+00:00","mainEntityOfPage":{"@id":"https:\/\/juacontecimentos.com.br\/site\/prestacao-de-contas-da-festa-do-rosario-de-2018-fica-abaixo-do-esperado-pelos-populares\/"},"wordCount":338,"commentCount":0,"publisher":{"@id":"https:\/\/juacontecimentos.com.br\/site\/#organization"},"image":{"@id":"https:\/\/juacontecimentos.com.br\/site\/prestacao-de-contas-da-festa-do-rosario-de-2018-fica-abaixo-do-esperado-pelos-populares\/#primaryimage"},"thumbnailUrl":"https:\/\/juacontecimentos.com.br\/site\/wp-content\/uploads\/2019\/02\/Foto-Marc\u00e3o.gif","articleSection":["Brasil","Catal\u00e3o","Destaque","Goi\u00e1s"],"inLanguage":"pt-BR"},{"@type":"WebPage","@id":"https:\/\/juacontecimentos.com.br\/site\/prestacao-de-contas-da-festa-do-rosario-de-2018-fica-abaixo-do-esperado-pelos-populares\/","url":"https:\/\/juacontecimentos.com.br\/site\/prestacao-de-contas-da-festa-do-rosario-de-2018-fica-abaixo-do-esperado-pelos-populares\/","name":"Presta\u00e7\u00e3o de contas da festa do Ros\u00e1rio de 2018, fica abaixo do esperado pelos populares - Jornal Ultimos Acontecimentos","isPartOf":{"@id":"https:\/\/juacontecimentos.com.br\/site\/#website"},"primaryImageOfPage":{"@id":"https:\/\/juacontecimentos.com.br\/site\/prestacao-de-contas-da-festa-do-rosario-de-2018-fica-abaixo-do-esperado-pelos-populares\/#primaryimage"},"image":{"@id":"https:\/\/juacontecimentos.com.br\/site\/prestacao-de-contas-da-festa-do-rosario-de-2018-fica-abaixo-do-esperado-pelos-populares\/#primaryimage"},"thumbnailUrl":"https:\/\/juacontecimentos.com.br\/site\/wp-content\/uploads\/2019\/02\/Foto-Marc\u00e3o.gif","datePublished":"2019-02-11T20:14:22+00:00","dateModified":"2019-02-11T20:30:21+00:00","breadcrumb":{"@id":"https:\/\/juacontecimentos.com.br\/site\/prestacao-de-contas-da-festa-do-rosario-de-2018-fica-abaixo-do-esperado-pelos-populares\/#breadcrumb"},"inLanguage":"pt-BR","potentialAction":[{"@type":"ReadAction","target":["https:\/\/juacontecimentos.com.br\/site\/prestacao-de-contas-da-festa-do-rosario-de-2018-fica-abaixo-do-esperado-pelos-populares\/"]}]},{"@type":"ImageObject","inLanguage":"pt-BR","@id":"https:\/\/juacontecimentos.com.br\/site\/prestacao-de-contas-da-festa-do-rosario-de-2018-fica-abaixo-do-esperado-pelos-populares\/#primaryimage","url":"https:\/\/juacontecimentos.com.br\/site\/wp-content\/uploads\/2019\/02\/Foto-Marc\u00e3o.gif","contentUrl":"https:\/\/juacontecimentos.com.br\/site\/wp-content\/uploads\/2019\/02\/Foto-Marc\u00e3o.gif","width":456,"height":268},{"@type":"BreadcrumbList","@id":"https:\/\/juacontecimentos.com.br\/site\/prestacao-de-contas-da-festa-do-rosario-de-2018-fica-abaixo-do-esperado-pelos-populares\/#breadcrumb","itemListElement":[{"@type":"ListItem","position":1,"name":"In\u00edcio","item":"https:\/\/juacontecimentos.com.br\/site\/"},{"@type":"ListItem","position":2,"name":"Presta\u00e7\u00e3o de contas da festa do Ros\u00e1rio de 2018, fica abaixo do esperado pelos populares"}]},{"@type":"WebSite","@id":"https:\/\/juacontecimentos.com.br\/site\/#website","url":"https:\/\/juacontecimentos.com.br\/site\/","name":"Jornal Ultimos Acontecimentos","description":"Catal\u00e3o e regi\u00e3o","publisher":{"@id":"https:\/\/juacontecimentos.com.br\/site\/#organization"},"potentialAction":[{"@type":"SearchAction","target":{"@type":"EntryPoint","urlTemplate":"https:\/\/juacontecimentos.com.br\/site\/?s={search_term_string}"},"query-input":{"@type":"PropertyValueSpecification","valueRequired":true,"valueName":"search_term_string"}}],"inLanguage":"pt-BR"},{"@type":"Organization","@id":"https:\/\/juacontecimentos.com.br\/site\/#organization","name":"Jornal Ultimos Acontecimentos","url":"https:\/\/juacontecimentos.com.br\/site\/","logo":{"@type":"ImageObject","inLanguage":"pt-BR","@id":"https:\/\/juacontecimentos.com.br\/site\/#\/schema\/logo\/image\/","url":"https:\/\/juacontecimentos.com.br\/site\/wp-content\/uploads\/2023\/04\/Logo_Site.png","contentUrl":"https:\/\/juacontecimentos.com.br\/site\/wp-content\/uploads\/2023\/04\/Logo_Site.png","width":2476,"height":530,"caption":"Jornal Ultimos Acontecimentos"},"image":{"@id":"https:\/\/juacontecimentos.com.br\/site\/#\/schema\/logo\/image\/"},"sameAs":["https:\/\/www.facebook.com\/jultimosacontecimentos\/"]},{"@type":"Person","@id":"https:\/\/juacontecimentos.com.br\/site\/#\/schema\/person\/082a54e6d3fdd7a633291428521c9669","name":"Reginaldo Ribeiro","image":{"@type":"ImageObject","inLanguage":"pt-BR","@id":"https:\/\/juacontecimentos.com.br\/site\/#\/schema\/person\/image\/","url":"https:\/\/secure.gravatar.com\/avatar\/5c16c6837c3490270a74d888c2a845728f06bdde1f8761de1de1d1d1ef82d12f?s=96&d=mm&r=g","contentUrl":"https:\/\/secure.gravatar.com\/avatar\/5c16c6837c3490270a74d888c2a845728f06bdde1f8761de1de1d1d1ef82d12f?s=96&d=mm&r=g","caption":"Reginaldo Ribeiro"}}]}},"_links":{"self":[{"href":"https:\/\/juacontecimentos.com.br\/site\/wp-json\/wp\/v2\/posts\/5708","targetHints":{"allow":["GET"]}}],"collection":[{"href":"https:\/\/juacontecimentos.com.br\/site\/wp-json\/wp\/v2\/posts"}],"about":[{"href":"https:\/\/juacontecimentos.com.br\/site\/wp-json\/wp\/v2\/types\/post"}],"author":[{"embeddable":true,"href":"https:\/\/juacontecimentos.com.br\/site\/wp-json\/wp\/v2\/users\/2"}],"replies":[{"embeddable":true,"href":"https:\/\/juacontecimentos.com.br\/site\/wp-json\/wp\/v2\/comments?post=5708"}],"version-history":[{"count":7,"href":"https:\/\/juacontecimentos.com.br\/site\/wp-json\/wp\/v2\/posts\/5708\/revisions"}],"predecessor-version":[{"id":5724,"href":"https:\/\/juacontecimentos.com.br\/site\/wp-json\/wp\/v2\/posts\/5708\/revisions\/5724"}],"wp:featuredmedia":[{"embeddable":true,"href":"https:\/\/juacontecimentos.com.br\/site\/wp-json\/wp\/v2\/media\/5723"}],"wp:attachment":[{"href":"https:\/\/juacontecimentos.com.br\/site\/wp-json\/wp\/v2\/media?parent=5708"}],"wp:term":[{"taxonomy":"category","embeddable":true,"href":"https:\/\/juacontecimentos.com.br\/site\/wp-json\/wp\/v2\/categories?post=5708"},{"taxonomy":"post_tag","embeddable":true,"href":"https:\/\/juacontecimentos.com.br\/site\/wp-json\/wp\/v2\/tags?post=5708"}],"curies":[{"name":"wp","href":"https:\/\/api.w.org\/{rel}","templated":true}]}}