{"id":5772,"date":"2019-02-15T08:50:58","date_gmt":"2019-02-15T10:50:58","guid":{"rendered":"http:\/\/juacontecimentos.com.br\/site\/?p=5772"},"modified":"2019-02-15T08:50:58","modified_gmt":"2019-02-15T10:50:58","slug":"oito-funcionarios-da-vale-sao-alvos-de-mandados-de-prisao-apos-tragedia-em-brumadinho","status":"publish","type":"post","link":"https:\/\/juacontecimentos.com.br\/site\/oito-funcionarios-da-vale-sao-alvos-de-mandados-de-prisao-apos-tragedia-em-brumadinho\/","title":{"rendered":"Oito funcion\u00e1rios da Vale s\u00e3o alvos de mandados de pris\u00e3o ap\u00f3s trag\u00e9dia em Brumadinho"},"content":{"rendered":"<div class=\"mc-column content-text active-extra-styles active-capital-letter\">\n<p class=\"content-text__container theme-color-primary-first-letter\">O Minist\u00e9rio P\u00fablico de Minas Gerais (MPMG) faz uma opera\u00e7\u00e3o, na manh\u00e3 desta sexta-feira (15), em Minas Gerais, S\u00e3o Paulo e Rio de Janeiro.<\/p>\n<\/div>\n<div class=\"wall protected-content\">\n<div class=\"mc-column content-text active-extra-styles \">\n<p class=\"content-text__container \">Segundo o G1, 12 mandados de busca e apreens\u00e3o e oito de pris\u00e3o est\u00e3o sendo cumpridos.<\/p>\n<\/div>\n<div class=\"mc-column content-text active-extra-styles \">\n<p class=\"content-text__container \">Os mandados seriam para oito funcion\u00e1rios da Vale. Um deles, Alexandre de Paula Campanha, foi preso em casa na Regi\u00e3o Centro-Sul de Belo Horizonte.<\/p>\n<\/div>\n<div class=\"mc-column content-text active-extra-styles \">\n<p class=\"content-text__container \">Campanha foi citado em um dos depoimentos dos engenheiros da empresa alem\u00e3 T\u00dcV S\u00dcD contratados pela Vale.<\/p>\n<div class=\"clearfix\"><\/div>\n<div>\n<div>Segundo as investiga\u00e7\u00f5es, ele teria pressionado os engenheiros para assinar o laudo que atestava estabilidade da barragem, que se rompeu em Brumadinho, sob o risco de perder o contrato.<\/div>\n<\/div>\n<\/div>\n<\/div>\n<p><\/p>\n","protected":false},"excerpt":{"rendered":"<p>O Minist\u00e9rio P\u00fablico de Minas Gerais (MPMG) faz uma opera\u00e7\u00e3o, na manh\u00e3 desta sexta-feira (15), em Minas Gerais, S\u00e3o Paulo e Rio de Janeiro. Segundo o G1, 12 mandados de busca e apreens\u00e3o e oito de pris\u00e3o est\u00e3o sendo cumpridos. Os mandados seriam para oito funcion\u00e1rios da Vale. Um deles, Alexandre de Paula Campanha, foi<\/p>\n","protected":false},"author":2,"featured_media":5773,"comment_status":"open","ping_status":"open","sticky":false,"template":"","format":"standard","meta":{"footnotes":""},"categories":[27,22,26,23],"tags":[],"class_list":["post-5772","post","type-post","status-publish","format-standard","has-post-thumbnail","hentry","category-brasil","category-catalao","category-destaque","category-goias"],"yoast_head":"<!-- This site is optimized with the Yoast SEO plugin v25.8 - https:\/\/yoast.com\/wordpress\/plugins\/seo\/ -->\n<title>Oito funcion\u00e1rios da Vale s\u00e3o alvos de mandados de pris\u00e3o ap\u00f3s trag\u00e9dia em Brumadinho - Jornal Ultimos Acontecimentos<\/title>\n<meta name=\"robots\" content=\"index, follow, max-snippet:-1, max-image-preview:large, max-video-preview:-1\" \/>\n<link rel=\"canonical\" href=\"https:\/\/juacontecimentos.com.br\/site\/oito-funcionarios-da-vale-sao-alvos-de-mandados-de-prisao-apos-tragedia-em-brumadinho\/\" \/>\n<meta property=\"og:locale\" content=\"pt_BR\" \/>\n<meta property=\"og:type\" content=\"article\" \/>\n<meta property=\"og:title\" content=\"Oito funcion\u00e1rios da Vale s\u00e3o alvos de mandados de pris\u00e3o ap\u00f3s trag\u00e9dia em Brumadinho - Jornal Ultimos Acontecimentos\" \/>\n<meta property=\"og:description\" content=\"O Minist\u00e9rio P\u00fablico de Minas Gerais (MPMG) faz uma opera\u00e7\u00e3o, na manh\u00e3 desta sexta-feira (15), em Minas Gerais, S\u00e3o Paulo e Rio de Janeiro. Segundo o G1, 12 mandados de busca e apreens\u00e3o e oito de pris\u00e3o est\u00e3o sendo cumpridos. Os mandados seriam para oito funcion\u00e1rios da Vale. Um deles, Alexandre de Paula Campanha, foi\" \/>\n<meta property=\"og:url\" content=\"https:\/\/juacontecimentos.com.br\/site\/oito-funcionarios-da-vale-sao-alvos-de-mandados-de-prisao-apos-tragedia-em-brumadinho\/\" \/>\n<meta property=\"og:site_name\" content=\"Jornal Ultimos Acontecimentos\" \/>\n<meta property=\"article:publisher\" content=\"https:\/\/www.facebook.com\/jultimosacontecimentos\/\" \/>\n<meta property=\"article:published_time\" content=\"2019-02-15T10:50:58+00:00\" \/>\n<meta property=\"og:image\" content=\"https:\/\/juacontecimentos.com.br\/site\/wp-content\/uploads\/2019\/02\/vale-do-rio-doce-divulgacao-418x235.jpg\" \/>\n\t<meta property=\"og:image:width\" content=\"418\" \/>\n\t<meta property=\"og:image:height\" content=\"235\" \/>\n\t<meta property=\"og:image:type\" content=\"image\/jpeg\" \/>\n<meta name=\"author\" content=\"Reginaldo Ribeiro\" \/>\n<meta name=\"twitter:card\" content=\"summary_large_image\" \/>\n<meta name=\"twitter:label1\" content=\"Escrito por\" \/>\n\t<meta name=\"twitter:data1\" content=\"Reginaldo Ribeiro\" \/>\n\t<meta name=\"twitter:label2\" content=\"Est. tempo de leitura\" \/>\n\t<meta name=\"twitter:data2\" content=\"1 minuto\" \/>\n<script type=\"application\/ld+json\" class=\"yoast-schema-graph\">{\"@context\":\"https:\/\/schema.org\",\"@graph\":[{\"@type\":\"Article\",\"@id\":\"https:\/\/juacontecimentos.com.br\/site\/oito-funcionarios-da-vale-sao-alvos-de-mandados-de-prisao-apos-tragedia-em-brumadinho\/#article\",\"isPartOf\":{\"@id\":\"https:\/\/juacontecimentos.com.br\/site\/oito-funcionarios-da-vale-sao-alvos-de-mandados-de-prisao-apos-tragedia-em-brumadinho\/\"},\"author\":{\"name\":\"Reginaldo Ribeiro\",\"@id\":\"https:\/\/juacontecimentos.com.br\/site\/#\/schema\/person\/082a54e6d3fdd7a633291428521c9669\"},\"headline\":\"Oito funcion\u00e1rios da Vale s\u00e3o alvos de mandados de pris\u00e3o ap\u00f3s trag\u00e9dia em Brumadinho\",\"datePublished\":\"2019-02-15T10:50:58+00:00\",\"mainEntityOfPage\":{\"@id\":\"https:\/\/juacontecimentos.com.br\/site\/oito-funcionarios-da-vale-sao-alvos-de-mandados-de-prisao-apos-tragedia-em-brumadinho\/\"},\"wordCount\":139,\"commentCount\":0,\"publisher\":{\"@id\":\"https:\/\/juacontecimentos.com.br\/site\/#organization\"},\"image\":{\"@id\":\"https:\/\/juacontecimentos.com.br\/site\/oito-funcionarios-da-vale-sao-alvos-de-mandados-de-prisao-apos-tragedia-em-brumadinho\/#primaryimage\"},\"thumbnailUrl\":\"https:\/\/juacontecimentos.com.br\/site\/wp-content\/uploads\/2019\/02\/vale-do-rio-doce-divulgacao-418x235.jpg\",\"articleSection\":[\"Brasil\",\"Catal\u00e3o\",\"Destaque\",\"Goi\u00e1s\"],\"inLanguage\":\"pt-BR\"},{\"@type\":\"WebPage\",\"@id\":\"https:\/\/juacontecimentos.com.br\/site\/oito-funcionarios-da-vale-sao-alvos-de-mandados-de-prisao-apos-tragedia-em-brumadinho\/\",\"url\":\"https:\/\/juacontecimentos.com.br\/site\/oito-funcionarios-da-vale-sao-alvos-de-mandados-de-prisao-apos-tragedia-em-brumadinho\/\",\"name\":\"Oito funcion\u00e1rios da Vale s\u00e3o alvos de mandados de pris\u00e3o ap\u00f3s trag\u00e9dia em Brumadinho - Jornal Ultimos Acontecimentos\",\"isPartOf\":{\"@id\":\"https:\/\/juacontecimentos.com.br\/site\/#website\"},\"primaryImageOfPage\":{\"@id\":\"https:\/\/juacontecimentos.com.br\/site\/oito-funcionarios-da-vale-sao-alvos-de-mandados-de-prisao-apos-tragedia-em-brumadinho\/#primaryimage\"},\"image\":{\"@id\":\"https:\/\/juacontecimentos.com.br\/site\/oito-funcionarios-da-vale-sao-alvos-de-mandados-de-prisao-apos-tragedia-em-brumadinho\/#primaryimage\"},\"thumbnailUrl\":\"https:\/\/juacontecimentos.com.br\/site\/wp-content\/uploads\/2019\/02\/vale-do-rio-doce-divulgacao-418x235.jpg\",\"datePublished\":\"2019-02-15T10:50:58+00:00\",\"breadcrumb\":{\"@id\":\"https:\/\/juacontecimentos.com.br\/site\/oito-funcionarios-da-vale-sao-alvos-de-mandados-de-prisao-apos-tragedia-em-brumadinho\/#breadcrumb\"},\"inLanguage\":\"pt-BR\",\"potentialAction\":[{\"@type\":\"ReadAction\",\"target\":[\"https:\/\/juacontecimentos.com.br\/site\/oito-funcionarios-da-vale-sao-alvos-de-mandados-de-prisao-apos-tragedia-em-brumadinho\/\"]}]},{\"@type\":\"ImageObject\",\"inLanguage\":\"pt-BR\",\"@id\":\"https:\/\/juacontecimentos.com.br\/site\/oito-funcionarios-da-vale-sao-alvos-de-mandados-de-prisao-apos-tragedia-em-brumadinho\/#primaryimage\",\"url\":\"https:\/\/juacontecimentos.com.br\/site\/wp-content\/uploads\/2019\/02\/vale-do-rio-doce-divulgacao-418x235.jpg\",\"contentUrl\":\"https:\/\/juacontecimentos.com.br\/site\/wp-content\/uploads\/2019\/02\/vale-do-rio-doce-divulgacao-418x235.jpg\",\"width\":418,\"height\":235},{\"@type\":\"BreadcrumbList\",\"@id\":\"https:\/\/juacontecimentos.com.br\/site\/oito-funcionarios-da-vale-sao-alvos-de-mandados-de-prisao-apos-tragedia-em-brumadinho\/#breadcrumb\",\"itemListElement\":[{\"@type\":\"ListItem\",\"position\":1,\"name\":\"In\u00edcio\",\"item\":\"https:\/\/juacontecimentos.com.br\/site\/\"},{\"@type\":\"ListItem\",\"position\":2,\"name\":\"Oito funcion\u00e1rios da Vale s\u00e3o alvos de mandados de pris\u00e3o ap\u00f3s trag\u00e9dia em Brumadinho\"}]},{\"@type\":\"WebSite\",\"@id\":\"https:\/\/juacontecimentos.com.br\/site\/#website\",\"url\":\"https:\/\/juacontecimentos.com.br\/site\/\",\"name\":\"Jornal Ultimos Acontecimentos\",\"description\":\"Catal\u00e3o e regi\u00e3o\",\"publisher\":{\"@id\":\"https:\/\/juacontecimentos.com.br\/site\/#organization\"},\"potentialAction\":[{\"@type\":\"SearchAction\",\"target\":{\"@type\":\"EntryPoint\",\"urlTemplate\":\"https:\/\/juacontecimentos.com.br\/site\/?s={search_term_string}\"},\"query-input\":{\"@type\":\"PropertyValueSpecification\",\"valueRequired\":true,\"valueName\":\"search_term_string\"}}],\"inLanguage\":\"pt-BR\"},{\"@type\":\"Organization\",\"@id\":\"https:\/\/juacontecimentos.com.br\/site\/#organization\",\"name\":\"Jornal Ultimos Acontecimentos\",\"url\":\"https:\/\/juacontecimentos.com.br\/site\/\",\"logo\":{\"@type\":\"ImageObject\",\"inLanguage\":\"pt-BR\",\"@id\":\"https:\/\/juacontecimentos.com.br\/site\/#\/schema\/logo\/image\/\",\"url\":\"https:\/\/juacontecimentos.com.br\/site\/wp-content\/uploads\/2023\/04\/Logo_Site.png\",\"contentUrl\":\"https:\/\/juacontecimentos.com.br\/site\/wp-content\/uploads\/2023\/04\/Logo_Site.png\",\"width\":2476,\"height\":530,\"caption\":\"Jornal Ultimos Acontecimentos\"},\"image\":{\"@id\":\"https:\/\/juacontecimentos.com.br\/site\/#\/schema\/logo\/image\/\"},\"sameAs\":[\"https:\/\/www.facebook.com\/jultimosacontecimentos\/\"]},{\"@type\":\"Person\",\"@id\":\"https:\/\/juacontecimentos.com.br\/site\/#\/schema\/person\/082a54e6d3fdd7a633291428521c9669\",\"name\":\"Reginaldo Ribeiro\",\"image\":{\"@type\":\"ImageObject\",\"inLanguage\":\"pt-BR\",\"@id\":\"https:\/\/juacontecimentos.com.br\/site\/#\/schema\/person\/image\/\",\"url\":\"https:\/\/secure.gravatar.com\/avatar\/5c16c6837c3490270a74d888c2a845728f06bdde1f8761de1de1d1d1ef82d12f?s=96&d=mm&r=g\",\"contentUrl\":\"https:\/\/secure.gravatar.com\/avatar\/5c16c6837c3490270a74d888c2a845728f06bdde1f8761de1de1d1d1ef82d12f?s=96&d=mm&r=g\",\"caption\":\"Reginaldo Ribeiro\"}}]}<\/script>\n<!-- \/ Yoast SEO plugin. -->","yoast_head_json":{"title":"Oito funcion\u00e1rios da Vale s\u00e3o alvos de mandados de pris\u00e3o ap\u00f3s trag\u00e9dia em Brumadinho - Jornal Ultimos Acontecimentos","robots":{"index":"index","follow":"follow","max-snippet":"max-snippet:-1","max-image-preview":"max-image-preview:large","max-video-preview":"max-video-preview:-1"},"canonical":"https:\/\/juacontecimentos.com.br\/site\/oito-funcionarios-da-vale-sao-alvos-de-mandados-de-prisao-apos-tragedia-em-brumadinho\/","og_locale":"pt_BR","og_type":"article","og_title":"Oito funcion\u00e1rios da Vale s\u00e3o alvos de mandados de pris\u00e3o ap\u00f3s trag\u00e9dia em Brumadinho - Jornal Ultimos Acontecimentos","og_description":"O Minist\u00e9rio P\u00fablico de Minas Gerais (MPMG) faz uma opera\u00e7\u00e3o, na manh\u00e3 desta sexta-feira (15), em Minas Gerais, S\u00e3o Paulo e Rio de Janeiro. Segundo o G1, 12 mandados de busca e apreens\u00e3o e oito de pris\u00e3o est\u00e3o sendo cumpridos. Os mandados seriam para oito funcion\u00e1rios da Vale. Um deles, Alexandre de Paula Campanha, foi","og_url":"https:\/\/juacontecimentos.com.br\/site\/oito-funcionarios-da-vale-sao-alvos-de-mandados-de-prisao-apos-tragedia-em-brumadinho\/","og_site_name":"Jornal Ultimos Acontecimentos","article_publisher":"https:\/\/www.facebook.com\/jultimosacontecimentos\/","article_published_time":"2019-02-15T10:50:58+00:00","og_image":[{"width":418,"height":235,"url":"https:\/\/juacontecimentos.com.br\/site\/wp-content\/uploads\/2019\/02\/vale-do-rio-doce-divulgacao-418x235.jpg","type":"image\/jpeg"}],"author":"Reginaldo Ribeiro","twitter_card":"summary_large_image","twitter_misc":{"Escrito por":"Reginaldo Ribeiro","Est. tempo de leitura":"1 minuto"},"schema":{"@context":"https:\/\/schema.org","@graph":[{"@type":"Article","@id":"https:\/\/juacontecimentos.com.br\/site\/oito-funcionarios-da-vale-sao-alvos-de-mandados-de-prisao-apos-tragedia-em-brumadinho\/#article","isPartOf":{"@id":"https:\/\/juacontecimentos.com.br\/site\/oito-funcionarios-da-vale-sao-alvos-de-mandados-de-prisao-apos-tragedia-em-brumadinho\/"},"author":{"name":"Reginaldo Ribeiro","@id":"https:\/\/juacontecimentos.com.br\/site\/#\/schema\/person\/082a54e6d3fdd7a633291428521c9669"},"headline":"Oito funcion\u00e1rios da Vale s\u00e3o alvos de mandados de pris\u00e3o ap\u00f3s trag\u00e9dia em Brumadinho","datePublished":"2019-02-15T10:50:58+00:00","mainEntityOfPage":{"@id":"https:\/\/juacontecimentos.com.br\/site\/oito-funcionarios-da-vale-sao-alvos-de-mandados-de-prisao-apos-tragedia-em-brumadinho\/"},"wordCount":139,"commentCount":0,"publisher":{"@id":"https:\/\/juacontecimentos.com.br\/site\/#organization"},"image":{"@id":"https:\/\/juacontecimentos.com.br\/site\/oito-funcionarios-da-vale-sao-alvos-de-mandados-de-prisao-apos-tragedia-em-brumadinho\/#primaryimage"},"thumbnailUrl":"https:\/\/juacontecimentos.com.br\/site\/wp-content\/uploads\/2019\/02\/vale-do-rio-doce-divulgacao-418x235.jpg","articleSection":["Brasil","Catal\u00e3o","Destaque","Goi\u00e1s"],"inLanguage":"pt-BR"},{"@type":"WebPage","@id":"https:\/\/juacontecimentos.com.br\/site\/oito-funcionarios-da-vale-sao-alvos-de-mandados-de-prisao-apos-tragedia-em-brumadinho\/","url":"https:\/\/juacontecimentos.com.br\/site\/oito-funcionarios-da-vale-sao-alvos-de-mandados-de-prisao-apos-tragedia-em-brumadinho\/","name":"Oito funcion\u00e1rios da Vale s\u00e3o alvos de mandados de pris\u00e3o ap\u00f3s trag\u00e9dia em Brumadinho - Jornal Ultimos Acontecimentos","isPartOf":{"@id":"https:\/\/juacontecimentos.com.br\/site\/#website"},"primaryImageOfPage":{"@id":"https:\/\/juacontecimentos.com.br\/site\/oito-funcionarios-da-vale-sao-alvos-de-mandados-de-prisao-apos-tragedia-em-brumadinho\/#primaryimage"},"image":{"@id":"https:\/\/juacontecimentos.com.br\/site\/oito-funcionarios-da-vale-sao-alvos-de-mandados-de-prisao-apos-tragedia-em-brumadinho\/#primaryimage"},"thumbnailUrl":"https:\/\/juacontecimentos.com.br\/site\/wp-content\/uploads\/2019\/02\/vale-do-rio-doce-divulgacao-418x235.jpg","datePublished":"2019-02-15T10:50:58+00:00","breadcrumb":{"@id":"https:\/\/juacontecimentos.com.br\/site\/oito-funcionarios-da-vale-sao-alvos-de-mandados-de-prisao-apos-tragedia-em-brumadinho\/#breadcrumb"},"inLanguage":"pt-BR","potentialAction":[{"@type":"ReadAction","target":["https:\/\/juacontecimentos.com.br\/site\/oito-funcionarios-da-vale-sao-alvos-de-mandados-de-prisao-apos-tragedia-em-brumadinho\/"]}]},{"@type":"ImageObject","inLanguage":"pt-BR","@id":"https:\/\/juacontecimentos.com.br\/site\/oito-funcionarios-da-vale-sao-alvos-de-mandados-de-prisao-apos-tragedia-em-brumadinho\/#primaryimage","url":"https:\/\/juacontecimentos.com.br\/site\/wp-content\/uploads\/2019\/02\/vale-do-rio-doce-divulgacao-418x235.jpg","contentUrl":"https:\/\/juacontecimentos.com.br\/site\/wp-content\/uploads\/2019\/02\/vale-do-rio-doce-divulgacao-418x235.jpg","width":418,"height":235},{"@type":"BreadcrumbList","@id":"https:\/\/juacontecimentos.com.br\/site\/oito-funcionarios-da-vale-sao-alvos-de-mandados-de-prisao-apos-tragedia-em-brumadinho\/#breadcrumb","itemListElement":[{"@type":"ListItem","position":1,"name":"In\u00edcio","item":"https:\/\/juacontecimentos.com.br\/site\/"},{"@type":"ListItem","position":2,"name":"Oito funcion\u00e1rios da Vale s\u00e3o alvos de mandados de pris\u00e3o ap\u00f3s trag\u00e9dia em Brumadinho"}]},{"@type":"WebSite","@id":"https:\/\/juacontecimentos.com.br\/site\/#website","url":"https:\/\/juacontecimentos.com.br\/site\/","name":"Jornal Ultimos Acontecimentos","description":"Catal\u00e3o e regi\u00e3o","publisher":{"@id":"https:\/\/juacontecimentos.com.br\/site\/#organization"},"potentialAction":[{"@type":"SearchAction","target":{"@type":"EntryPoint","urlTemplate":"https:\/\/juacontecimentos.com.br\/site\/?s={search_term_string}"},"query-input":{"@type":"PropertyValueSpecification","valueRequired":true,"valueName":"search_term_string"}}],"inLanguage":"pt-BR"},{"@type":"Organization","@id":"https:\/\/juacontecimentos.com.br\/site\/#organization","name":"Jornal Ultimos Acontecimentos","url":"https:\/\/juacontecimentos.com.br\/site\/","logo":{"@type":"ImageObject","inLanguage":"pt-BR","@id":"https:\/\/juacontecimentos.com.br\/site\/#\/schema\/logo\/image\/","url":"https:\/\/juacontecimentos.com.br\/site\/wp-content\/uploads\/2023\/04\/Logo_Site.png","contentUrl":"https:\/\/juacontecimentos.com.br\/site\/wp-content\/uploads\/2023\/04\/Logo_Site.png","width":2476,"height":530,"caption":"Jornal Ultimos Acontecimentos"},"image":{"@id":"https:\/\/juacontecimentos.com.br\/site\/#\/schema\/logo\/image\/"},"sameAs":["https:\/\/www.facebook.com\/jultimosacontecimentos\/"]},{"@type":"Person","@id":"https:\/\/juacontecimentos.com.br\/site\/#\/schema\/person\/082a54e6d3fdd7a633291428521c9669","name":"Reginaldo Ribeiro","image":{"@type":"ImageObject","inLanguage":"pt-BR","@id":"https:\/\/juacontecimentos.com.br\/site\/#\/schema\/person\/image\/","url":"https:\/\/secure.gravatar.com\/avatar\/5c16c6837c3490270a74d888c2a845728f06bdde1f8761de1de1d1d1ef82d12f?s=96&d=mm&r=g","contentUrl":"https:\/\/secure.gravatar.com\/avatar\/5c16c6837c3490270a74d888c2a845728f06bdde1f8761de1de1d1d1ef82d12f?s=96&d=mm&r=g","caption":"Reginaldo Ribeiro"}}]}},"_links":{"self":[{"href":"https:\/\/juacontecimentos.com.br\/site\/wp-json\/wp\/v2\/posts\/5772","targetHints":{"allow":["GET"]}}],"collection":[{"href":"https:\/\/juacontecimentos.com.br\/site\/wp-json\/wp\/v2\/posts"}],"about":[{"href":"https:\/\/juacontecimentos.com.br\/site\/wp-json\/wp\/v2\/types\/post"}],"author":[{"embeddable":true,"href":"https:\/\/juacontecimentos.com.br\/site\/wp-json\/wp\/v2\/users\/2"}],"replies":[{"embeddable":true,"href":"https:\/\/juacontecimentos.com.br\/site\/wp-json\/wp\/v2\/comments?post=5772"}],"version-history":[{"count":1,"href":"https:\/\/juacontecimentos.com.br\/site\/wp-json\/wp\/v2\/posts\/5772\/revisions"}],"predecessor-version":[{"id":5774,"href":"https:\/\/juacontecimentos.com.br\/site\/wp-json\/wp\/v2\/posts\/5772\/revisions\/5774"}],"wp:featuredmedia":[{"embeddable":true,"href":"https:\/\/juacontecimentos.com.br\/site\/wp-json\/wp\/v2\/media\/5773"}],"wp:attachment":[{"href":"https:\/\/juacontecimentos.com.br\/site\/wp-json\/wp\/v2\/media?parent=5772"}],"wp:term":[{"taxonomy":"category","embeddable":true,"href":"https:\/\/juacontecimentos.com.br\/site\/wp-json\/wp\/v2\/categories?post=5772"},{"taxonomy":"post_tag","embeddable":true,"href":"https:\/\/juacontecimentos.com.br\/site\/wp-json\/wp\/v2\/tags?post=5772"}],"curies":[{"name":"wp","href":"https:\/\/api.w.org\/{rel}","templated":true}]}}