{"id":5806,"date":"2019-02-18T18:51:48","date_gmt":"2019-02-18T21:51:48","guid":{"rendered":"http:\/\/juacontecimentos.com.br\/site\/?p=5806"},"modified":"2019-02-18T18:51:48","modified_gmt":"2019-02-18T21:51:48","slug":"governo-anuncia-exoneracao-de-gustavo-bebianno","status":"publish","type":"post","link":"https:\/\/juacontecimentos.com.br\/site\/governo-anuncia-exoneracao-de-gustavo-bebianno\/","title":{"rendered":"Governo anuncia exonera\u00e7\u00e3o de Gustavo Bebianno"},"content":{"rendered":"<h2 class=\"article-subtitle\">Demiss\u00e3o do ministro foi comunicada pelo porta-voz da presid\u00eancia da Rep\u00fablica, general Ot\u00e1vio R\u00eago Barros, que alegou &#8216;foro \u00edntimo&#8217; como motivo<\/h2>\n\n<div class=\"container\">\n<i class=\"material-icons\">menu<\/i>\n<div class=\"sign\"><a class=\"btn-sign\" href=\"https:\/\/www.assine.abril.com.br\/portal\/assinar\/revista-veja?origem=sr_ve_topo&amp;utm_source=sites&amp;utm_medium=sr&amp;utm_campaign=sr_ve_topo_politica_mobile\" target=\"_blank\">Assine<\/a><\/div>\n<form id=\"cse-search-box\" class=\"search\" action=\"https:\/\/google.com\/cse\"><i class=\"material-icons\">search<\/i><\/form>\n<\/div>\n\n<div class=\"widget-superbanner absolute-superbanner\">\n<div class=\"ad-top-offset\"><\/div>\n<div class=\"ad-top\">\n<div>\n<div><iframe width=\"728\" height=\"90\" frameborder=\"0\"><\/iframe><\/div>\n<\/div>\n<\/div>\n<\/div>\n<div class=\"container main-container \">\n<div class=\"row\">\n<div class=\"col-md-8 p402_premium\">\n\n\n<div class=\"article-category\"><a href=\"https:\/\/veja.abril.com.br\/politica\">Pol\u00edtica<\/a><\/div>\n<h1 class=\"article-title\">Governo anuncia exonera\u00e7\u00e3o de Gustavo Bebianno<\/h1>\n<h2 class=\"article-subtitle\">Demiss\u00e3o do ministro foi comunicada pelo porta-voz da presid\u00eancia da Rep\u00fablica, general Ot\u00e1vio R\u00eago Barros, que alegou &#8216;foro \u00edntimo&#8217; como motivo<\/h2>\n<div class=\"article-author\">Por\u00a0Da Reda\u00e7\u00e3o<\/div>\n<div class=\"article-date\"><i class=\"material-icons\">access_time<\/i>18 fev 2019, 18h34 &#8211; Publicado em 18 fev 2019, 18h26<\/div>\n\n<i class=\"icon-whatsapp\"><\/i><i class=\"icon-envelope-o\"><\/i><i class=\"icon-facebook\"><\/i><i class=\"icon-twitter\"><\/i><i class=\"material-icons\">more_horiz<\/i>\n\n<div class=\"featured-image\">\n<div class=\"image\"><img decoding=\"async\" class=\"abril-image optimized lazyloaded\" title=\"Gustavo Bebianno\" src=\"https:\/\/abrilveja.files.wordpress.com\/2019\/02\/brasil-politica-gustavo-bebianno-20181121-005.jpg\" srcset=\"https:\/\/abrilveja.files.wordpress.com\/2019\/02\/brasil-politica-gustavo-bebianno-20181121-005.jpg?quality=70&amp;strip=all&amp;resize=680,453 680w, https:\/\/abrilveja.files.wordpress.com\/2019\/02\/brasil-politica-gustavo-bebianno-20181121-005.jpg?quality=70&amp;strip=all&amp;resize=420,280 420w, https:\/\/abrilveja.files.wordpress.com\/2019\/02\/brasil-politica-gustavo-bebianno-20181121-005.jpg?quality=70&amp;strip=all&amp;resize=360,240 360w, \" alt=\"\" \/><\/div>\n<p class=\"caption\">O ministro-chefe da Secretaria-Geral da Presid\u00eancia da Rep\u00fablica, Gustavo Bebianno\u00a0(Jos\u00e9 Cruz\/Ag\u00eancia Brasil)<\/p>\n<\/div>\n<p>Ap\u00f3s cinco dias desgaste p\u00fablico com o presidente\u00a0<a href=\"https:\/\/veja.abril.com.br\/noticias-sobre\/jair-bolsonaro\/\" target=\"_blank\"><strong>Jair Bolsonaro<\/strong><\/a>\u00a0(PSL),<b>\u00a0Gustavo Bebianno\u00a0<\/b>foi exonerado do cargo de ministro-chefe da\u00a0Secretaria-Geral da Presid\u00eancia. A decis\u00e3o, que representa a primeira queda de um membro do alto escal\u00e3o do atual governo,\u00a0foi anunciada pelo porta-voz do Pal\u00e1cio do Planalto, Ot\u00e1vio R\u00eago Barros. Segundo o porta-voz, a demiss\u00e3o se deu por raz\u00e3o de \u201cforo \u00edntimo\u201d do presidente.<\/p>\n<p>\u201cO excelent\u00edssimo senhor presidente da Rep\u00fablica, Jair Messias Bolsonaro, decidiu exonerar nessa data do cargo de ministro da Secretaria-Geral da Presid\u00eancia da Rep\u00fablica o senhor Gustavo Bebianno Rocha. O senhor presidente da Rep\u00fablica agradece sua dedica\u00e7\u00e3o \u00e0 frente da pasta e deseja sucesso na nova caminhada\u201d, afirmou R\u00eago Barros.<\/p>\n<div class=\"widget-superbanner absolute-superbanner\">\n<div class=\"ad-top\">\n<div>\n<div><iframe width=\"728\" height=\"90\" frameborder=\"0\"><\/iframe><\/div>\n<\/div>\n<\/div>\n<\/div>\n<div class=\"container main-container \">\n<div class=\"row\">\n<div class=\"col-md-8 p402_premium\">\n\n\n<div class=\"article-category\"><a href=\"https:\/\/veja.abril.com.br\/politica\">Pol\u00edtica<\/a><\/div>\n<h1 class=\"article-title\">Governo anuncia exonera\u00e7\u00e3o de Gustavo Bebianno<\/h1>\n<h2 class=\"article-subtitle\">Demiss\u00e3o do ministro foi comunicada pelo porta-voz da presid\u00eancia da Rep\u00fablica, general Ot\u00e1vio R\u00eago Barros, que alegou &#8216;foro \u00edntimo&#8217; como motivo<\/h2>\n<div class=\"article-author\">Por\u00a0Da Reda\u00e7\u00e3o<\/div>\n<div class=\"article-date\"><i class=\"material-icons\">access_time<\/i>18 fev 2019, 18h34 &#8211; Publicado em 18 fev 2019, 18h26<\/div>\n\n<i class=\"icon-whatsapp\"><\/i><i class=\"icon-envelope-o\"><\/i><i class=\"icon-facebook\"><\/i><i class=\"icon-twitter\"><\/i><i class=\"material-icons\">more_horiz<\/i>\n\n<div class=\"featured-image\">\n<div class=\"image\"><img decoding=\"async\" class=\"abril-image optimized lazyloaded\" title=\"Gustavo Bebianno\" src=\"https:\/\/abrilveja.files.wordpress.com\/2019\/02\/brasil-politica-gustavo-bebianno-20181121-005.jpg\" srcset=\"https:\/\/abrilveja.files.wordpress.com\/2019\/02\/brasil-politica-gustavo-bebianno-20181121-005.jpg?quality=70&amp;strip=all&amp;resize=680,453 680w, https:\/\/abrilveja.files.wordpress.com\/2019\/02\/brasil-politica-gustavo-bebianno-20181121-005.jpg?quality=70&amp;strip=all&amp;resize=420,280 420w, https:\/\/abrilveja.files.wordpress.com\/2019\/02\/brasil-politica-gustavo-bebianno-20181121-005.jpg?quality=70&amp;strip=all&amp;resize=360,240 360w, \" alt=\"\" \/><\/div>\n<p class=\"caption\">O ministro-chefe da Secretaria-Geral da Presid\u00eancia da Rep\u00fablica, Gustavo Bebianno\u00a0(Jos\u00e9 Cruz\/Ag\u00eancia Brasil)<\/p>\n<\/div>\n<p>Ap\u00f3s cinco dias desgaste p\u00fablico com o presidente\u00a0<a href=\"https:\/\/veja.abril.com.br\/noticias-sobre\/jair-bolsonaro\/\" target=\"_blank\"><strong>Jair Bolsonaro<\/strong><\/a>\u00a0(PSL),<b>\u00a0Gustavo Bebianno\u00a0<\/b>foi exonerado do cargo de ministro-chefe da\u00a0Secretaria-Geral da Presid\u00eancia. A decis\u00e3o, que representa a primeira queda de um membro do alto escal\u00e3o do atual governo,\u00a0foi anunciada pelo porta-voz do Pal\u00e1cio do Planalto, Ot\u00e1vio R\u00eago Barros. Segundo o porta-voz, a demiss\u00e3o se deu por raz\u00e3o de \u201cforo \u00edntimo\u201d do presidente.<\/p>\n<p>\u201cO excelent\u00edssimo senhor presidente da Rep\u00fablica, Jair Messias Bolsonaro, decidiu exonerar nessa data do cargo de ministro da Secretaria-Geral da Presid\u00eancia da Rep\u00fablica o senhor Gustavo Bebianno Rocha. O senhor presidente da Rep\u00fablica agradece sua dedica\u00e7\u00e3o \u00e0 frente da pasta e deseja sucesso na nova caminhada\u201d, afirmou R\u00eago Barros.<iframe class=\"teads-resize\"><\/iframe><\/p>\n<div class=\"teads-inread xs-screen teads-display-format\">\n<div>\n<div class=\"teads-ui-components-adchoices\"><\/div>\n<div class=\"teads-ui-components-label\">PUBLICIDADE<\/div>\n<div class=\"teads-display-absolute\">\n<div class=\"teads-display-fixed\"><\/div>\n<\/div>\n<div class=\"teads-player\"><iframe frameborder=\"0\"><\/iframe><\/div>\n<\/div>\n<\/div>\n<p>Com um m\u00eas e meio de mandato, Bolsonaro afasta aquele que foi um de seus principais articuladores no caminho que o levou at\u00e9 o Planalto. Bebianno foi envolvido nas suspeitas de distribui\u00e7\u00e3o de dinheiro p\u00fablico para \u201ccandidaturas laranjas\u201d do\u00a0<a href=\"https:\/\/veja.abril.com.br\/noticias-sobre\/psl\/\" target=\"_blank\">PSL<\/a>.<\/p>\n<p>O processo de fritura do agora ex-ministro come\u00e7ou na quarta-feira, 13, quando o vereador Carlos Bolsonaro, filho do presidente, afirmou que Bebianno era mentiroso por dizer ter conversado \u201ctr\u00eas vezes\u201d com Bolsonaro enquanto ele estava internado no hospital Albert Einstein para se recuperar da cirurgia de revers\u00e3o da colostomia. A mensagem de Carlos foi endossada pelo pai.<\/p>\n<div class=\"widget-superbanner absolute-superbanner\">\n<div class=\"ad-top\">\n<div>\n<div><iframe width=\"728\" height=\"90\" frameborder=\"0\"><\/iframe><\/div>\n<\/div>\n<\/div>\n<\/div>\n<div class=\"container main-container \">\n<div class=\"row\">\n<div class=\"col-md-8 p402_premium\">\n\n\n<div class=\"article-category\"><a href=\"https:\/\/veja.abril.com.br\/politica\">Pol\u00edtica<\/a><\/div>\n<h1 class=\"article-title\">Governo anuncia exonera\u00e7\u00e3o de Gustavo Bebianno<\/h1>\n<h2 class=\"article-subtitle\">Demiss\u00e3o do ministro foi comunicada pelo porta-voz da presid\u00eancia da Rep\u00fablica, general Ot\u00e1vio R\u00eago Barros, que alegou &#8216;foro \u00edntimo&#8217; como motivo<\/h2>\n<div class=\"article-author\">Por\u00a0Da Reda\u00e7\u00e3o<\/div>\n<div class=\"article-date\"><i class=\"material-icons\">access_time<\/i>18 fev 2019, 18h34 &#8211; Publicado em 18 fev 2019, 18h26<\/div>\n\n<i class=\"icon-whatsapp\"><\/i><i class=\"icon-envelope-o\"><\/i><i class=\"icon-facebook\"><\/i><i class=\"icon-twitter\"><\/i><i class=\"material-icons\">more_horiz<\/i>\n\n<div class=\"featured-image\">\n<div class=\"image\"><img decoding=\"async\" class=\"abril-image optimized lazyloaded\" title=\"Gustavo Bebianno\" src=\"https:\/\/abrilveja.files.wordpress.com\/2019\/02\/brasil-politica-gustavo-bebianno-20181121-005.jpg\" srcset=\"https:\/\/abrilveja.files.wordpress.com\/2019\/02\/brasil-politica-gustavo-bebianno-20181121-005.jpg?quality=70&amp;strip=all&amp;resize=680,453 680w, https:\/\/abrilveja.files.wordpress.com\/2019\/02\/brasil-politica-gustavo-bebianno-20181121-005.jpg?quality=70&amp;strip=all&amp;resize=420,280 420w, https:\/\/abrilveja.files.wordpress.com\/2019\/02\/brasil-politica-gustavo-bebianno-20181121-005.jpg?quality=70&amp;strip=all&amp;resize=360,240 360w, \" alt=\"\" \/><\/div>\n<p class=\"caption\">O ministro-chefe da Secretaria-Geral da Presid\u00eancia da Rep\u00fablica, Gustavo Bebianno\u00a0(Jos\u00e9 Cruz\/Ag\u00eancia Brasil)<\/p>\n<\/div>\n<p>Ap\u00f3s cinco dias desgaste p\u00fablico com o presidente\u00a0<a href=\"https:\/\/veja.abril.com.br\/noticias-sobre\/jair-bolsonaro\/\" target=\"_blank\"><strong>Jair Bolsonaro<\/strong><\/a>\u00a0(PSL),<b>\u00a0Gustavo Bebianno\u00a0<\/b>foi exonerado do cargo de ministro-chefe da\u00a0Secretaria-Geral da Presid\u00eancia. A decis\u00e3o, que representa a primeira queda de um membro do alto escal\u00e3o do atual governo,\u00a0foi anunciada pelo porta-voz do Pal\u00e1cio do Planalto, Ot\u00e1vio R\u00eago Barros. Segundo o porta-voz, a demiss\u00e3o se deu por raz\u00e3o de \u201cforo \u00edntimo\u201d do presidente.<\/p>\n<p>\u201cO excelent\u00edssimo senhor presidente da Rep\u00fablica, Jair Messias Bolsonaro, decidiu exonerar nessa data do cargo de ministro da Secretaria-Geral da Presid\u00eancia da Rep\u00fablica o senhor Gustavo Bebianno Rocha. O senhor presidente da Rep\u00fablica agradece sua dedica\u00e7\u00e3o \u00e0 frente da pasta e deseja sucesso na nova caminhada\u201d, afirmou R\u00eago Barros.<iframe class=\"teads-resize\"><\/iframe><\/p>\n<div class=\"teads-inread xs-screen teads-display-format\">\n<div>\n<div class=\"teads-ui-components-adchoices\"><\/div>\n<div class=\"teads-ui-components-label\">PUBLICIDADE<\/div>\n<div class=\"teads-display-absolute\">\n<div class=\"teads-display-fixed\"><\/div>\n<\/div>\n<div class=\"teads-player\"><iframe frameborder=\"0\"><\/iframe><\/div>\n<\/div>\n<\/div>\n<p>Com um m\u00eas e meio de mandato, Bolsonaro afasta aquele que foi um de seus principais articuladores no caminho que o levou at\u00e9 o Planalto. Bebianno foi envolvido nas suspeitas de distribui\u00e7\u00e3o de dinheiro p\u00fablico para \u201ccandidaturas laranjas\u201d do\u00a0<a href=\"https:\/\/veja.abril.com.br\/noticias-sobre\/psl\/\" target=\"_blank\">PSL<\/a>.<\/p>\n<p>O processo de fritura do agora ex-ministro come\u00e7ou na quarta-feira, 13, quando o vereador Carlos Bolsonaro, filho do presidente, afirmou que Bebianno era mentiroso por dizer ter conversado \u201ctr\u00eas vezes\u201d com Bolsonaro enquanto ele estava internado no hospital Albert Einstein para se recuperar da cirurgia de revers\u00e3o da colostomia. A mensagem de Carlos foi endossada pelo pai.<\/p>\n<div class=\"ad-content\">\n<div class=\"appear\">\n<div><iframe width=\"300\" height=\"250\" frameborder=\"0\"><\/iframe><\/div>\n<\/div>\n<\/div>\n<div class=\"widget-news widget-box no-margin no-border\"><span class=\"widget-news-title content-box-title\">Veja tamb\u00e9m<\/span><\/p>\n<ul class=\"widget-news-list\">\n<li class=\"widget-news-item with-border\"><a class=\"widget-news-thumb mini\" href=\"https:\/\/veja.abril.com.br\/politica\/eduardo-bolsonaro-defende-o-irmao-na-briga-com-bebianno\/\"><img decoding=\"async\" class=\"attachment-widget-thumb size-widget-thumb\" title=\"Eduardo Bolsonaro\" src=\"https:\/\/abrilveja.files.wordpress.com\/2018\/12\/brasil-governo-transicao-eduardo-bolsonaro-20181212-001-copy.jpg?quality=70&amp;strip=info&amp;w=165&amp;h=110&amp;crop=1\" srcset=\"https:\/\/abrilveja.files.wordpress.com\/2018\/12\/brasil-governo-transicao-eduardo-bolsonaro-20181212-001-copy.jpg?quality=70&amp;strip=info&amp;w=165&amp;h=110&amp;crop=1 165w, https:\/\/abrilveja.files.wordpress.com\/2018\/12\/brasil-governo-transicao-eduardo-bolsonaro-20181212-001-copy.jpg?quality=70&amp;strip=info&amp;w=330&amp;h=220&amp;crop=1 330w, https:\/\/abrilveja.files.wordpress.com\/2018\/12\/brasil-governo-transicao-eduardo-bolsonaro-20181212-001-copy.jpg?quality=70&amp;strip=info&amp;w=150&amp;h=100&amp;crop=1 150w, https:\/\/abrilveja.files.wordpress.com\/2018\/12\/brasil-governo-transicao-eduardo-bolsonaro-20181212-001-copy.jpg?quality=70&amp;strip=info&amp;w=300&amp;h=200&amp;crop=1 300w\" alt=\"\" \/><\/a>\n<div class=\"widget-news-info\"><a class=\"widget-news-item-category color-theme\" href=\"https:\/\/veja.abril.com.br\/politica\">Pol\u00edtica<\/a><span class=\"widget-news-item-title\"><a class=\"\" href=\"https:\/\/veja.abril.com.br\/politica\/eduardo-bolsonaro-defende-o-irmao-na-briga-com-bebianno\/\">Eduardo Bolsonaro defende o irm\u00e3o na briga com Bebianno<\/a><\/span><span class=\"widget-news-item-date-container\"><i class=\"material-icons\">query_builder<\/i><span class=\"widget-news-item-date\">16 fev 2019 &#8211; 22h02<\/span><\/span><\/div>\n<\/li>\n<li class=\"widget-news-item with-border\"><a class=\"widget-news-thumb mini\" href=\"https:\/\/veja.abril.com.br\/politica\/bebianno-questiona-tratamento-diferenciado-para-ministro-do-turismo\/\"><img decoding=\"async\" class=\"attachment-widget-thumb size-widget-thumb\" title=\"Gustavo Bebianno\" src=\"https:\/\/abrilveja.files.wordpress.com\/2018\/10\/brasil-gustavo-bebianno-20181030-001.jpeg?quality=70&amp;strip=info&amp;w=165&amp;h=110&amp;crop=1\" srcset=\"https:\/\/abrilveja.files.wordpress.com\/2018\/10\/brasil-gustavo-bebianno-20181030-001.jpeg?quality=70&amp;strip=info&amp;w=165&amp;h=110&amp;crop=1 165w, https:\/\/abrilveja.files.wordpress.com\/2018\/10\/brasil-gustavo-bebianno-20181030-001.jpeg?quality=70&amp;strip=info&amp;w=330&amp;h=220&amp;crop=1 330w, https:\/\/abrilveja.files.wordpress.com\/2018\/10\/brasil-gustavo-bebianno-20181030-001.jpeg?quality=70&amp;strip=info&amp;w=150&amp;h=100&amp;crop=1 150w, https:\/\/abrilveja.files.wordpress.com\/2018\/10\/brasil-gustavo-bebianno-20181030-001.jpeg?quality=70&amp;strip=info&amp;w=300&amp;h=200&amp;crop=1 300w\" alt=\"\" \/><\/a>\n<div class=\"widget-news-info\"><a class=\"widget-news-item-category color-theme\" href=\"https:\/\/veja.abril.com.br\/politica\">Pol\u00edtica<\/a><span class=\"widget-news-item-title\"><a class=\"\" href=\"https:\/\/veja.abril.com.br\/politica\/bebianno-questiona-tratamento-diferenciado-para-ministro-do-turismo\/\">Bebianno questiona tratamento diferenciado para ministro do Turismo<\/a><\/span><span class=\"widget-news-item-date-container\"><i class=\"material-icons\">query_builder<\/i><span class=\"widget-news-item-date\">16 fev 2019 &#8211; 14h02<\/span><\/span><\/div>\n<\/li>\n<li class=\"widget-news-item with-border\"><a class=\"widget-news-thumb mini\" href=\"https:\/\/veja.abril.com.br\/politica\/bivar-isenta-bebianno-sobre-candidatas-laranjas-decisao-de-pernambuco\/\"><img decoding=\"async\" class=\"attachment-widget-thumb size-widget-thumb\" title=\"Luciano Bivar\" src=\"https:\/\/abrilveja.files.wordpress.com\/2018\/11\/luciano-bivar-2018-0532-jpeg.jpg?quality=70&amp;strip=info&amp;w=165&amp;h=110&amp;crop=1\" srcset=\"https:\/\/abrilveja.files.wordpress.com\/2018\/11\/luciano-bivar-2018-0532-jpeg.jpg?quality=70&amp;strip=info&amp;w=165&amp;h=110&amp;crop=1 165w, https:\/\/abrilveja.files.wordpress.com\/2018\/11\/luciano-bivar-2018-0532-jpeg.jpg?quality=70&amp;strip=info&amp;w=330&amp;h=220&amp;crop=1 330w, https:\/\/abrilveja.files.wordpress.com\/2018\/11\/luciano-bivar-2018-0532-jpeg.jpg?quality=70&amp;strip=info&amp;w=150&amp;h=100&amp;crop=1 150w, https:\/\/abrilveja.files.wordpress.com\/2018\/11\/luciano-bivar-2018-0532-jpeg.jpg?quality=70&amp;strip=info&amp;w=300&amp;h=200&amp;crop=1 300w\" alt=\"\" \/><\/a>\n<div class=\"widget-news-info\"><a class=\"widget-news-item-category color-theme\" href=\"https:\/\/veja.abril.com.br\/politica\">Pol\u00edtica<\/a><span class=\"widget-news-item-title\"><a class=\"\" href=\"https:\/\/veja.abril.com.br\/politica\/bivar-isenta-bebianno-sobre-candidatas-laranjas-decisao-de-pernambuco\/\">Bivar isenta Bebianno sobre candidatas \u2018laranjas\u2019: \u2018Decis\u00e3o de Pernambuco\u2019<\/a><\/span><span class=\"widget-news-item-date-container\"><i class=\"material-icons\">query_builder<\/i><span class=\"widget-news-item-date\">15 fev 2019 &#8211; 16h02<\/span><\/span><\/div>\n<\/li>\n<li class=\"widget-news-item\">\n<div class=\"\"><a class=\"widget-news-thumb mini\" href=\"https:\/\/adclick.g.doubleclick.net\/pcs\/click%253Fxai%253DAKAOjssp-s-xWxMMAJNqxdNTTzdQCUIyueBhr5kCbJJcBneWNukkHx9XnbCTmutdVcs92IyOk0ne_MnohQMDmqtWEya2B7qYx35Z_XUYuxQL34ijsBUmQfrFA1rgllwc2oxOtmP9cBE5lkL5qj48bGVDFMVyxPfyuUN-AmLNh6Ex3z0j1Tbs0nHUWbiY9s1q4nNGxuAnwNE81MmNuvExJzsn47L5VWPurVJLa3dXjRx5eRs0znNbXXLS4khTS74%2526sai%253DAMfl-YRiBYBfnm2F92Rm_sLkFnToNoSjaCsowD9FX4imDyBPDDVmWCDRSlx0gziJ29Ss9AgOmiqnepaAdzTyhLTDFs_ufvsj0uzajl4hg3Hd6BE8lDKOWjsMyNi6s855%2526sig%253DCg0ArKJSzGdTANZjZTZMEAE%2526urlfix%253D1%2526adurl%253Dhttps:\/\/www.goread.com.br\/?utm_source=sites&amp;utm_medium=publi&amp;utm_campaign=publi&amp;utm_content=2019?utm_content=conteudo&amp;utm_campaign=conteudos-goread&amp;utm_medium=native-list&amp;utm_source=veja_politica_ads\"><img decoding=\"async\" class=\"widget-news-thumb\" title=\"\" src=\"https:\/\/tpc.googlesyndication.com\/pagead\/imgad?id=CICAgKC7sZ2EZBABGAEyCIB4g5oljM5w\" alt=\"\" \/><\/a><\/p>\n<div class=\"widget-news-info\"><a class=\"widget-news-item-category color-theme\" href=\"https:\/\/adclick.g.doubleclick.net\/pcs\/click%253Fxai%253DAKAOjssp-s-xWxMMAJNqxdNTTzdQCUIyueBhr5kCbJJcBneWNukkHx9XnbCTmutdVcs92IyOk0ne_MnohQMDmqtWEya2B7qYx35Z_XUYuxQL34ijsBUmQfrFA1rgllwc2oxOtmP9cBE5lkL5qj48bGVDFMVyxPfyuUN-AmLNh6Ex3z0j1Tbs0nHUWbiY9s1q4nNGxuAnwNE81MmNuvExJzsn47L5VWPurVJLa3dXjRx5eRs0znNbXXLS4khTS74%2526sai%253DAMfl-YRiBYBfnm2F92Rm_sLkFnToNoSjaCsowD9FX4imDyBPDDVmWCDRSlx0gziJ29Ss9AgOmiqnepaAdzTyhLTDFs_ufvsj0uzajl4hg3Hd6BE8lDKOWjsMyNi6s855%2526sig%253DCg0ArKJSzGdTANZjZTZMEAE%2526urlfix%253D1%2526adurl%253Dhttps:\/\/www.goread.com.br\/?utm_source=sites&amp;utm_medium=publi&amp;utm_campaign=publi&amp;utm_content=2019?utm_content=conteudo&amp;utm_campaign=conteudos-goread&amp;utm_medium=native-list&amp;utm_source=veja_politica_ads\">APRESENTADO POR GoRead<\/a><span class=\"widget-news-item-title\"><a href=\"https:\/\/adclick.g.doubleclick.net\/pcs\/click%253Fxai%253DAKAOjssp-s-xWxMMAJNqxdNTTzdQCUIyueBhr5kCbJJcBneWNukkHx9XnbCTmutdVcs92IyOk0ne_MnohQMDmqtWEya2B7qYx35Z_XUYuxQL34ijsBUmQfrFA1rgllwc2oxOtmP9cBE5lkL5qj48bGVDFMVyxPfyuUN-AmLNh6Ex3z0j1Tbs0nHUWbiY9s1q4nNGxuAnwNE81MmNuvExJzsn47L5VWPurVJLa3dXjRx5eRs0znNbXXLS4khTS74%2526sai%253DAMfl-YRiBYBfnm2F92Rm_sLkFnToNoSjaCsowD9FX4imDyBPDDVmWCDRSlx0gziJ29Ss9AgOmiqnepaAdzTyhLTDFs_ufvsj0uzajl4hg3Hd6BE8lDKOWjsMyNi6s855%2526sig%253DCg0ArKJSzGdTANZjZTZMEAE%2526urlfix%253D1%2526adurl%253Dhttps:\/\/www.goread.com.br\/?utm_source=sites&amp;utm_medium=publi&amp;utm_campaign=publi&amp;utm_content=2019?utm_content=conteudo&amp;utm_campaign=conteudos-goread&amp;utm_medium=native-list&amp;utm_source=veja_politica_ads\">Mais de 200 revistas digitais em um \u00fanico aplicativo. 1 \u00ba m\u00eas gr\u00e1tis<\/a><\/span><\/div>\n<\/div>\n<\/li>\n<\/ul>\n<\/div>\n<p>Em 4 de fevereiro, o jornal\u00a0<i>Folha de S. Paulo<\/i>\u00a0publicou a primeira de uma s\u00e9rie de den\u00fancias sobre \u201ccandidaturas laranjas\u201d ligadas ao PSL para desviar recursos nas elei\u00e7\u00f5es de 2018.<\/p>\n<p>Foram encontrados casos suspeitos em\u00a0<a href=\"https:\/\/veja.abril.com.br\/politica\/ministro-do-turismo-desviou-verbas-com-candidaturas-laranjas-diz-jornal\/\" target=\"_blank\">Minas Gerais<\/a>\u00a0e\u00a0<a href=\"https:\/\/veja.abril.com.br\/blog\/radar\/candidata-laranja-financiada-pelo-psl-era-assessora-de-bivar\/\" target=\"_blank\">Pernambuco\u00a0<\/a>, nos quais candidaturas para cargos no Legislativo (no caso, deputado estadual e federal) receberam altas verbas do fundo partid\u00e1rio e, no entanto, terminaram as elei\u00e7\u00f5es com vota\u00e7\u00f5es inexpressivas (uma m\u00e9dia pr\u00f3xima de 200 votos), al\u00e9m da falta de ind\u00edcios de que realmente realizaram campanhas. Mais do que isso: parte do dinheiro foi destinado a empresas de pessoas ligadas ao pr\u00f3prio partido, como gr\u00e1ficas ou assessorias de comunica\u00e7\u00e3o.<\/p>\n\n\n<\/div>\n<\/div>\n<\/div>\n\n\n<\/div>\n<\/div>\n<\/div>\n\n\n<\/div>\n<\/div>\n<\/div>\n<p><\/p>\n","protected":false},"excerpt":{"rendered":"<p>Demiss\u00e3o do ministro foi comunicada pelo porta-voz da presid\u00eancia da Rep\u00fablica, general Ot\u00e1vio R\u00eago Barros, que alegou &#8216;foro \u00edntimo&#8217; como motivo menu Assine search Pol\u00edtica Governo anuncia exonera\u00e7\u00e3o de Gustavo Bebianno Demiss\u00e3o do ministro foi comunicada pelo porta-voz da presid\u00eancia da Rep\u00fablica, general Ot\u00e1vio R\u00eago Barros, que alegou &#8216;foro \u00edntimo&#8217; como motivo Por\u00a0Da Reda\u00e7\u00e3o access_time18<\/p>\n","protected":false},"author":2,"featured_media":5807,"comment_status":"open","ping_status":"open","sticky":false,"template":"","format":"standard","meta":{"footnotes":""},"categories":[27,22,26,23],"tags":[],"class_list":["post-5806","post","type-post","status-publish","format-standard","has-post-thumbnail","hentry","category-brasil","category-catalao","category-destaque","category-goias"],"yoast_head":"<!-- This site is optimized with the Yoast SEO plugin v25.8 - https:\/\/yoast.com\/wordpress\/plugins\/seo\/ -->\n<title>Governo anuncia exonera\u00e7\u00e3o de Gustavo Bebianno - Jornal Ultimos Acontecimentos<\/title>\n<meta name=\"robots\" content=\"index, follow, max-snippet:-1, max-image-preview:large, max-video-preview:-1\" \/>\n<link rel=\"canonical\" href=\"https:\/\/juacontecimentos.com.br\/site\/governo-anuncia-exoneracao-de-gustavo-bebianno\/\" \/>\n<meta property=\"og:locale\" content=\"pt_BR\" \/>\n<meta property=\"og:type\" content=\"article\" \/>\n<meta property=\"og:title\" content=\"Governo anuncia exonera\u00e7\u00e3o de Gustavo Bebianno - Jornal Ultimos Acontecimentos\" \/>\n<meta property=\"og:description\" content=\"Demiss\u00e3o do ministro foi comunicada pelo porta-voz da presid\u00eancia da Rep\u00fablica, general Ot\u00e1vio R\u00eago Barros, que alegou &#8216;foro \u00edntimo&#8217; como motivo menu Assine search Pol\u00edtica Governo anuncia exonera\u00e7\u00e3o de Gustavo Bebianno Demiss\u00e3o do ministro foi comunicada pelo porta-voz da presid\u00eancia da Rep\u00fablica, general Ot\u00e1vio R\u00eago Barros, que alegou &#8216;foro \u00edntimo&#8217; como motivo Por\u00a0Da Reda\u00e7\u00e3o access_time18\" \/>\n<meta property=\"og:url\" content=\"https:\/\/juacontecimentos.com.br\/site\/governo-anuncia-exoneracao-de-gustavo-bebianno\/\" \/>\n<meta property=\"og:site_name\" content=\"Jornal Ultimos Acontecimentos\" \/>\n<meta property=\"article:publisher\" content=\"https:\/\/www.facebook.com\/jultimosacontecimentos\/\" \/>\n<meta property=\"article:published_time\" content=\"2019-02-18T21:51:48+00:00\" \/>\n<meta property=\"og:image\" content=\"https:\/\/juacontecimentos.com.br\/site\/wp-content\/uploads\/2019\/02\/images-1-2.jpeg\" \/>\n\t<meta property=\"og:image:width\" content=\"693\" \/>\n\t<meta property=\"og:image:height\" content=\"442\" \/>\n\t<meta property=\"og:image:type\" content=\"image\/jpeg\" \/>\n<meta name=\"author\" content=\"Reginaldo Ribeiro\" \/>\n<meta name=\"twitter:card\" content=\"summary_large_image\" \/>\n<meta name=\"twitter:label1\" content=\"Escrito por\" \/>\n\t<meta name=\"twitter:data1\" content=\"Reginaldo Ribeiro\" \/>\n\t<meta name=\"twitter:label2\" content=\"Est. tempo de leitura\" \/>\n\t<meta name=\"twitter:data2\" content=\"5 minutos\" \/>\n<script type=\"application\/ld+json\" class=\"yoast-schema-graph\">{\"@context\":\"https:\/\/schema.org\",\"@graph\":[{\"@type\":\"Article\",\"@id\":\"https:\/\/juacontecimentos.com.br\/site\/governo-anuncia-exoneracao-de-gustavo-bebianno\/#article\",\"isPartOf\":{\"@id\":\"https:\/\/juacontecimentos.com.br\/site\/governo-anuncia-exoneracao-de-gustavo-bebianno\/\"},\"author\":{\"name\":\"Reginaldo Ribeiro\",\"@id\":\"https:\/\/juacontecimentos.com.br\/site\/#\/schema\/person\/082a54e6d3fdd7a633291428521c9669\"},\"headline\":\"Governo anuncia exonera\u00e7\u00e3o de Gustavo Bebianno\",\"datePublished\":\"2019-02-18T21:51:48+00:00\",\"mainEntityOfPage\":{\"@id\":\"https:\/\/juacontecimentos.com.br\/site\/governo-anuncia-exoneracao-de-gustavo-bebianno\/\"},\"wordCount\":1014,\"commentCount\":0,\"publisher\":{\"@id\":\"https:\/\/juacontecimentos.com.br\/site\/#organization\"},\"image\":{\"@id\":\"https:\/\/juacontecimentos.com.br\/site\/governo-anuncia-exoneracao-de-gustavo-bebianno\/#primaryimage\"},\"thumbnailUrl\":\"https:\/\/juacontecimentos.com.br\/site\/wp-content\/uploads\/2019\/02\/images-1-2.jpeg\",\"articleSection\":[\"Brasil\",\"Catal\u00e3o\",\"Destaque\",\"Goi\u00e1s\"],\"inLanguage\":\"pt-BR\"},{\"@type\":\"WebPage\",\"@id\":\"https:\/\/juacontecimentos.com.br\/site\/governo-anuncia-exoneracao-de-gustavo-bebianno\/\",\"url\":\"https:\/\/juacontecimentos.com.br\/site\/governo-anuncia-exoneracao-de-gustavo-bebianno\/\",\"name\":\"Governo anuncia exonera\u00e7\u00e3o de Gustavo Bebianno - Jornal Ultimos Acontecimentos\",\"isPartOf\":{\"@id\":\"https:\/\/juacontecimentos.com.br\/site\/#website\"},\"primaryImageOfPage\":{\"@id\":\"https:\/\/juacontecimentos.com.br\/site\/governo-anuncia-exoneracao-de-gustavo-bebianno\/#primaryimage\"},\"image\":{\"@id\":\"https:\/\/juacontecimentos.com.br\/site\/governo-anuncia-exoneracao-de-gustavo-bebianno\/#primaryimage\"},\"thumbnailUrl\":\"https:\/\/juacontecimentos.com.br\/site\/wp-content\/uploads\/2019\/02\/images-1-2.jpeg\",\"datePublished\":\"2019-02-18T21:51:48+00:00\",\"breadcrumb\":{\"@id\":\"https:\/\/juacontecimentos.com.br\/site\/governo-anuncia-exoneracao-de-gustavo-bebianno\/#breadcrumb\"},\"inLanguage\":\"pt-BR\",\"potentialAction\":[{\"@type\":\"ReadAction\",\"target\":[\"https:\/\/juacontecimentos.com.br\/site\/governo-anuncia-exoneracao-de-gustavo-bebianno\/\"]}]},{\"@type\":\"ImageObject\",\"inLanguage\":\"pt-BR\",\"@id\":\"https:\/\/juacontecimentos.com.br\/site\/governo-anuncia-exoneracao-de-gustavo-bebianno\/#primaryimage\",\"url\":\"https:\/\/juacontecimentos.com.br\/site\/wp-content\/uploads\/2019\/02\/images-1-2.jpeg\",\"contentUrl\":\"https:\/\/juacontecimentos.com.br\/site\/wp-content\/uploads\/2019\/02\/images-1-2.jpeg\",\"width\":693,\"height\":442},{\"@type\":\"BreadcrumbList\",\"@id\":\"https:\/\/juacontecimentos.com.br\/site\/governo-anuncia-exoneracao-de-gustavo-bebianno\/#breadcrumb\",\"itemListElement\":[{\"@type\":\"ListItem\",\"position\":1,\"name\":\"In\u00edcio\",\"item\":\"https:\/\/juacontecimentos.com.br\/site\/\"},{\"@type\":\"ListItem\",\"position\":2,\"name\":\"Governo anuncia exonera\u00e7\u00e3o de Gustavo Bebianno\"}]},{\"@type\":\"WebSite\",\"@id\":\"https:\/\/juacontecimentos.com.br\/site\/#website\",\"url\":\"https:\/\/juacontecimentos.com.br\/site\/\",\"name\":\"Jornal Ultimos Acontecimentos\",\"description\":\"Catal\u00e3o e regi\u00e3o\",\"publisher\":{\"@id\":\"https:\/\/juacontecimentos.com.br\/site\/#organization\"},\"potentialAction\":[{\"@type\":\"SearchAction\",\"target\":{\"@type\":\"EntryPoint\",\"urlTemplate\":\"https:\/\/juacontecimentos.com.br\/site\/?s={search_term_string}\"},\"query-input\":{\"@type\":\"PropertyValueSpecification\",\"valueRequired\":true,\"valueName\":\"search_term_string\"}}],\"inLanguage\":\"pt-BR\"},{\"@type\":\"Organization\",\"@id\":\"https:\/\/juacontecimentos.com.br\/site\/#organization\",\"name\":\"Jornal Ultimos Acontecimentos\",\"url\":\"https:\/\/juacontecimentos.com.br\/site\/\",\"logo\":{\"@type\":\"ImageObject\",\"inLanguage\":\"pt-BR\",\"@id\":\"https:\/\/juacontecimentos.com.br\/site\/#\/schema\/logo\/image\/\",\"url\":\"https:\/\/juacontecimentos.com.br\/site\/wp-content\/uploads\/2023\/04\/Logo_Site.png\",\"contentUrl\":\"https:\/\/juacontecimentos.com.br\/site\/wp-content\/uploads\/2023\/04\/Logo_Site.png\",\"width\":2476,\"height\":530,\"caption\":\"Jornal Ultimos Acontecimentos\"},\"image\":{\"@id\":\"https:\/\/juacontecimentos.com.br\/site\/#\/schema\/logo\/image\/\"},\"sameAs\":[\"https:\/\/www.facebook.com\/jultimosacontecimentos\/\"]},{\"@type\":\"Person\",\"@id\":\"https:\/\/juacontecimentos.com.br\/site\/#\/schema\/person\/082a54e6d3fdd7a633291428521c9669\",\"name\":\"Reginaldo Ribeiro\",\"image\":{\"@type\":\"ImageObject\",\"inLanguage\":\"pt-BR\",\"@id\":\"https:\/\/juacontecimentos.com.br\/site\/#\/schema\/person\/image\/\",\"url\":\"https:\/\/secure.gravatar.com\/avatar\/5c16c6837c3490270a74d888c2a845728f06bdde1f8761de1de1d1d1ef82d12f?s=96&d=mm&r=g\",\"contentUrl\":\"https:\/\/secure.gravatar.com\/avatar\/5c16c6837c3490270a74d888c2a845728f06bdde1f8761de1de1d1d1ef82d12f?s=96&d=mm&r=g\",\"caption\":\"Reginaldo Ribeiro\"}}]}<\/script>\n<!-- \/ Yoast SEO plugin. -->","yoast_head_json":{"title":"Governo anuncia exonera\u00e7\u00e3o de Gustavo Bebianno - Jornal Ultimos Acontecimentos","robots":{"index":"index","follow":"follow","max-snippet":"max-snippet:-1","max-image-preview":"max-image-preview:large","max-video-preview":"max-video-preview:-1"},"canonical":"https:\/\/juacontecimentos.com.br\/site\/governo-anuncia-exoneracao-de-gustavo-bebianno\/","og_locale":"pt_BR","og_type":"article","og_title":"Governo anuncia exonera\u00e7\u00e3o de Gustavo Bebianno - Jornal Ultimos Acontecimentos","og_description":"Demiss\u00e3o do ministro foi comunicada pelo porta-voz da presid\u00eancia da Rep\u00fablica, general Ot\u00e1vio R\u00eago Barros, que alegou &#8216;foro \u00edntimo&#8217; como motivo menu Assine search Pol\u00edtica Governo anuncia exonera\u00e7\u00e3o de Gustavo Bebianno Demiss\u00e3o do ministro foi comunicada pelo porta-voz da presid\u00eancia da Rep\u00fablica, general Ot\u00e1vio R\u00eago Barros, que alegou &#8216;foro \u00edntimo&#8217; como motivo Por\u00a0Da Reda\u00e7\u00e3o access_time18","og_url":"https:\/\/juacontecimentos.com.br\/site\/governo-anuncia-exoneracao-de-gustavo-bebianno\/","og_site_name":"Jornal Ultimos Acontecimentos","article_publisher":"https:\/\/www.facebook.com\/jultimosacontecimentos\/","article_published_time":"2019-02-18T21:51:48+00:00","og_image":[{"width":693,"height":442,"url":"https:\/\/juacontecimentos.com.br\/site\/wp-content\/uploads\/2019\/02\/images-1-2.jpeg","type":"image\/jpeg"}],"author":"Reginaldo Ribeiro","twitter_card":"summary_large_image","twitter_misc":{"Escrito por":"Reginaldo Ribeiro","Est. tempo de leitura":"5 minutos"},"schema":{"@context":"https:\/\/schema.org","@graph":[{"@type":"Article","@id":"https:\/\/juacontecimentos.com.br\/site\/governo-anuncia-exoneracao-de-gustavo-bebianno\/#article","isPartOf":{"@id":"https:\/\/juacontecimentos.com.br\/site\/governo-anuncia-exoneracao-de-gustavo-bebianno\/"},"author":{"name":"Reginaldo Ribeiro","@id":"https:\/\/juacontecimentos.com.br\/site\/#\/schema\/person\/082a54e6d3fdd7a633291428521c9669"},"headline":"Governo anuncia exonera\u00e7\u00e3o de Gustavo Bebianno","datePublished":"2019-02-18T21:51:48+00:00","mainEntityOfPage":{"@id":"https:\/\/juacontecimentos.com.br\/site\/governo-anuncia-exoneracao-de-gustavo-bebianno\/"},"wordCount":1014,"commentCount":0,"publisher":{"@id":"https:\/\/juacontecimentos.com.br\/site\/#organization"},"image":{"@id":"https:\/\/juacontecimentos.com.br\/site\/governo-anuncia-exoneracao-de-gustavo-bebianno\/#primaryimage"},"thumbnailUrl":"https:\/\/juacontecimentos.com.br\/site\/wp-content\/uploads\/2019\/02\/images-1-2.jpeg","articleSection":["Brasil","Catal\u00e3o","Destaque","Goi\u00e1s"],"inLanguage":"pt-BR"},{"@type":"WebPage","@id":"https:\/\/juacontecimentos.com.br\/site\/governo-anuncia-exoneracao-de-gustavo-bebianno\/","url":"https:\/\/juacontecimentos.com.br\/site\/governo-anuncia-exoneracao-de-gustavo-bebianno\/","name":"Governo anuncia exonera\u00e7\u00e3o de Gustavo Bebianno - Jornal Ultimos Acontecimentos","isPartOf":{"@id":"https:\/\/juacontecimentos.com.br\/site\/#website"},"primaryImageOfPage":{"@id":"https:\/\/juacontecimentos.com.br\/site\/governo-anuncia-exoneracao-de-gustavo-bebianno\/#primaryimage"},"image":{"@id":"https:\/\/juacontecimentos.com.br\/site\/governo-anuncia-exoneracao-de-gustavo-bebianno\/#primaryimage"},"thumbnailUrl":"https:\/\/juacontecimentos.com.br\/site\/wp-content\/uploads\/2019\/02\/images-1-2.jpeg","datePublished":"2019-02-18T21:51:48+00:00","breadcrumb":{"@id":"https:\/\/juacontecimentos.com.br\/site\/governo-anuncia-exoneracao-de-gustavo-bebianno\/#breadcrumb"},"inLanguage":"pt-BR","potentialAction":[{"@type":"ReadAction","target":["https:\/\/juacontecimentos.com.br\/site\/governo-anuncia-exoneracao-de-gustavo-bebianno\/"]}]},{"@type":"ImageObject","inLanguage":"pt-BR","@id":"https:\/\/juacontecimentos.com.br\/site\/governo-anuncia-exoneracao-de-gustavo-bebianno\/#primaryimage","url":"https:\/\/juacontecimentos.com.br\/site\/wp-content\/uploads\/2019\/02\/images-1-2.jpeg","contentUrl":"https:\/\/juacontecimentos.com.br\/site\/wp-content\/uploads\/2019\/02\/images-1-2.jpeg","width":693,"height":442},{"@type":"BreadcrumbList","@id":"https:\/\/juacontecimentos.com.br\/site\/governo-anuncia-exoneracao-de-gustavo-bebianno\/#breadcrumb","itemListElement":[{"@type":"ListItem","position":1,"name":"In\u00edcio","item":"https:\/\/juacontecimentos.com.br\/site\/"},{"@type":"ListItem","position":2,"name":"Governo anuncia exonera\u00e7\u00e3o de Gustavo Bebianno"}]},{"@type":"WebSite","@id":"https:\/\/juacontecimentos.com.br\/site\/#website","url":"https:\/\/juacontecimentos.com.br\/site\/","name":"Jornal Ultimos Acontecimentos","description":"Catal\u00e3o e regi\u00e3o","publisher":{"@id":"https:\/\/juacontecimentos.com.br\/site\/#organization"},"potentialAction":[{"@type":"SearchAction","target":{"@type":"EntryPoint","urlTemplate":"https:\/\/juacontecimentos.com.br\/site\/?s={search_term_string}"},"query-input":{"@type":"PropertyValueSpecification","valueRequired":true,"valueName":"search_term_string"}}],"inLanguage":"pt-BR"},{"@type":"Organization","@id":"https:\/\/juacontecimentos.com.br\/site\/#organization","name":"Jornal Ultimos Acontecimentos","url":"https:\/\/juacontecimentos.com.br\/site\/","logo":{"@type":"ImageObject","inLanguage":"pt-BR","@id":"https:\/\/juacontecimentos.com.br\/site\/#\/schema\/logo\/image\/","url":"https:\/\/juacontecimentos.com.br\/site\/wp-content\/uploads\/2023\/04\/Logo_Site.png","contentUrl":"https:\/\/juacontecimentos.com.br\/site\/wp-content\/uploads\/2023\/04\/Logo_Site.png","width":2476,"height":530,"caption":"Jornal Ultimos Acontecimentos"},"image":{"@id":"https:\/\/juacontecimentos.com.br\/site\/#\/schema\/logo\/image\/"},"sameAs":["https:\/\/www.facebook.com\/jultimosacontecimentos\/"]},{"@type":"Person","@id":"https:\/\/juacontecimentos.com.br\/site\/#\/schema\/person\/082a54e6d3fdd7a633291428521c9669","name":"Reginaldo Ribeiro","image":{"@type":"ImageObject","inLanguage":"pt-BR","@id":"https:\/\/juacontecimentos.com.br\/site\/#\/schema\/person\/image\/","url":"https:\/\/secure.gravatar.com\/avatar\/5c16c6837c3490270a74d888c2a845728f06bdde1f8761de1de1d1d1ef82d12f?s=96&d=mm&r=g","contentUrl":"https:\/\/secure.gravatar.com\/avatar\/5c16c6837c3490270a74d888c2a845728f06bdde1f8761de1de1d1d1ef82d12f?s=96&d=mm&r=g","caption":"Reginaldo Ribeiro"}}]}},"_links":{"self":[{"href":"https:\/\/juacontecimentos.com.br\/site\/wp-json\/wp\/v2\/posts\/5806","targetHints":{"allow":["GET"]}}],"collection":[{"href":"https:\/\/juacontecimentos.com.br\/site\/wp-json\/wp\/v2\/posts"}],"about":[{"href":"https:\/\/juacontecimentos.com.br\/site\/wp-json\/wp\/v2\/types\/post"}],"author":[{"embeddable":true,"href":"https:\/\/juacontecimentos.com.br\/site\/wp-json\/wp\/v2\/users\/2"}],"replies":[{"embeddable":true,"href":"https:\/\/juacontecimentos.com.br\/site\/wp-json\/wp\/v2\/comments?post=5806"}],"version-history":[{"count":1,"href":"https:\/\/juacontecimentos.com.br\/site\/wp-json\/wp\/v2\/posts\/5806\/revisions"}],"predecessor-version":[{"id":5808,"href":"https:\/\/juacontecimentos.com.br\/site\/wp-json\/wp\/v2\/posts\/5806\/revisions\/5808"}],"wp:featuredmedia":[{"embeddable":true,"href":"https:\/\/juacontecimentos.com.br\/site\/wp-json\/wp\/v2\/media\/5807"}],"wp:attachment":[{"href":"https:\/\/juacontecimentos.com.br\/site\/wp-json\/wp\/v2\/media?parent=5806"}],"wp:term":[{"taxonomy":"category","embeddable":true,"href":"https:\/\/juacontecimentos.com.br\/site\/wp-json\/wp\/v2\/categories?post=5806"},{"taxonomy":"post_tag","embeddable":true,"href":"https:\/\/juacontecimentos.com.br\/site\/wp-json\/wp\/v2\/tags?post=5806"}],"curies":[{"name":"wp","href":"https:\/\/api.w.org\/{rel}","templated":true}]}}