{"id":5865,"date":"2019-02-23T20:22:47","date_gmt":"2019-02-23T23:22:47","guid":{"rendered":"http:\/\/juacontecimentos.com.br\/site\/?p=5865"},"modified":"2019-02-23T20:22:47","modified_gmt":"2019-02-23T23:22:47","slug":"diretoria-da-oab-subsecao-catalao-realiza-audiencia-publica-na-busca-da-valorizacao-da-advocacia","status":"publish","type":"post","link":"https:\/\/juacontecimentos.com.br\/site\/diretoria-da-oab-subsecao-catalao-realiza-audiencia-publica-na-busca-da-valorizacao-da-advocacia\/","title":{"rendered":"Diretoria da OAB Subse\u00e7\u00e3o Catal\u00e3o realiza Audi\u00eancia P\u00fablica na busca da valoriza\u00e7\u00e3o da advocacia"},"content":{"rendered":"<p><iframe loading=\"lazy\" width=\"900\" height=\"506\" src=\"https:\/\/www.youtube.com\/embed\/ApgEouAU0sc?feature=oembed\" frameborder=\"0\" allowfullscreen><\/iframe><\/p>\n<p>A diretoria da Ordem dos Advogados do Brasil (OAB) Subse\u00e7\u00e3o Catal\u00e3o, realizou na noite desta sexta-feira (22), a segunda Audi\u00eancia P\u00fablica com a classe, com objetivo discutir e fixar refer\u00eancias de valores de honor\u00e1rios para advogados (as) diligentes e correspondestes em servi\u00e7o de apoio jur\u00eddico, e para o in\u00edcio da cobran\u00e7a obrigat\u00f3ria de consultas no \u00e2mbito da Subse\u00e7\u00e3o.<\/p>\n<p>As medidas foram apresentadas pelo atual presidente da entidade, Dr. Thadeu Bot\u00eaga Aguiar, atendendo antigas reivindica\u00e7\u00f5es da classe.<\/p>\n<p>Segundo Thadeu Aguiar, a iniciativa faz parte do Plano de Valoriza\u00e7\u00e3o da Advocacia Catalana que est\u00e1 sendo implementado pela atual Diretoria na busca constante de melhorias aos advogados inscritos e militantes na Subse\u00e7\u00e3o, visando principalmente valorizar classe e preservar a dignidade da advocacia: <em>\u201cTanto a cobran\u00e7a de consultas quantos os valores para dilig\u00eancias est\u00e3o previstos na nossa Tabela de Honor\u00e1rios e \u00e9 uma infra\u00e7\u00e3o \u00e9tica para qualquer advogado inscrito na categoria descumpri-la. Nosso desafio \u00e9 viabilizar junto ao Col\u00e9gio de Presidentes uma proposta de valores ao Conselho Seccional que seja vi\u00e1vel a advocacia no \u00e2mbito das Subse\u00e7\u00f5es, afim de conclamar a todos a veementemente aplica-la e cumpri-la sob os rigores do nosso Estatuto, promovendo em paralelo um trabalho permanente de conscientiza\u00e7\u00e3o da sociedade para que passe a enxergar o advogado e a advogada como o profissional que \u00e9, entendendo e valorizando a necessidade de sua atua\u00e7\u00e3o para resolutividade de sua quest\u00e3o. Como a uni\u00e3o de toda classe conseguiremos!\u201d<\/em>.<\/p>\n<p>Na ocasi\u00e3o foram apresentadas a Classe o teor da Resolu\u00e7\u00e3o n\u00b0 003\/2019-GP que <em>\u201cRegulamenta as Resolu\u00e7\u00f5es n\u00b0 18\/2018-CS e 19\/2018-CS no \u00e2mbito da Subse\u00e7\u00e3o de Catal\u00e3o \u2013 Goi\u00e1s dispondo sobre os crit\u00e9rios para a nomea\u00e7\u00e3o de advogados para atuarem como dativos nos processos em tr\u00e2mite perante o Poder Judici\u00e1rio do Estado de Goi\u00e1s, Institui a Central de Cadastramento da Advocacia Dativa, regulamenta o atendimento \u00e0s audi\u00eancias judiciais, em regimento de plant\u00e3o e d\u00e1 outras provid\u00eancias\u201d<\/em>, da Resolu\u00e7\u00e3o n\u00b0 004\/2019-GP, <em>\u201cInstitui e Regulamenta no \u00e2mbito da Subse\u00e7\u00e3o de Catal\u00e3o \u2013 Goi\u00e1s a Central de Cadastramento do(a) Advogado(a) Diligente e d\u00e1 outras provid\u00eancias\u201d<\/em>, e da Resolu\u00e7\u00e3o n\u00b0 005\/2019-GP que <em>\u201cSugere o in\u00edcio da aplica\u00e7\u00e3o da Resolu\u00e7\u00e3o n\u00b0 004\/2018 no regulamento de agendamentos de atendimentos por advogados(as) na Unidade Prisional de Catal\u00e3o \u2013 Goi\u00e1s e d\u00e1 outras provid\u00eancias\u201d<\/em>, todas de car\u00e1ter organizacionais institu\u00eddas pelo presidente da entidade.<\/p>\n<p>Na oportunidade o presidente apresentou a classe a reforma iniciada no audit\u00f3rio que j\u00e1 foi pintado e recebeu cortinas, a troca de bebedores na sede, e a aquisi\u00e7\u00e3o de cinco smartphones que servir\u00e3o a Secretaria da Subse\u00e7\u00e3o, a Ouvidoria, a Sala da Vara do Trabalho, e as Delegacias de Goiandira e Cumari, propiciando economia no custo com telefonia, destacando ainda a realiza\u00e7\u00e3o de Processo Seletivo P\u00fablico, em andamento, para contrata\u00e7\u00e3o e forma\u00e7\u00e3o de cadastro de colaboradores para Subse\u00e7\u00e3o, pelo que foi bastante elogiado pela classe.<\/p>\n<p>&nbsp;<br \/>\n<\/p>\n","protected":false},"excerpt":{"rendered":"<p>A diretoria da Ordem dos Advogados do Brasil (OAB) Subse\u00e7\u00e3o Catal\u00e3o, realizou na noite desta sexta-feira (22), a segunda Audi\u00eancia P\u00fablica com a classe, com objetivo discutir e fixar refer\u00eancias de valores de honor\u00e1rios para advogados (as) diligentes e correspondestes em servi\u00e7o de apoio jur\u00eddico, e para o in\u00edcio da cobran\u00e7a obrigat\u00f3ria de consultas no<\/p>\n","protected":false},"author":2,"featured_media":5864,"comment_status":"open","ping_status":"open","sticky":false,"template":"","format":"standard","meta":{"footnotes":""},"categories":[27,22,26,23],"tags":[],"class_list":["post-5865","post","type-post","status-publish","format-standard","has-post-thumbnail","hentry","category-brasil","category-catalao","category-destaque","category-goias"],"yoast_head":"<!-- This site is optimized with the Yoast SEO plugin v25.8 - https:\/\/yoast.com\/wordpress\/plugins\/seo\/ -->\n<title>Diretoria da OAB Subse\u00e7\u00e3o Catal\u00e3o realiza Audi\u00eancia P\u00fablica na busca da valoriza\u00e7\u00e3o da advocacia - Jornal Ultimos Acontecimentos<\/title>\n<meta name=\"robots\" content=\"index, follow, max-snippet:-1, max-image-preview:large, max-video-preview:-1\" \/>\n<link rel=\"canonical\" href=\"https:\/\/juacontecimentos.com.br\/site\/diretoria-da-oab-subsecao-catalao-realiza-audiencia-publica-na-busca-da-valorizacao-da-advocacia\/\" \/>\n<meta property=\"og:locale\" content=\"pt_BR\" \/>\n<meta property=\"og:type\" content=\"article\" \/>\n<meta property=\"og:title\" content=\"Diretoria da OAB Subse\u00e7\u00e3o Catal\u00e3o realiza Audi\u00eancia P\u00fablica na busca da valoriza\u00e7\u00e3o da advocacia - Jornal Ultimos Acontecimentos\" \/>\n<meta property=\"og:description\" content=\"A diretoria da Ordem dos Advogados do Brasil (OAB) Subse\u00e7\u00e3o Catal\u00e3o, realizou na noite desta sexta-feira (22), a segunda Audi\u00eancia P\u00fablica com a classe, com objetivo discutir e fixar refer\u00eancias de valores de honor\u00e1rios para advogados (as) diligentes e correspondestes em servi\u00e7o de apoio jur\u00eddico, e para o in\u00edcio da cobran\u00e7a obrigat\u00f3ria de consultas no\" \/>\n<meta property=\"og:url\" content=\"https:\/\/juacontecimentos.com.br\/site\/diretoria-da-oab-subsecao-catalao-realiza-audiencia-publica-na-busca-da-valorizacao-da-advocacia\/\" \/>\n<meta property=\"og:site_name\" content=\"Jornal Ultimos Acontecimentos\" \/>\n<meta property=\"article:publisher\" content=\"https:\/\/www.facebook.com\/jultimosacontecimentos\/\" \/>\n<meta property=\"article:published_time\" content=\"2019-02-23T23:22:47+00:00\" \/>\n<meta property=\"og:image\" content=\"https:\/\/juacontecimentos.com.br\/site\/wp-content\/uploads\/2019\/02\/IMG_20190222_194318934-1-1024x768.jpg\" \/>\n\t<meta property=\"og:image:width\" content=\"1024\" \/>\n\t<meta property=\"og:image:height\" content=\"768\" \/>\n\t<meta property=\"og:image:type\" content=\"image\/jpeg\" \/>\n<meta name=\"author\" content=\"Reginaldo Ribeiro\" \/>\n<meta name=\"twitter:card\" content=\"summary_large_image\" \/>\n<meta name=\"twitter:label1\" content=\"Escrito por\" \/>\n\t<meta name=\"twitter:data1\" content=\"Reginaldo Ribeiro\" \/>\n\t<meta name=\"twitter:label2\" content=\"Est. tempo de leitura\" \/>\n\t<meta name=\"twitter:data2\" content=\"3 minutos\" \/>\n<script type=\"application\/ld+json\" class=\"yoast-schema-graph\">{\"@context\":\"https:\/\/schema.org\",\"@graph\":[{\"@type\":\"Article\",\"@id\":\"https:\/\/juacontecimentos.com.br\/site\/diretoria-da-oab-subsecao-catalao-realiza-audiencia-publica-na-busca-da-valorizacao-da-advocacia\/#article\",\"isPartOf\":{\"@id\":\"https:\/\/juacontecimentos.com.br\/site\/diretoria-da-oab-subsecao-catalao-realiza-audiencia-publica-na-busca-da-valorizacao-da-advocacia\/\"},\"author\":{\"name\":\"Reginaldo Ribeiro\",\"@id\":\"https:\/\/juacontecimentos.com.br\/site\/#\/schema\/person\/082a54e6d3fdd7a633291428521c9669\"},\"headline\":\"Diretoria da OAB Subse\u00e7\u00e3o Catal\u00e3o realiza Audi\u00eancia P\u00fablica na busca da valoriza\u00e7\u00e3o da advocacia\",\"datePublished\":\"2019-02-23T23:22:47+00:00\",\"mainEntityOfPage\":{\"@id\":\"https:\/\/juacontecimentos.com.br\/site\/diretoria-da-oab-subsecao-catalao-realiza-audiencia-publica-na-busca-da-valorizacao-da-advocacia\/\"},\"wordCount\":551,\"commentCount\":0,\"publisher\":{\"@id\":\"https:\/\/juacontecimentos.com.br\/site\/#organization\"},\"image\":{\"@id\":\"https:\/\/juacontecimentos.com.br\/site\/diretoria-da-oab-subsecao-catalao-realiza-audiencia-publica-na-busca-da-valorizacao-da-advocacia\/#primaryimage\"},\"thumbnailUrl\":\"https:\/\/juacontecimentos.com.br\/site\/wp-content\/uploads\/2019\/02\/IMG_20190222_194318934-1.jpg\",\"articleSection\":[\"Brasil\",\"Catal\u00e3o\",\"Destaque\",\"Goi\u00e1s\"],\"inLanguage\":\"pt-BR\"},{\"@type\":\"WebPage\",\"@id\":\"https:\/\/juacontecimentos.com.br\/site\/diretoria-da-oab-subsecao-catalao-realiza-audiencia-publica-na-busca-da-valorizacao-da-advocacia\/\",\"url\":\"https:\/\/juacontecimentos.com.br\/site\/diretoria-da-oab-subsecao-catalao-realiza-audiencia-publica-na-busca-da-valorizacao-da-advocacia\/\",\"name\":\"Diretoria da OAB Subse\u00e7\u00e3o Catal\u00e3o realiza Audi\u00eancia P\u00fablica na busca da valoriza\u00e7\u00e3o da advocacia - Jornal Ultimos Acontecimentos\",\"isPartOf\":{\"@id\":\"https:\/\/juacontecimentos.com.br\/site\/#website\"},\"primaryImageOfPage\":{\"@id\":\"https:\/\/juacontecimentos.com.br\/site\/diretoria-da-oab-subsecao-catalao-realiza-audiencia-publica-na-busca-da-valorizacao-da-advocacia\/#primaryimage\"},\"image\":{\"@id\":\"https:\/\/juacontecimentos.com.br\/site\/diretoria-da-oab-subsecao-catalao-realiza-audiencia-publica-na-busca-da-valorizacao-da-advocacia\/#primaryimage\"},\"thumbnailUrl\":\"https:\/\/juacontecimentos.com.br\/site\/wp-content\/uploads\/2019\/02\/IMG_20190222_194318934-1.jpg\",\"datePublished\":\"2019-02-23T23:22:47+00:00\",\"breadcrumb\":{\"@id\":\"https:\/\/juacontecimentos.com.br\/site\/diretoria-da-oab-subsecao-catalao-realiza-audiencia-publica-na-busca-da-valorizacao-da-advocacia\/#breadcrumb\"},\"inLanguage\":\"pt-BR\",\"potentialAction\":[{\"@type\":\"ReadAction\",\"target\":[\"https:\/\/juacontecimentos.com.br\/site\/diretoria-da-oab-subsecao-catalao-realiza-audiencia-publica-na-busca-da-valorizacao-da-advocacia\/\"]}]},{\"@type\":\"ImageObject\",\"inLanguage\":\"pt-BR\",\"@id\":\"https:\/\/juacontecimentos.com.br\/site\/diretoria-da-oab-subsecao-catalao-realiza-audiencia-publica-na-busca-da-valorizacao-da-advocacia\/#primaryimage\",\"url\":\"https:\/\/juacontecimentos.com.br\/site\/wp-content\/uploads\/2019\/02\/IMG_20190222_194318934-1.jpg\",\"contentUrl\":\"https:\/\/juacontecimentos.com.br\/site\/wp-content\/uploads\/2019\/02\/IMG_20190222_194318934-1.jpg\",\"width\":4160,\"height\":3120},{\"@type\":\"BreadcrumbList\",\"@id\":\"https:\/\/juacontecimentos.com.br\/site\/diretoria-da-oab-subsecao-catalao-realiza-audiencia-publica-na-busca-da-valorizacao-da-advocacia\/#breadcrumb\",\"itemListElement\":[{\"@type\":\"ListItem\",\"position\":1,\"name\":\"In\u00edcio\",\"item\":\"https:\/\/juacontecimentos.com.br\/site\/\"},{\"@type\":\"ListItem\",\"position\":2,\"name\":\"Diretoria da OAB Subse\u00e7\u00e3o Catal\u00e3o realiza Audi\u00eancia P\u00fablica na busca da valoriza\u00e7\u00e3o da advocacia\"}]},{\"@type\":\"WebSite\",\"@id\":\"https:\/\/juacontecimentos.com.br\/site\/#website\",\"url\":\"https:\/\/juacontecimentos.com.br\/site\/\",\"name\":\"Jornal Ultimos Acontecimentos\",\"description\":\"Catal\u00e3o e regi\u00e3o\",\"publisher\":{\"@id\":\"https:\/\/juacontecimentos.com.br\/site\/#organization\"},\"potentialAction\":[{\"@type\":\"SearchAction\",\"target\":{\"@type\":\"EntryPoint\",\"urlTemplate\":\"https:\/\/juacontecimentos.com.br\/site\/?s={search_term_string}\"},\"query-input\":{\"@type\":\"PropertyValueSpecification\",\"valueRequired\":true,\"valueName\":\"search_term_string\"}}],\"inLanguage\":\"pt-BR\"},{\"@type\":\"Organization\",\"@id\":\"https:\/\/juacontecimentos.com.br\/site\/#organization\",\"name\":\"Jornal Ultimos Acontecimentos\",\"url\":\"https:\/\/juacontecimentos.com.br\/site\/\",\"logo\":{\"@type\":\"ImageObject\",\"inLanguage\":\"pt-BR\",\"@id\":\"https:\/\/juacontecimentos.com.br\/site\/#\/schema\/logo\/image\/\",\"url\":\"https:\/\/juacontecimentos.com.br\/site\/wp-content\/uploads\/2023\/04\/Logo_Site.png\",\"contentUrl\":\"https:\/\/juacontecimentos.com.br\/site\/wp-content\/uploads\/2023\/04\/Logo_Site.png\",\"width\":2476,\"height\":530,\"caption\":\"Jornal Ultimos Acontecimentos\"},\"image\":{\"@id\":\"https:\/\/juacontecimentos.com.br\/site\/#\/schema\/logo\/image\/\"},\"sameAs\":[\"https:\/\/www.facebook.com\/jultimosacontecimentos\/\"]},{\"@type\":\"Person\",\"@id\":\"https:\/\/juacontecimentos.com.br\/site\/#\/schema\/person\/082a54e6d3fdd7a633291428521c9669\",\"name\":\"Reginaldo Ribeiro\",\"image\":{\"@type\":\"ImageObject\",\"inLanguage\":\"pt-BR\",\"@id\":\"https:\/\/juacontecimentos.com.br\/site\/#\/schema\/person\/image\/\",\"url\":\"https:\/\/secure.gravatar.com\/avatar\/5c16c6837c3490270a74d888c2a845728f06bdde1f8761de1de1d1d1ef82d12f?s=96&d=mm&r=g\",\"contentUrl\":\"https:\/\/secure.gravatar.com\/avatar\/5c16c6837c3490270a74d888c2a845728f06bdde1f8761de1de1d1d1ef82d12f?s=96&d=mm&r=g\",\"caption\":\"Reginaldo Ribeiro\"}}]}<\/script>\n<!-- \/ Yoast SEO plugin. -->","yoast_head_json":{"title":"Diretoria da OAB Subse\u00e7\u00e3o Catal\u00e3o realiza Audi\u00eancia P\u00fablica na busca da valoriza\u00e7\u00e3o da advocacia - Jornal Ultimos Acontecimentos","robots":{"index":"index","follow":"follow","max-snippet":"max-snippet:-1","max-image-preview":"max-image-preview:large","max-video-preview":"max-video-preview:-1"},"canonical":"https:\/\/juacontecimentos.com.br\/site\/diretoria-da-oab-subsecao-catalao-realiza-audiencia-publica-na-busca-da-valorizacao-da-advocacia\/","og_locale":"pt_BR","og_type":"article","og_title":"Diretoria da OAB Subse\u00e7\u00e3o Catal\u00e3o realiza Audi\u00eancia P\u00fablica na busca da valoriza\u00e7\u00e3o da advocacia - Jornal Ultimos Acontecimentos","og_description":"A diretoria da Ordem dos Advogados do Brasil (OAB) Subse\u00e7\u00e3o Catal\u00e3o, realizou na noite desta sexta-feira (22), a segunda Audi\u00eancia P\u00fablica com a classe, com objetivo discutir e fixar refer\u00eancias de valores de honor\u00e1rios para advogados (as) diligentes e correspondestes em servi\u00e7o de apoio jur\u00eddico, e para o in\u00edcio da cobran\u00e7a obrigat\u00f3ria de consultas no","og_url":"https:\/\/juacontecimentos.com.br\/site\/diretoria-da-oab-subsecao-catalao-realiza-audiencia-publica-na-busca-da-valorizacao-da-advocacia\/","og_site_name":"Jornal Ultimos Acontecimentos","article_publisher":"https:\/\/www.facebook.com\/jultimosacontecimentos\/","article_published_time":"2019-02-23T23:22:47+00:00","og_image":[{"width":1024,"height":768,"url":"https:\/\/juacontecimentos.com.br\/site\/wp-content\/uploads\/2019\/02\/IMG_20190222_194318934-1-1024x768.jpg","type":"image\/jpeg"}],"author":"Reginaldo Ribeiro","twitter_card":"summary_large_image","twitter_misc":{"Escrito por":"Reginaldo Ribeiro","Est. tempo de leitura":"3 minutos"},"schema":{"@context":"https:\/\/schema.org","@graph":[{"@type":"Article","@id":"https:\/\/juacontecimentos.com.br\/site\/diretoria-da-oab-subsecao-catalao-realiza-audiencia-publica-na-busca-da-valorizacao-da-advocacia\/#article","isPartOf":{"@id":"https:\/\/juacontecimentos.com.br\/site\/diretoria-da-oab-subsecao-catalao-realiza-audiencia-publica-na-busca-da-valorizacao-da-advocacia\/"},"author":{"name":"Reginaldo Ribeiro","@id":"https:\/\/juacontecimentos.com.br\/site\/#\/schema\/person\/082a54e6d3fdd7a633291428521c9669"},"headline":"Diretoria da OAB Subse\u00e7\u00e3o Catal\u00e3o realiza Audi\u00eancia P\u00fablica na busca da valoriza\u00e7\u00e3o da advocacia","datePublished":"2019-02-23T23:22:47+00:00","mainEntityOfPage":{"@id":"https:\/\/juacontecimentos.com.br\/site\/diretoria-da-oab-subsecao-catalao-realiza-audiencia-publica-na-busca-da-valorizacao-da-advocacia\/"},"wordCount":551,"commentCount":0,"publisher":{"@id":"https:\/\/juacontecimentos.com.br\/site\/#organization"},"image":{"@id":"https:\/\/juacontecimentos.com.br\/site\/diretoria-da-oab-subsecao-catalao-realiza-audiencia-publica-na-busca-da-valorizacao-da-advocacia\/#primaryimage"},"thumbnailUrl":"https:\/\/juacontecimentos.com.br\/site\/wp-content\/uploads\/2019\/02\/IMG_20190222_194318934-1.jpg","articleSection":["Brasil","Catal\u00e3o","Destaque","Goi\u00e1s"],"inLanguage":"pt-BR"},{"@type":"WebPage","@id":"https:\/\/juacontecimentos.com.br\/site\/diretoria-da-oab-subsecao-catalao-realiza-audiencia-publica-na-busca-da-valorizacao-da-advocacia\/","url":"https:\/\/juacontecimentos.com.br\/site\/diretoria-da-oab-subsecao-catalao-realiza-audiencia-publica-na-busca-da-valorizacao-da-advocacia\/","name":"Diretoria da OAB Subse\u00e7\u00e3o Catal\u00e3o realiza Audi\u00eancia P\u00fablica na busca da valoriza\u00e7\u00e3o da advocacia - Jornal Ultimos Acontecimentos","isPartOf":{"@id":"https:\/\/juacontecimentos.com.br\/site\/#website"},"primaryImageOfPage":{"@id":"https:\/\/juacontecimentos.com.br\/site\/diretoria-da-oab-subsecao-catalao-realiza-audiencia-publica-na-busca-da-valorizacao-da-advocacia\/#primaryimage"},"image":{"@id":"https:\/\/juacontecimentos.com.br\/site\/diretoria-da-oab-subsecao-catalao-realiza-audiencia-publica-na-busca-da-valorizacao-da-advocacia\/#primaryimage"},"thumbnailUrl":"https:\/\/juacontecimentos.com.br\/site\/wp-content\/uploads\/2019\/02\/IMG_20190222_194318934-1.jpg","datePublished":"2019-02-23T23:22:47+00:00","breadcrumb":{"@id":"https:\/\/juacontecimentos.com.br\/site\/diretoria-da-oab-subsecao-catalao-realiza-audiencia-publica-na-busca-da-valorizacao-da-advocacia\/#breadcrumb"},"inLanguage":"pt-BR","potentialAction":[{"@type":"ReadAction","target":["https:\/\/juacontecimentos.com.br\/site\/diretoria-da-oab-subsecao-catalao-realiza-audiencia-publica-na-busca-da-valorizacao-da-advocacia\/"]}]},{"@type":"ImageObject","inLanguage":"pt-BR","@id":"https:\/\/juacontecimentos.com.br\/site\/diretoria-da-oab-subsecao-catalao-realiza-audiencia-publica-na-busca-da-valorizacao-da-advocacia\/#primaryimage","url":"https:\/\/juacontecimentos.com.br\/site\/wp-content\/uploads\/2019\/02\/IMG_20190222_194318934-1.jpg","contentUrl":"https:\/\/juacontecimentos.com.br\/site\/wp-content\/uploads\/2019\/02\/IMG_20190222_194318934-1.jpg","width":4160,"height":3120},{"@type":"BreadcrumbList","@id":"https:\/\/juacontecimentos.com.br\/site\/diretoria-da-oab-subsecao-catalao-realiza-audiencia-publica-na-busca-da-valorizacao-da-advocacia\/#breadcrumb","itemListElement":[{"@type":"ListItem","position":1,"name":"In\u00edcio","item":"https:\/\/juacontecimentos.com.br\/site\/"},{"@type":"ListItem","position":2,"name":"Diretoria da OAB Subse\u00e7\u00e3o Catal\u00e3o realiza Audi\u00eancia P\u00fablica na busca da valoriza\u00e7\u00e3o da advocacia"}]},{"@type":"WebSite","@id":"https:\/\/juacontecimentos.com.br\/site\/#website","url":"https:\/\/juacontecimentos.com.br\/site\/","name":"Jornal Ultimos Acontecimentos","description":"Catal\u00e3o e regi\u00e3o","publisher":{"@id":"https:\/\/juacontecimentos.com.br\/site\/#organization"},"potentialAction":[{"@type":"SearchAction","target":{"@type":"EntryPoint","urlTemplate":"https:\/\/juacontecimentos.com.br\/site\/?s={search_term_string}"},"query-input":{"@type":"PropertyValueSpecification","valueRequired":true,"valueName":"search_term_string"}}],"inLanguage":"pt-BR"},{"@type":"Organization","@id":"https:\/\/juacontecimentos.com.br\/site\/#organization","name":"Jornal Ultimos Acontecimentos","url":"https:\/\/juacontecimentos.com.br\/site\/","logo":{"@type":"ImageObject","inLanguage":"pt-BR","@id":"https:\/\/juacontecimentos.com.br\/site\/#\/schema\/logo\/image\/","url":"https:\/\/juacontecimentos.com.br\/site\/wp-content\/uploads\/2023\/04\/Logo_Site.png","contentUrl":"https:\/\/juacontecimentos.com.br\/site\/wp-content\/uploads\/2023\/04\/Logo_Site.png","width":2476,"height":530,"caption":"Jornal Ultimos Acontecimentos"},"image":{"@id":"https:\/\/juacontecimentos.com.br\/site\/#\/schema\/logo\/image\/"},"sameAs":["https:\/\/www.facebook.com\/jultimosacontecimentos\/"]},{"@type":"Person","@id":"https:\/\/juacontecimentos.com.br\/site\/#\/schema\/person\/082a54e6d3fdd7a633291428521c9669","name":"Reginaldo Ribeiro","image":{"@type":"ImageObject","inLanguage":"pt-BR","@id":"https:\/\/juacontecimentos.com.br\/site\/#\/schema\/person\/image\/","url":"https:\/\/secure.gravatar.com\/avatar\/5c16c6837c3490270a74d888c2a845728f06bdde1f8761de1de1d1d1ef82d12f?s=96&d=mm&r=g","contentUrl":"https:\/\/secure.gravatar.com\/avatar\/5c16c6837c3490270a74d888c2a845728f06bdde1f8761de1de1d1d1ef82d12f?s=96&d=mm&r=g","caption":"Reginaldo Ribeiro"}}]}},"_links":{"self":[{"href":"https:\/\/juacontecimentos.com.br\/site\/wp-json\/wp\/v2\/posts\/5865","targetHints":{"allow":["GET"]}}],"collection":[{"href":"https:\/\/juacontecimentos.com.br\/site\/wp-json\/wp\/v2\/posts"}],"about":[{"href":"https:\/\/juacontecimentos.com.br\/site\/wp-json\/wp\/v2\/types\/post"}],"author":[{"embeddable":true,"href":"https:\/\/juacontecimentos.com.br\/site\/wp-json\/wp\/v2\/users\/2"}],"replies":[{"embeddable":true,"href":"https:\/\/juacontecimentos.com.br\/site\/wp-json\/wp\/v2\/comments?post=5865"}],"version-history":[{"count":1,"href":"https:\/\/juacontecimentos.com.br\/site\/wp-json\/wp\/v2\/posts\/5865\/revisions"}],"predecessor-version":[{"id":5866,"href":"https:\/\/juacontecimentos.com.br\/site\/wp-json\/wp\/v2\/posts\/5865\/revisions\/5866"}],"wp:featuredmedia":[{"embeddable":true,"href":"https:\/\/juacontecimentos.com.br\/site\/wp-json\/wp\/v2\/media\/5864"}],"wp:attachment":[{"href":"https:\/\/juacontecimentos.com.br\/site\/wp-json\/wp\/v2\/media?parent=5865"}],"wp:term":[{"taxonomy":"category","embeddable":true,"href":"https:\/\/juacontecimentos.com.br\/site\/wp-json\/wp\/v2\/categories?post=5865"},{"taxonomy":"post_tag","embeddable":true,"href":"https:\/\/juacontecimentos.com.br\/site\/wp-json\/wp\/v2\/tags?post=5865"}],"curies":[{"name":"wp","href":"https:\/\/api.w.org\/{rel}","templated":true}]}}