{"id":595,"date":"2017-06-02T13:02:27","date_gmt":"2017-06-02T16:02:27","guid":{"rendered":"http:\/\/juacontecimentos.com.br\/site\/?p=595"},"modified":"2017-06-02T13:02:42","modified_gmt":"2017-06-02T16:02:42","slug":"joao-furtado-assume-fazenda-e-siqueira-vai-para-casa-civil","status":"publish","type":"post","link":"https:\/\/juacontecimentos.com.br\/site\/joao-furtado-assume-fazenda-e-siqueira-vai-para-casa-civil\/","title":{"rendered":"Jo\u00e3o Furtado assume Fazenda e Siqueira vai para Casa Civil"},"content":{"rendered":"<h3 style=\"text-align: center\"><strong>Mudan\u00e7as foram anunciadas nas redes sociais pelo governador de Goi\u00e1s, Marconi Perillo (PSDB)<\/strong><\/h3>\n<p>O governador de Goi\u00e1s, Marconi Perillo (PSDB), anunciou nas redes sociais mudan\u00e7as nos comandos da Secretaria da Fazenda (Sefaz) e da Casa Civil, em postagens feitas na noite da \u00faltima quinta-feira (1\u00ba\/6).<\/p>\n<p>Jo\u00e3o Furtado, atualmente no comando da Casa Civil, assumir\u00e1 a Fazenda, e Jos\u00e9 Carlos Siqueira retorna \u00e0\u00a0Casa Civil. As posses dos novos titulares das pastas, anunciou o governador, ser\u00e3o efetivadas no pr\u00f3ximo dia 14.<\/p>\n<p>\u201cCom o meu aval, o secret\u00e1rio da Fazenda, Fernando Navarrete, sugeriu e convidou o secret\u00e1rio da Casa Civil, Jo\u00e3o Furtado, para substitu\u00ed-lo na Sefaz\u201d, contou o governador, nas postagens em suas redes. \u201cO secret\u00e1rio Jo\u00e3o Furtado aceitou, com toda disposi\u00e7\u00e3o, manter a bem sucedida agenda iniciada pela ex-secret\u00e1ria Ana Carla Abr\u00e3o e continuada pelo secret\u00e1rio Navarrete, com o desafio de dar seguimento \u00e0 pol\u00edtica de austeridade e ao programa Goi\u00e1s na Frente. A posse ser\u00e1 no dia 14\u201d, afirmou o governador.<\/p>\n<p>Marconi prosseguiu informando que \u201co secret\u00e1rio da Casa Civil, Jo\u00e3o Furtado, convidou Jos\u00e9 Carlos Siqueira para substitu\u00ed-lo na secretaria\u201d . O governador relatou que \u201cJos\u00e9 Carlos Siqueira aceitou o convite e est\u00e1 disposto a dar continuidade ao trabalho s\u00e9rio e transparente de Jo\u00e3o Furtado na Casa Civil\u201d.<br \/>\n<\/p>\n","protected":false},"excerpt":{"rendered":"<p>Mudan\u00e7as foram anunciadas nas redes sociais pelo governador de Goi\u00e1s, Marconi Perillo (PSDB) O governador de Goi\u00e1s, Marconi Perillo (PSDB), anunciou nas redes sociais mudan\u00e7as nos comandos da Secretaria da Fazenda (Sefaz) e da Casa Civil, em postagens feitas na noite da \u00faltima quinta-feira (1\u00ba\/6). Jo\u00e3o Furtado, atualmente no comando da Casa Civil, assumir\u00e1 a<\/p>\n","protected":false},"author":2,"featured_media":596,"comment_status":"open","ping_status":"open","sticky":false,"template":"","format":"standard","meta":{"footnotes":""},"categories":[22,26,23],"tags":[],"class_list":["post-595","post","type-post","status-publish","format-standard","has-post-thumbnail","hentry","category-catalao","category-destaque","category-goias"],"yoast_head":"<!-- This site is optimized with the Yoast SEO plugin v25.8 - https:\/\/yoast.com\/wordpress\/plugins\/seo\/ -->\n<title>Jo\u00e3o Furtado assume Fazenda e Siqueira vai para Casa Civil - Jornal Ultimos Acontecimentos<\/title>\n<meta name=\"robots\" content=\"index, follow, max-snippet:-1, max-image-preview:large, max-video-preview:-1\" \/>\n<link rel=\"canonical\" href=\"https:\/\/juacontecimentos.com.br\/site\/joao-furtado-assume-fazenda-e-siqueira-vai-para-casa-civil\/\" \/>\n<meta property=\"og:locale\" content=\"pt_BR\" \/>\n<meta property=\"og:type\" content=\"article\" \/>\n<meta property=\"og:title\" content=\"Jo\u00e3o Furtado assume Fazenda e Siqueira vai para Casa Civil - Jornal Ultimos Acontecimentos\" \/>\n<meta property=\"og:description\" content=\"Mudan\u00e7as foram anunciadas nas redes sociais pelo governador de Goi\u00e1s, Marconi Perillo (PSDB) O governador de Goi\u00e1s, Marconi Perillo (PSDB), anunciou nas redes sociais mudan\u00e7as nos comandos da Secretaria da Fazenda (Sefaz) e da Casa Civil, em postagens feitas na noite da \u00faltima quinta-feira (1\u00ba\/6). Jo\u00e3o Furtado, atualmente no comando da Casa Civil, assumir\u00e1 a\" \/>\n<meta property=\"og:url\" content=\"https:\/\/juacontecimentos.com.br\/site\/joao-furtado-assume-fazenda-e-siqueira-vai-para-casa-civil\/\" \/>\n<meta property=\"og:site_name\" content=\"Jornal Ultimos Acontecimentos\" \/>\n<meta property=\"article:publisher\" content=\"https:\/\/www.facebook.com\/jultimosacontecimentos\/\" \/>\n<meta property=\"article:published_time\" content=\"2017-06-02T16:02:27+00:00\" \/>\n<meta property=\"article:modified_time\" content=\"2017-06-02T16:02:42+00:00\" \/>\n<meta property=\"og:image\" content=\"https:\/\/juacontecimentos.com.br\/site\/wp-content\/uploads\/2017\/06\/jose-carlos-siqueira-joao-furtado.jpg\" \/>\n\t<meta property=\"og:image:width\" content=\"620\" \/>\n\t<meta property=\"og:image:height\" content=\"350\" \/>\n\t<meta property=\"og:image:type\" content=\"image\/jpeg\" \/>\n<meta name=\"author\" content=\"Reginaldo Ribeiro\" \/>\n<meta name=\"twitter:card\" content=\"summary_large_image\" \/>\n<meta name=\"twitter:label1\" content=\"Escrito por\" \/>\n\t<meta name=\"twitter:data1\" content=\"Reginaldo Ribeiro\" \/>\n\t<meta name=\"twitter:label2\" content=\"Est. tempo de leitura\" \/>\n\t<meta name=\"twitter:data2\" content=\"1 minuto\" \/>\n<script type=\"application\/ld+json\" class=\"yoast-schema-graph\">{\"@context\":\"https:\/\/schema.org\",\"@graph\":[{\"@type\":\"Article\",\"@id\":\"https:\/\/juacontecimentos.com.br\/site\/joao-furtado-assume-fazenda-e-siqueira-vai-para-casa-civil\/#article\",\"isPartOf\":{\"@id\":\"https:\/\/juacontecimentos.com.br\/site\/joao-furtado-assume-fazenda-e-siqueira-vai-para-casa-civil\/\"},\"author\":{\"name\":\"Reginaldo Ribeiro\",\"@id\":\"https:\/\/juacontecimentos.com.br\/site\/#\/schema\/person\/082a54e6d3fdd7a633291428521c9669\"},\"headline\":\"Jo\u00e3o Furtado assume Fazenda e Siqueira vai para Casa Civil\",\"datePublished\":\"2017-06-02T16:02:27+00:00\",\"dateModified\":\"2017-06-02T16:02:42+00:00\",\"mainEntityOfPage\":{\"@id\":\"https:\/\/juacontecimentos.com.br\/site\/joao-furtado-assume-fazenda-e-siqueira-vai-para-casa-civil\/\"},\"wordCount\":237,\"commentCount\":0,\"publisher\":{\"@id\":\"https:\/\/juacontecimentos.com.br\/site\/#organization\"},\"image\":{\"@id\":\"https:\/\/juacontecimentos.com.br\/site\/joao-furtado-assume-fazenda-e-siqueira-vai-para-casa-civil\/#primaryimage\"},\"thumbnailUrl\":\"https:\/\/juacontecimentos.com.br\/site\/wp-content\/uploads\/2017\/06\/jose-carlos-siqueira-joao-furtado.jpg\",\"articleSection\":[\"Catal\u00e3o\",\"Destaque\",\"Goi\u00e1s\"],\"inLanguage\":\"pt-BR\"},{\"@type\":\"WebPage\",\"@id\":\"https:\/\/juacontecimentos.com.br\/site\/joao-furtado-assume-fazenda-e-siqueira-vai-para-casa-civil\/\",\"url\":\"https:\/\/juacontecimentos.com.br\/site\/joao-furtado-assume-fazenda-e-siqueira-vai-para-casa-civil\/\",\"name\":\"Jo\u00e3o Furtado assume Fazenda e Siqueira vai para Casa Civil - Jornal Ultimos Acontecimentos\",\"isPartOf\":{\"@id\":\"https:\/\/juacontecimentos.com.br\/site\/#website\"},\"primaryImageOfPage\":{\"@id\":\"https:\/\/juacontecimentos.com.br\/site\/joao-furtado-assume-fazenda-e-siqueira-vai-para-casa-civil\/#primaryimage\"},\"image\":{\"@id\":\"https:\/\/juacontecimentos.com.br\/site\/joao-furtado-assume-fazenda-e-siqueira-vai-para-casa-civil\/#primaryimage\"},\"thumbnailUrl\":\"https:\/\/juacontecimentos.com.br\/site\/wp-content\/uploads\/2017\/06\/jose-carlos-siqueira-joao-furtado.jpg\",\"datePublished\":\"2017-06-02T16:02:27+00:00\",\"dateModified\":\"2017-06-02T16:02:42+00:00\",\"breadcrumb\":{\"@id\":\"https:\/\/juacontecimentos.com.br\/site\/joao-furtado-assume-fazenda-e-siqueira-vai-para-casa-civil\/#breadcrumb\"},\"inLanguage\":\"pt-BR\",\"potentialAction\":[{\"@type\":\"ReadAction\",\"target\":[\"https:\/\/juacontecimentos.com.br\/site\/joao-furtado-assume-fazenda-e-siqueira-vai-para-casa-civil\/\"]}]},{\"@type\":\"ImageObject\",\"inLanguage\":\"pt-BR\",\"@id\":\"https:\/\/juacontecimentos.com.br\/site\/joao-furtado-assume-fazenda-e-siqueira-vai-para-casa-civil\/#primaryimage\",\"url\":\"https:\/\/juacontecimentos.com.br\/site\/wp-content\/uploads\/2017\/06\/jose-carlos-siqueira-joao-furtado.jpg\",\"contentUrl\":\"https:\/\/juacontecimentos.com.br\/site\/wp-content\/uploads\/2017\/06\/jose-carlos-siqueira-joao-furtado.jpg\",\"width\":620,\"height\":350},{\"@type\":\"BreadcrumbList\",\"@id\":\"https:\/\/juacontecimentos.com.br\/site\/joao-furtado-assume-fazenda-e-siqueira-vai-para-casa-civil\/#breadcrumb\",\"itemListElement\":[{\"@type\":\"ListItem\",\"position\":1,\"name\":\"In\u00edcio\",\"item\":\"https:\/\/juacontecimentos.com.br\/site\/\"},{\"@type\":\"ListItem\",\"position\":2,\"name\":\"Jo\u00e3o Furtado assume Fazenda e Siqueira vai para Casa Civil\"}]},{\"@type\":\"WebSite\",\"@id\":\"https:\/\/juacontecimentos.com.br\/site\/#website\",\"url\":\"https:\/\/juacontecimentos.com.br\/site\/\",\"name\":\"Jornal Ultimos Acontecimentos\",\"description\":\"Catal\u00e3o e regi\u00e3o\",\"publisher\":{\"@id\":\"https:\/\/juacontecimentos.com.br\/site\/#organization\"},\"potentialAction\":[{\"@type\":\"SearchAction\",\"target\":{\"@type\":\"EntryPoint\",\"urlTemplate\":\"https:\/\/juacontecimentos.com.br\/site\/?s={search_term_string}\"},\"query-input\":{\"@type\":\"PropertyValueSpecification\",\"valueRequired\":true,\"valueName\":\"search_term_string\"}}],\"inLanguage\":\"pt-BR\"},{\"@type\":\"Organization\",\"@id\":\"https:\/\/juacontecimentos.com.br\/site\/#organization\",\"name\":\"Jornal Ultimos Acontecimentos\",\"url\":\"https:\/\/juacontecimentos.com.br\/site\/\",\"logo\":{\"@type\":\"ImageObject\",\"inLanguage\":\"pt-BR\",\"@id\":\"https:\/\/juacontecimentos.com.br\/site\/#\/schema\/logo\/image\/\",\"url\":\"https:\/\/juacontecimentos.com.br\/site\/wp-content\/uploads\/2023\/04\/Logo_Site.png\",\"contentUrl\":\"https:\/\/juacontecimentos.com.br\/site\/wp-content\/uploads\/2023\/04\/Logo_Site.png\",\"width\":2476,\"height\":530,\"caption\":\"Jornal Ultimos Acontecimentos\"},\"image\":{\"@id\":\"https:\/\/juacontecimentos.com.br\/site\/#\/schema\/logo\/image\/\"},\"sameAs\":[\"https:\/\/www.facebook.com\/jultimosacontecimentos\/\"]},{\"@type\":\"Person\",\"@id\":\"https:\/\/juacontecimentos.com.br\/site\/#\/schema\/person\/082a54e6d3fdd7a633291428521c9669\",\"name\":\"Reginaldo Ribeiro\",\"image\":{\"@type\":\"ImageObject\",\"inLanguage\":\"pt-BR\",\"@id\":\"https:\/\/juacontecimentos.com.br\/site\/#\/schema\/person\/image\/\",\"url\":\"https:\/\/secure.gravatar.com\/avatar\/5c16c6837c3490270a74d888c2a845728f06bdde1f8761de1de1d1d1ef82d12f?s=96&d=mm&r=g\",\"contentUrl\":\"https:\/\/secure.gravatar.com\/avatar\/5c16c6837c3490270a74d888c2a845728f06bdde1f8761de1de1d1d1ef82d12f?s=96&d=mm&r=g\",\"caption\":\"Reginaldo Ribeiro\"}}]}<\/script>\n<!-- \/ Yoast SEO plugin. -->","yoast_head_json":{"title":"Jo\u00e3o Furtado assume Fazenda e Siqueira vai para Casa Civil - Jornal Ultimos Acontecimentos","robots":{"index":"index","follow":"follow","max-snippet":"max-snippet:-1","max-image-preview":"max-image-preview:large","max-video-preview":"max-video-preview:-1"},"canonical":"https:\/\/juacontecimentos.com.br\/site\/joao-furtado-assume-fazenda-e-siqueira-vai-para-casa-civil\/","og_locale":"pt_BR","og_type":"article","og_title":"Jo\u00e3o Furtado assume Fazenda e Siqueira vai para Casa Civil - Jornal Ultimos Acontecimentos","og_description":"Mudan\u00e7as foram anunciadas nas redes sociais pelo governador de Goi\u00e1s, Marconi Perillo (PSDB) O governador de Goi\u00e1s, Marconi Perillo (PSDB), anunciou nas redes sociais mudan\u00e7as nos comandos da Secretaria da Fazenda (Sefaz) e da Casa Civil, em postagens feitas na noite da \u00faltima quinta-feira (1\u00ba\/6). Jo\u00e3o Furtado, atualmente no comando da Casa Civil, assumir\u00e1 a","og_url":"https:\/\/juacontecimentos.com.br\/site\/joao-furtado-assume-fazenda-e-siqueira-vai-para-casa-civil\/","og_site_name":"Jornal Ultimos Acontecimentos","article_publisher":"https:\/\/www.facebook.com\/jultimosacontecimentos\/","article_published_time":"2017-06-02T16:02:27+00:00","article_modified_time":"2017-06-02T16:02:42+00:00","og_image":[{"width":620,"height":350,"url":"https:\/\/juacontecimentos.com.br\/site\/wp-content\/uploads\/2017\/06\/jose-carlos-siqueira-joao-furtado.jpg","type":"image\/jpeg"}],"author":"Reginaldo Ribeiro","twitter_card":"summary_large_image","twitter_misc":{"Escrito por":"Reginaldo Ribeiro","Est. tempo de leitura":"1 minuto"},"schema":{"@context":"https:\/\/schema.org","@graph":[{"@type":"Article","@id":"https:\/\/juacontecimentos.com.br\/site\/joao-furtado-assume-fazenda-e-siqueira-vai-para-casa-civil\/#article","isPartOf":{"@id":"https:\/\/juacontecimentos.com.br\/site\/joao-furtado-assume-fazenda-e-siqueira-vai-para-casa-civil\/"},"author":{"name":"Reginaldo Ribeiro","@id":"https:\/\/juacontecimentos.com.br\/site\/#\/schema\/person\/082a54e6d3fdd7a633291428521c9669"},"headline":"Jo\u00e3o Furtado assume Fazenda e Siqueira vai para Casa Civil","datePublished":"2017-06-02T16:02:27+00:00","dateModified":"2017-06-02T16:02:42+00:00","mainEntityOfPage":{"@id":"https:\/\/juacontecimentos.com.br\/site\/joao-furtado-assume-fazenda-e-siqueira-vai-para-casa-civil\/"},"wordCount":237,"commentCount":0,"publisher":{"@id":"https:\/\/juacontecimentos.com.br\/site\/#organization"},"image":{"@id":"https:\/\/juacontecimentos.com.br\/site\/joao-furtado-assume-fazenda-e-siqueira-vai-para-casa-civil\/#primaryimage"},"thumbnailUrl":"https:\/\/juacontecimentos.com.br\/site\/wp-content\/uploads\/2017\/06\/jose-carlos-siqueira-joao-furtado.jpg","articleSection":["Catal\u00e3o","Destaque","Goi\u00e1s"],"inLanguage":"pt-BR"},{"@type":"WebPage","@id":"https:\/\/juacontecimentos.com.br\/site\/joao-furtado-assume-fazenda-e-siqueira-vai-para-casa-civil\/","url":"https:\/\/juacontecimentos.com.br\/site\/joao-furtado-assume-fazenda-e-siqueira-vai-para-casa-civil\/","name":"Jo\u00e3o Furtado assume Fazenda e Siqueira vai para Casa Civil - Jornal Ultimos Acontecimentos","isPartOf":{"@id":"https:\/\/juacontecimentos.com.br\/site\/#website"},"primaryImageOfPage":{"@id":"https:\/\/juacontecimentos.com.br\/site\/joao-furtado-assume-fazenda-e-siqueira-vai-para-casa-civil\/#primaryimage"},"image":{"@id":"https:\/\/juacontecimentos.com.br\/site\/joao-furtado-assume-fazenda-e-siqueira-vai-para-casa-civil\/#primaryimage"},"thumbnailUrl":"https:\/\/juacontecimentos.com.br\/site\/wp-content\/uploads\/2017\/06\/jose-carlos-siqueira-joao-furtado.jpg","datePublished":"2017-06-02T16:02:27+00:00","dateModified":"2017-06-02T16:02:42+00:00","breadcrumb":{"@id":"https:\/\/juacontecimentos.com.br\/site\/joao-furtado-assume-fazenda-e-siqueira-vai-para-casa-civil\/#breadcrumb"},"inLanguage":"pt-BR","potentialAction":[{"@type":"ReadAction","target":["https:\/\/juacontecimentos.com.br\/site\/joao-furtado-assume-fazenda-e-siqueira-vai-para-casa-civil\/"]}]},{"@type":"ImageObject","inLanguage":"pt-BR","@id":"https:\/\/juacontecimentos.com.br\/site\/joao-furtado-assume-fazenda-e-siqueira-vai-para-casa-civil\/#primaryimage","url":"https:\/\/juacontecimentos.com.br\/site\/wp-content\/uploads\/2017\/06\/jose-carlos-siqueira-joao-furtado.jpg","contentUrl":"https:\/\/juacontecimentos.com.br\/site\/wp-content\/uploads\/2017\/06\/jose-carlos-siqueira-joao-furtado.jpg","width":620,"height":350},{"@type":"BreadcrumbList","@id":"https:\/\/juacontecimentos.com.br\/site\/joao-furtado-assume-fazenda-e-siqueira-vai-para-casa-civil\/#breadcrumb","itemListElement":[{"@type":"ListItem","position":1,"name":"In\u00edcio","item":"https:\/\/juacontecimentos.com.br\/site\/"},{"@type":"ListItem","position":2,"name":"Jo\u00e3o Furtado assume Fazenda e Siqueira vai para Casa Civil"}]},{"@type":"WebSite","@id":"https:\/\/juacontecimentos.com.br\/site\/#website","url":"https:\/\/juacontecimentos.com.br\/site\/","name":"Jornal Ultimos Acontecimentos","description":"Catal\u00e3o e regi\u00e3o","publisher":{"@id":"https:\/\/juacontecimentos.com.br\/site\/#organization"},"potentialAction":[{"@type":"SearchAction","target":{"@type":"EntryPoint","urlTemplate":"https:\/\/juacontecimentos.com.br\/site\/?s={search_term_string}"},"query-input":{"@type":"PropertyValueSpecification","valueRequired":true,"valueName":"search_term_string"}}],"inLanguage":"pt-BR"},{"@type":"Organization","@id":"https:\/\/juacontecimentos.com.br\/site\/#organization","name":"Jornal Ultimos Acontecimentos","url":"https:\/\/juacontecimentos.com.br\/site\/","logo":{"@type":"ImageObject","inLanguage":"pt-BR","@id":"https:\/\/juacontecimentos.com.br\/site\/#\/schema\/logo\/image\/","url":"https:\/\/juacontecimentos.com.br\/site\/wp-content\/uploads\/2023\/04\/Logo_Site.png","contentUrl":"https:\/\/juacontecimentos.com.br\/site\/wp-content\/uploads\/2023\/04\/Logo_Site.png","width":2476,"height":530,"caption":"Jornal Ultimos Acontecimentos"},"image":{"@id":"https:\/\/juacontecimentos.com.br\/site\/#\/schema\/logo\/image\/"},"sameAs":["https:\/\/www.facebook.com\/jultimosacontecimentos\/"]},{"@type":"Person","@id":"https:\/\/juacontecimentos.com.br\/site\/#\/schema\/person\/082a54e6d3fdd7a633291428521c9669","name":"Reginaldo Ribeiro","image":{"@type":"ImageObject","inLanguage":"pt-BR","@id":"https:\/\/juacontecimentos.com.br\/site\/#\/schema\/person\/image\/","url":"https:\/\/secure.gravatar.com\/avatar\/5c16c6837c3490270a74d888c2a845728f06bdde1f8761de1de1d1d1ef82d12f?s=96&d=mm&r=g","contentUrl":"https:\/\/secure.gravatar.com\/avatar\/5c16c6837c3490270a74d888c2a845728f06bdde1f8761de1de1d1d1ef82d12f?s=96&d=mm&r=g","caption":"Reginaldo Ribeiro"}}]}},"_links":{"self":[{"href":"https:\/\/juacontecimentos.com.br\/site\/wp-json\/wp\/v2\/posts\/595","targetHints":{"allow":["GET"]}}],"collection":[{"href":"https:\/\/juacontecimentos.com.br\/site\/wp-json\/wp\/v2\/posts"}],"about":[{"href":"https:\/\/juacontecimentos.com.br\/site\/wp-json\/wp\/v2\/types\/post"}],"author":[{"embeddable":true,"href":"https:\/\/juacontecimentos.com.br\/site\/wp-json\/wp\/v2\/users\/2"}],"replies":[{"embeddable":true,"href":"https:\/\/juacontecimentos.com.br\/site\/wp-json\/wp\/v2\/comments?post=595"}],"version-history":[{"count":1,"href":"https:\/\/juacontecimentos.com.br\/site\/wp-json\/wp\/v2\/posts\/595\/revisions"}],"predecessor-version":[{"id":597,"href":"https:\/\/juacontecimentos.com.br\/site\/wp-json\/wp\/v2\/posts\/595\/revisions\/597"}],"wp:featuredmedia":[{"embeddable":true,"href":"https:\/\/juacontecimentos.com.br\/site\/wp-json\/wp\/v2\/media\/596"}],"wp:attachment":[{"href":"https:\/\/juacontecimentos.com.br\/site\/wp-json\/wp\/v2\/media?parent=595"}],"wp:term":[{"taxonomy":"category","embeddable":true,"href":"https:\/\/juacontecimentos.com.br\/site\/wp-json\/wp\/v2\/categories?post=595"},{"taxonomy":"post_tag","embeddable":true,"href":"https:\/\/juacontecimentos.com.br\/site\/wp-json\/wp\/v2\/tags?post=595"}],"curies":[{"name":"wp","href":"https:\/\/api.w.org\/{rel}","templated":true}]}}