{"id":6001,"date":"2019-03-06T13:16:53","date_gmt":"2019-03-06T16:16:53","guid":{"rendered":"http:\/\/juacontecimentos.com.br\/site\/?p=6001"},"modified":"2019-03-06T13:16:53","modified_gmt":"2019-03-06T16:16:53","slug":"prefeitura-comemora-o-sucesso-do-carnaval-3-ranchos-fest-folia-2019","status":"publish","type":"post","link":"https:\/\/juacontecimentos.com.br\/site\/prefeitura-comemora-o-sucesso-do-carnaval-3-ranchos-fest-folia-2019\/","title":{"rendered":"Prefeitura comemora o sucesso do \u201cCarnaval 3 Ranchos Fest Folia 2019\u201d"},"content":{"rendered":"<div><\/div>\n<p><\/p>\n<div class=\"fb-video\">\n<blockquote class=\"fb-xfbml-parse-ignore\"><p><a href=\"https:\/\/www.facebook.com\/OficialFernandoGarcia\/videos\/339064620070500\/\">CARNAVAL TR\u00caS RANCHOS<\/a><\/p>\n<p>O CARNAVAL MOVIMENTOU O FIM DE SEMANA EM TR\u00caS RANCHOS. TEVE DJs E SHOWS NO SAMB\u00d3DROMO. OS FOLI\u00d5ES APROVEITARAM BASTANTE. VEJAM NA REPORTAGEM.<\/p>\n<p>Publicado por <a href=\"https:\/\/www.facebook.com\/OficialFernandoGarcia\/\">Fernando Garcia Catal\u00e3o<\/a> em Segunda-feira, 4 de mar\u00e7o de 2019<\/p><\/blockquote>\n<\/div>\n<p>Fonte:\u00a0V\u00eddeo &#8211; Fernando Garcia<\/p>\n<p>A Prefeitura de Tr\u00eas Ranchos comemora o sucesso do Carnaval 3 Ranchos Fest Folia 2019, evento que aconteceu entre os dias 2 e 4 de mar\u00e7o, e recebeu um p\u00fablico de aproximadamente 40 mil pessoas, e como manda a tradi\u00e7\u00e3o, a cidade tur\u00edstica foi palco de um dos melhores carnavais da regi\u00e3o.<\/p>\n<p>Com disponibilidade de uma estrutura totalmente adequada para o evento, a festa no Samb\u00f3dromo, foi animada com shows de Lucca &amp; Mateus, Liz Maia, PH &amp; Michel, Ruidy &amp; Gabryel, MC Cidr\u00e3o, Hugo &amp; Guilherme, Leo &amp; Adriano, Dj Lo Fernandes, Dj Cleiton Jr.<\/p>\n<p>Mas, a sensa\u00e7\u00e3o deste ano, foi a grande festa e muita divers\u00e3o e alegria encontrada na \u201cPraia Artificial\u201d, localizada as margens do Lago Azul. Segundo os organizadores, mais de 3 mil pessoas passaram pelo local, que foi inaugurada em 2017 e, desde ent\u00e3o, se transformou em uma das maiores atra\u00e7\u00f5es do tur\u00edstica.<\/p>\n<div><\/div>\n<p><\/p>\n<div class=\"fb-video\">\n<blockquote class=\"fb-xfbml-parse-ignore\"><p><a href=\"https:\/\/www.facebook.com\/Viniius104.9fm\/videos\/2085914014789973\/\"><\/a><\/p>\n<p>De Hoje #Praia Artificial 3Ranchos Fest Folia 2019<\/p>\n<p>Publicado por <a href=\"https:\/\/www.facebook.com\/Viniius104.9fm\">Vinicius Martins<\/a> em Domingo, 3 de mar\u00e7o de 2019<\/p><\/blockquote>\n<\/div>\n<div><\/div>\n<p><\/p>\n<div class=\"fb-video\">\n<blockquote class=\"fb-xfbml-parse-ignore\"><p><a href=\"https:\/\/www.facebook.com\/hugo.deleon.353250\/videos\/622822041496271\/\"><\/a><\/p>\n<p>Publicado por <a href=\"https:\/\/www.facebook.com\/hugo.deleon.353250\">Hugo Deleon<\/a> em Ter\u00e7a-feira, 5 de mar\u00e7o de 2019<\/p><\/blockquote>\n<\/div>\n<p>Segundo dados da Secretaria Municipal de Turismo, as margens do Lago Azul tiveram um aumento de 40% no n\u00famero de visitantes depois que a atra\u00e7\u00e3o come\u00e7ou a funcionar.<\/p>\n<p>\u201cNossa cidade passou a ser mais movimentada, depois que criamos essa prainha artificial. Esse lugar \u00e9 100% voltado para as pessoas se encontrar, praticar esportes, se divertir. Este ano, com a orienta\u00e7\u00e3o do prefeito Hugo Deleon, optamos por trazer toda a estrutura necess\u00e1ria, inclusive os carros de som automotivo para este espa\u00e7o, assim, o turista passa a ter seu ponto de encontro e divers\u00e3o em um s\u00f3 lugar\u201d, afirma a secret\u00e1ria de Turismo\u00a0Cl\u00edcia Lilian dos Santos Feitosa, que destacou a import\u00e2ncia da valoriza\u00e7\u00e3o dos eventos culturais. \u201cO nosso Carnaval ocorreu tudo em paz, com muita divers\u00e3o e alegria, s\u00f3 temos que agradecer a Deus e ao apoio da Prefeitura e parceiros pela realiza\u00e7\u00e3o do evento\u201d destaca.<\/p>\n<p>A administra\u00e7\u00e3o municipal de Tr\u00eas Ranchos, se preocupou em manter a mesma estrutura de seguran\u00e7a e qualidade para o evento, com refor\u00e7o da Pol\u00edcia Militar, Pol\u00edcia Civil, Pol\u00edcia Federal, Corpo de Bombeiros, equipe da Secretaria Municipal de Sa\u00fade, banheiros qu\u00edmicos, entre outros.<\/p>\n<p>O Prefeito Hugo Deleon comentou o sucesso do Carnaval \u201c\u00c9 um prazer imenso conseguir realizar esse evento em mais um ano, pois apesar das dificuldades conseguimos chegar at\u00e9 aqui, essa \u00e9 a festa da paz da alegria e do trabalho\u201d completa.<\/p>\n<div><\/div>\n<p><\/p>\n<div class=\"fb-video\">\n<blockquote class=\"fb-xfbml-parse-ignore\"><p><a href=\"https:\/\/www.facebook.com\/hugo.deleon.353250\/videos\/621347978310344\/\"><\/a><\/p>\n<p>Carnaval primeiro dia lotado \ud83d\udc4f\ud83c\udffb\ud83d\udc4f\ud83c\udffb\ud83d\udc4f\ud83c\udffb\ud83d\udc4f\ud83c\udffb 3 Ranchos Fest Folia \ud83d\udc4f\ud83c\udffb\ud83d\udc4f\ud83c\udffb\ud83d\udc4f\ud83c\udffb\u2705Vem pra 3 Ranchos<\/p>\n<p>Publicado por <a href=\"https:\/\/www.facebook.com\/hugo.deleon.353250\">Hugo Deleon<\/a> em S\u00e1bado, 2 de mar\u00e7o de 2019<\/p><\/blockquote>\n<\/div>\n<p>Segundo o prefeito Hugo Deleon, a festa aconteceu dentro das expectativas da comiss\u00e3o organizadora. \u201cFoi uma festa democr\u00e1tica, com uma programa\u00e7\u00e3o ecl\u00e9tica e que fez muita gente sair de casa para prestigiar. Estamos satisfeitos e n\u00f3s j\u00e1 estamos programando para oferecer uma festa no pr\u00f3ximo ano, t\u00e3o bonita quanto esta deste ano\u201d, disse o prefeito.<\/p>\n<p><img loading=\"lazy\" decoding=\"async\" class=\"alignnone size-medium wp-image-5996\" src=\"http:\/\/juacontecimentos.com.br\/site\/wp-content\/uploads\/2019\/03\/Vinicius-300x169.jpg\" alt=\"\" width=\"300\" height=\"169\" srcset=\"https:\/\/juacontecimentos.com.br\/site\/wp-content\/uploads\/2019\/03\/Vinicius-300x169.jpg 300w, https:\/\/juacontecimentos.com.br\/site\/wp-content\/uploads\/2019\/03\/Vinicius-768x432.jpg 768w, https:\/\/juacontecimentos.com.br\/site\/wp-content\/uploads\/2019\/03\/Vinicius-1024x577.jpg 1024w, https:\/\/juacontecimentos.com.br\/site\/wp-content\/uploads\/2019\/03\/Vinicius.jpg 2048w\" sizes=\"auto, (max-width: 300px) 100vw, 300px\" \/> <img loading=\"lazy\" decoding=\"async\" class=\"alignnone size-medium wp-image-6003\" src=\"http:\/\/juacontecimentos.com.br\/site\/wp-content\/uploads\/2019\/03\/Soca-Bota-1-300x225.jpg\" alt=\"\" width=\"300\" height=\"225\" srcset=\"https:\/\/juacontecimentos.com.br\/site\/wp-content\/uploads\/2019\/03\/Soca-Bota-1-300x225.jpg 300w, https:\/\/juacontecimentos.com.br\/site\/wp-content\/uploads\/2019\/03\/Soca-Bota-1-768x576.jpg 768w, https:\/\/juacontecimentos.com.br\/site\/wp-content\/uploads\/2019\/03\/Soca-Bota-1-1024x768.jpg 1024w\" sizes=\"auto, (max-width: 300px) 100vw, 300px\" \/> <img loading=\"lazy\" decoding=\"async\" class=\"alignnone size-medium wp-image-6004\" src=\"http:\/\/juacontecimentos.com.br\/site\/wp-content\/uploads\/2019\/03\/Tr\u00eas-Ranchos-300x200.jpg\" alt=\"\" width=\"300\" height=\"200\" srcset=\"https:\/\/juacontecimentos.com.br\/site\/wp-content\/uploads\/2019\/03\/Tr\u00eas-Ranchos-300x200.jpg 300w, https:\/\/juacontecimentos.com.br\/site\/wp-content\/uploads\/2019\/03\/Tr\u00eas-Ranchos-768x512.jpg 768w, https:\/\/juacontecimentos.com.br\/site\/wp-content\/uploads\/2019\/03\/Tr\u00eas-Ranchos-1024x683.jpg 1024w, https:\/\/juacontecimentos.com.br\/site\/wp-content\/uploads\/2019\/03\/Tr\u00eas-Ranchos.jpg 1881w\" sizes=\"auto, (max-width: 300px) 100vw, 300px\" \/><img loading=\"lazy\" decoding=\"async\" class=\"alignnone size-medium wp-image-6005\" src=\"http:\/\/juacontecimentos.com.br\/site\/wp-content\/uploads\/2019\/03\/IMG_20190303_080638811_HDR-1-300x225.jpg\" alt=\"\" width=\"300\" height=\"225\" srcset=\"https:\/\/juacontecimentos.com.br\/site\/wp-content\/uploads\/2019\/03\/IMG_20190303_080638811_HDR-1-300x225.jpg 300w, https:\/\/juacontecimentos.com.br\/site\/wp-content\/uploads\/2019\/03\/IMG_20190303_080638811_HDR-1-768x576.jpg 768w, https:\/\/juacontecimentos.com.br\/site\/wp-content\/uploads\/2019\/03\/IMG_20190303_080638811_HDR-1-1024x768.jpg 1024w\" sizes=\"auto, (max-width: 300px) 100vw, 300px\" \/> <img loading=\"lazy\" decoding=\"async\" class=\"alignnone size-medium wp-image-6006\" src=\"http:\/\/juacontecimentos.com.br\/site\/wp-content\/uploads\/2019\/03\/IMG_20190303_114550784_HDR-300x225.jpg\" alt=\"\" width=\"300\" height=\"225\" srcset=\"https:\/\/juacontecimentos.com.br\/site\/wp-content\/uploads\/2019\/03\/IMG_20190303_114550784_HDR-300x225.jpg 300w, https:\/\/juacontecimentos.com.br\/site\/wp-content\/uploads\/2019\/03\/IMG_20190303_114550784_HDR-768x576.jpg 768w, https:\/\/juacontecimentos.com.br\/site\/wp-content\/uploads\/2019\/03\/IMG_20190303_114550784_HDR-1024x768.jpg 1024w\" sizes=\"auto, (max-width: 300px) 100vw, 300px\" \/> <img loading=\"lazy\" decoding=\"async\" class=\"alignnone size-medium wp-image-6007\" src=\"http:\/\/juacontecimentos.com.br\/site\/wp-content\/uploads\/2019\/03\/IMG_20190303_115101941_HDR-300x225.jpg\" alt=\"\" width=\"300\" height=\"225\" srcset=\"https:\/\/juacontecimentos.com.br\/site\/wp-content\/uploads\/2019\/03\/IMG_20190303_115101941_HDR-300x225.jpg 300w, https:\/\/juacontecimentos.com.br\/site\/wp-content\/uploads\/2019\/03\/IMG_20190303_115101941_HDR-768x576.jpg 768w, https:\/\/juacontecimentos.com.br\/site\/wp-content\/uploads\/2019\/03\/IMG_20190303_115101941_HDR-1024x768.jpg 1024w\" sizes=\"auto, (max-width: 300px) 100vw, 300px\" \/> <img loading=\"lazy\" decoding=\"async\" class=\"alignnone size-medium wp-image-6008\" src=\"http:\/\/juacontecimentos.com.br\/site\/wp-content\/uploads\/2019\/03\/IMG_20190303_123830247_HDR-1-300x225.jpg\" alt=\"\" width=\"300\" height=\"225\" srcset=\"https:\/\/juacontecimentos.com.br\/site\/wp-content\/uploads\/2019\/03\/IMG_20190303_123830247_HDR-1-300x225.jpg 300w, https:\/\/juacontecimentos.com.br\/site\/wp-content\/uploads\/2019\/03\/IMG_20190303_123830247_HDR-1-768x576.jpg 768w, https:\/\/juacontecimentos.com.br\/site\/wp-content\/uploads\/2019\/03\/IMG_20190303_123830247_HDR-1-1024x768.jpg 1024w\" sizes=\"auto, (max-width: 300px) 100vw, 300px\" \/><img loading=\"lazy\" decoding=\"async\" class=\"alignnone size-medium wp-image-6009\" src=\"http:\/\/juacontecimentos.com.br\/site\/wp-content\/uploads\/2019\/03\/53410207_1928328447295076_3296032046970830848_o-300x214.jpg\" alt=\"\" width=\"300\" height=\"214\" srcset=\"https:\/\/juacontecimentos.com.br\/site\/wp-content\/uploads\/2019\/03\/53410207_1928328447295076_3296032046970830848_o-300x214.jpg 300w, https:\/\/juacontecimentos.com.br\/site\/wp-content\/uploads\/2019\/03\/53410207_1928328447295076_3296032046970830848_o-768x549.jpg 768w, https:\/\/juacontecimentos.com.br\/site\/wp-content\/uploads\/2019\/03\/53410207_1928328447295076_3296032046970830848_o-1024x731.jpg 1024w, https:\/\/juacontecimentos.com.br\/site\/wp-content\/uploads\/2019\/03\/53410207_1928328447295076_3296032046970830848_o-184x130.jpg 184w, https:\/\/juacontecimentos.com.br\/site\/wp-content\/uploads\/2019\/03\/53410207_1928328447295076_3296032046970830848_o.jpg 1512w\" sizes=\"auto, (max-width: 300px) 100vw, 300px\" \/> <img loading=\"lazy\" decoding=\"async\" class=\"alignnone size-medium wp-image-6010\" src=\"http:\/\/juacontecimentos.com.br\/site\/wp-content\/uploads\/2019\/03\/53415019_1928323520628902_6334088167502643200_o-300x214.jpg\" alt=\"\" width=\"300\" height=\"214\" srcset=\"https:\/\/juacontecimentos.com.br\/site\/wp-content\/uploads\/2019\/03\/53415019_1928323520628902_6334088167502643200_o-300x214.jpg 300w, https:\/\/juacontecimentos.com.br\/site\/wp-content\/uploads\/2019\/03\/53415019_1928323520628902_6334088167502643200_o-768x549.jpg 768w, https:\/\/juacontecimentos.com.br\/site\/wp-content\/uploads\/2019\/03\/53415019_1928323520628902_6334088167502643200_o-1024x732.jpg 1024w, https:\/\/juacontecimentos.com.br\/site\/wp-content\/uploads\/2019\/03\/53415019_1928323520628902_6334088167502643200_o-184x130.jpg 184w, https:\/\/juacontecimentos.com.br\/site\/wp-content\/uploads\/2019\/03\/53415019_1928323520628902_6334088167502643200_o.jpg 1755w\" sizes=\"auto, (max-width: 300px) 100vw, 300px\" \/> <img loading=\"lazy\" decoding=\"async\" class=\"alignnone size-medium wp-image-6011\" src=\"http:\/\/juacontecimentos.com.br\/site\/wp-content\/uploads\/2019\/03\/53551186_1928326013961986_3527391287982424064_o-300x199.jpg\" alt=\"\" width=\"300\" height=\"199\" srcset=\"https:\/\/juacontecimentos.com.br\/site\/wp-content\/uploads\/2019\/03\/53551186_1928326013961986_3527391287982424064_o-300x199.jpg 300w, https:\/\/juacontecimentos.com.br\/site\/wp-content\/uploads\/2019\/03\/53551186_1928326013961986_3527391287982424064_o-768x509.jpg 768w, https:\/\/juacontecimentos.com.br\/site\/wp-content\/uploads\/2019\/03\/53551186_1928326013961986_3527391287982424064_o-1024x679.jpg 1024w, https:\/\/juacontecimentos.com.br\/site\/wp-content\/uploads\/2019\/03\/53551186_1928326013961986_3527391287982424064_o.jpg 1891w\" sizes=\"auto, (max-width: 300px) 100vw, 300px\" \/> <img loading=\"lazy\" decoding=\"async\" class=\"alignnone size-medium wp-image-6012\" src=\"http:\/\/juacontecimentos.com.br\/site\/wp-content\/uploads\/2019\/03\/53615531_1928322003962387_9040044076539314176_o-300x169.jpg\" alt=\"\" width=\"300\" height=\"169\" srcset=\"https:\/\/juacontecimentos.com.br\/site\/wp-content\/uploads\/2019\/03\/53615531_1928322003962387_9040044076539314176_o-300x169.jpg 300w, https:\/\/juacontecimentos.com.br\/site\/wp-content\/uploads\/2019\/03\/53615531_1928322003962387_9040044076539314176_o-768x432.jpg 768w, https:\/\/juacontecimentos.com.br\/site\/wp-content\/uploads\/2019\/03\/53615531_1928322003962387_9040044076539314176_o-1024x576.jpg 1024w, https:\/\/juacontecimentos.com.br\/site\/wp-content\/uploads\/2019\/03\/53615531_1928322003962387_9040044076539314176_o.jpg 1783w\" sizes=\"auto, (max-width: 300px) 100vw, 300px\" \/> <img loading=\"lazy\" decoding=\"async\" class=\"alignnone size-medium wp-image-6013\" src=\"http:\/\/juacontecimentos.com.br\/site\/wp-content\/uploads\/2019\/03\/53746352_1928323753962212_7002990647674142720_o-300x214.jpg\" alt=\"\" width=\"300\" height=\"214\" srcset=\"https:\/\/juacontecimentos.com.br\/site\/wp-content\/uploads\/2019\/03\/53746352_1928323753962212_7002990647674142720_o-300x214.jpg 300w, https:\/\/juacontecimentos.com.br\/site\/wp-content\/uploads\/2019\/03\/53746352_1928323753962212_7002990647674142720_o-768x549.jpg 768w, https:\/\/juacontecimentos.com.br\/site\/wp-content\/uploads\/2019\/03\/53746352_1928323753962212_7002990647674142720_o-1024x732.jpg 1024w, https:\/\/juacontecimentos.com.br\/site\/wp-content\/uploads\/2019\/03\/53746352_1928323753962212_7002990647674142720_o-184x130.jpg 184w, https:\/\/juacontecimentos.com.br\/site\/wp-content\/uploads\/2019\/03\/53746352_1928323753962212_7002990647674142720_o.jpg 1755w\" sizes=\"auto, (max-width: 300px) 100vw, 300px\" \/><\/p>\n<div><\/div>\n<p><\/p>\n<div class=\"fb-video\">\n<blockquote class=\"fb-xfbml-parse-ignore\"><p><a href=\"https:\/\/www.facebook.com\/Viniius104.9fm\/videos\/2084714271576614\/\"><\/a><\/p>\n<p>Publicado por <a href=\"https:\/\/www.facebook.com\/Viniius104.9fm\">Vinicius Martins<\/a> em S\u00e1bado, 2 de mar\u00e7o de 2019<\/p><\/blockquote>\n<\/div>\n<p><\/p>\n","protected":false},"excerpt":{"rendered":"<p>CARNAVAL TR\u00caS RANCHOS O CARNAVAL MOVIMENTOU O FIM DE SEMANA EM TR\u00caS RANCHOS. TEVE DJs E SHOWS NO SAMB\u00d3DROMO. OS FOLI\u00d5ES APROVEITARAM BASTANTE. VEJAM NA REPORTAGEM. Publicado por Fernando Garcia Catal\u00e3o em Segunda-feira, 4 de mar\u00e7o de 2019 Fonte:\u00a0V\u00eddeo &#8211; Fernando Garcia A Prefeitura de Tr\u00eas Ranchos comemora o sucesso do Carnaval 3 Ranchos Fest<\/p>\n","protected":false},"author":2,"featured_media":6002,"comment_status":"open","ping_status":"open","sticky":false,"template":"","format":"standard","meta":{"footnotes":""},"categories":[27,22,26,23],"tags":[],"class_list":["post-6001","post","type-post","status-publish","format-standard","has-post-thumbnail","hentry","category-brasil","category-catalao","category-destaque","category-goias"],"yoast_head":"<!-- This site is optimized with the Yoast SEO plugin v25.8 - https:\/\/yoast.com\/wordpress\/plugins\/seo\/ -->\n<title>Prefeitura comemora o sucesso do \u201cCarnaval 3 Ranchos Fest Folia 2019\u201d - Jornal Ultimos Acontecimentos<\/title>\n<meta name=\"robots\" content=\"index, follow, max-snippet:-1, max-image-preview:large, max-video-preview:-1\" \/>\n<link rel=\"canonical\" href=\"https:\/\/juacontecimentos.com.br\/site\/prefeitura-comemora-o-sucesso-do-carnaval-3-ranchos-fest-folia-2019\/\" \/>\n<meta property=\"og:locale\" content=\"pt_BR\" \/>\n<meta property=\"og:type\" content=\"article\" \/>\n<meta property=\"og:title\" content=\"Prefeitura comemora o sucesso do \u201cCarnaval 3 Ranchos Fest Folia 2019\u201d - Jornal Ultimos Acontecimentos\" \/>\n<meta property=\"og:description\" content=\"CARNAVAL TR\u00caS RANCHOS O CARNAVAL MOVIMENTOU O FIM DE SEMANA EM TR\u00caS RANCHOS. TEVE DJs E SHOWS NO SAMB\u00d3DROMO. OS FOLI\u00d5ES APROVEITARAM BASTANTE. VEJAM NA REPORTAGEM. Publicado por Fernando Garcia Catal\u00e3o em Segunda-feira, 4 de mar\u00e7o de 2019 Fonte:\u00a0V\u00eddeo &#8211; Fernando Garcia A Prefeitura de Tr\u00eas Ranchos comemora o sucesso do Carnaval 3 Ranchos Fest\" \/>\n<meta property=\"og:url\" content=\"https:\/\/juacontecimentos.com.br\/site\/prefeitura-comemora-o-sucesso-do-carnaval-3-ranchos-fest-folia-2019\/\" \/>\n<meta property=\"og:site_name\" content=\"Jornal Ultimos Acontecimentos\" \/>\n<meta property=\"article:publisher\" content=\"https:\/\/www.facebook.com\/jultimosacontecimentos\/\" \/>\n<meta property=\"article:published_time\" content=\"2019-03-06T16:16:53+00:00\" \/>\n<meta property=\"og:image\" content=\"https:\/\/juacontecimentos.com.br\/site\/wp-content\/uploads\/2019\/03\/Silvio-Tr\u00eas-Ranchos.jpg\" \/>\n\t<meta property=\"og:image:width\" content=\"1080\" \/>\n\t<meta property=\"og:image:height\" content=\"726\" \/>\n\t<meta property=\"og:image:type\" content=\"image\/jpeg\" \/>\n<meta name=\"author\" content=\"Reginaldo Ribeiro\" \/>\n<meta name=\"twitter:card\" content=\"summary_large_image\" \/>\n<meta name=\"twitter:label1\" content=\"Escrito por\" \/>\n\t<meta name=\"twitter:data1\" content=\"Reginaldo Ribeiro\" \/>\n\t<meta name=\"twitter:label2\" content=\"Est. tempo de leitura\" \/>\n\t<meta name=\"twitter:data2\" content=\"3 minutos\" \/>\n<script type=\"application\/ld+json\" class=\"yoast-schema-graph\">{\"@context\":\"https:\/\/schema.org\",\"@graph\":[{\"@type\":\"Article\",\"@id\":\"https:\/\/juacontecimentos.com.br\/site\/prefeitura-comemora-o-sucesso-do-carnaval-3-ranchos-fest-folia-2019\/#article\",\"isPartOf\":{\"@id\":\"https:\/\/juacontecimentos.com.br\/site\/prefeitura-comemora-o-sucesso-do-carnaval-3-ranchos-fest-folia-2019\/\"},\"author\":{\"name\":\"Reginaldo Ribeiro\",\"@id\":\"https:\/\/juacontecimentos.com.br\/site\/#\/schema\/person\/082a54e6d3fdd7a633291428521c9669\"},\"headline\":\"Prefeitura comemora o sucesso do \u201cCarnaval 3 Ranchos Fest Folia 2019\u201d\",\"datePublished\":\"2019-03-06T16:16:53+00:00\",\"mainEntityOfPage\":{\"@id\":\"https:\/\/juacontecimentos.com.br\/site\/prefeitura-comemora-o-sucesso-do-carnaval-3-ranchos-fest-folia-2019\/\"},\"wordCount\":540,\"commentCount\":0,\"publisher\":{\"@id\":\"https:\/\/juacontecimentos.com.br\/site\/#organization\"},\"image\":{\"@id\":\"https:\/\/juacontecimentos.com.br\/site\/prefeitura-comemora-o-sucesso-do-carnaval-3-ranchos-fest-folia-2019\/#primaryimage\"},\"thumbnailUrl\":\"https:\/\/juacontecimentos.com.br\/site\/wp-content\/uploads\/2019\/03\/Silvio-Tr\u00eas-Ranchos.jpg\",\"articleSection\":[\"Brasil\",\"Catal\u00e3o\",\"Destaque\",\"Goi\u00e1s\"],\"inLanguage\":\"pt-BR\"},{\"@type\":\"WebPage\",\"@id\":\"https:\/\/juacontecimentos.com.br\/site\/prefeitura-comemora-o-sucesso-do-carnaval-3-ranchos-fest-folia-2019\/\",\"url\":\"https:\/\/juacontecimentos.com.br\/site\/prefeitura-comemora-o-sucesso-do-carnaval-3-ranchos-fest-folia-2019\/\",\"name\":\"Prefeitura comemora o sucesso do \u201cCarnaval 3 Ranchos Fest Folia 2019\u201d - Jornal Ultimos Acontecimentos\",\"isPartOf\":{\"@id\":\"https:\/\/juacontecimentos.com.br\/site\/#website\"},\"primaryImageOfPage\":{\"@id\":\"https:\/\/juacontecimentos.com.br\/site\/prefeitura-comemora-o-sucesso-do-carnaval-3-ranchos-fest-folia-2019\/#primaryimage\"},\"image\":{\"@id\":\"https:\/\/juacontecimentos.com.br\/site\/prefeitura-comemora-o-sucesso-do-carnaval-3-ranchos-fest-folia-2019\/#primaryimage\"},\"thumbnailUrl\":\"https:\/\/juacontecimentos.com.br\/site\/wp-content\/uploads\/2019\/03\/Silvio-Tr\u00eas-Ranchos.jpg\",\"datePublished\":\"2019-03-06T16:16:53+00:00\",\"breadcrumb\":{\"@id\":\"https:\/\/juacontecimentos.com.br\/site\/prefeitura-comemora-o-sucesso-do-carnaval-3-ranchos-fest-folia-2019\/#breadcrumb\"},\"inLanguage\":\"pt-BR\",\"potentialAction\":[{\"@type\":\"ReadAction\",\"target\":[\"https:\/\/juacontecimentos.com.br\/site\/prefeitura-comemora-o-sucesso-do-carnaval-3-ranchos-fest-folia-2019\/\"]}]},{\"@type\":\"ImageObject\",\"inLanguage\":\"pt-BR\",\"@id\":\"https:\/\/juacontecimentos.com.br\/site\/prefeitura-comemora-o-sucesso-do-carnaval-3-ranchos-fest-folia-2019\/#primaryimage\",\"url\":\"https:\/\/juacontecimentos.com.br\/site\/wp-content\/uploads\/2019\/03\/Silvio-Tr\u00eas-Ranchos.jpg\",\"contentUrl\":\"https:\/\/juacontecimentos.com.br\/site\/wp-content\/uploads\/2019\/03\/Silvio-Tr\u00eas-Ranchos.jpg\",\"width\":1080,\"height\":726},{\"@type\":\"BreadcrumbList\",\"@id\":\"https:\/\/juacontecimentos.com.br\/site\/prefeitura-comemora-o-sucesso-do-carnaval-3-ranchos-fest-folia-2019\/#breadcrumb\",\"itemListElement\":[{\"@type\":\"ListItem\",\"position\":1,\"name\":\"In\u00edcio\",\"item\":\"https:\/\/juacontecimentos.com.br\/site\/\"},{\"@type\":\"ListItem\",\"position\":2,\"name\":\"Prefeitura comemora o sucesso do \u201cCarnaval 3 Ranchos Fest Folia 2019\u201d\"}]},{\"@type\":\"WebSite\",\"@id\":\"https:\/\/juacontecimentos.com.br\/site\/#website\",\"url\":\"https:\/\/juacontecimentos.com.br\/site\/\",\"name\":\"Jornal Ultimos Acontecimentos\",\"description\":\"Catal\u00e3o e regi\u00e3o\",\"publisher\":{\"@id\":\"https:\/\/juacontecimentos.com.br\/site\/#organization\"},\"potentialAction\":[{\"@type\":\"SearchAction\",\"target\":{\"@type\":\"EntryPoint\",\"urlTemplate\":\"https:\/\/juacontecimentos.com.br\/site\/?s={search_term_string}\"},\"query-input\":{\"@type\":\"PropertyValueSpecification\",\"valueRequired\":true,\"valueName\":\"search_term_string\"}}],\"inLanguage\":\"pt-BR\"},{\"@type\":\"Organization\",\"@id\":\"https:\/\/juacontecimentos.com.br\/site\/#organization\",\"name\":\"Jornal Ultimos Acontecimentos\",\"url\":\"https:\/\/juacontecimentos.com.br\/site\/\",\"logo\":{\"@type\":\"ImageObject\",\"inLanguage\":\"pt-BR\",\"@id\":\"https:\/\/juacontecimentos.com.br\/site\/#\/schema\/logo\/image\/\",\"url\":\"https:\/\/juacontecimentos.com.br\/site\/wp-content\/uploads\/2023\/04\/Logo_Site.png\",\"contentUrl\":\"https:\/\/juacontecimentos.com.br\/site\/wp-content\/uploads\/2023\/04\/Logo_Site.png\",\"width\":2476,\"height\":530,\"caption\":\"Jornal Ultimos Acontecimentos\"},\"image\":{\"@id\":\"https:\/\/juacontecimentos.com.br\/site\/#\/schema\/logo\/image\/\"},\"sameAs\":[\"https:\/\/www.facebook.com\/jultimosacontecimentos\/\"]},{\"@type\":\"Person\",\"@id\":\"https:\/\/juacontecimentos.com.br\/site\/#\/schema\/person\/082a54e6d3fdd7a633291428521c9669\",\"name\":\"Reginaldo Ribeiro\",\"image\":{\"@type\":\"ImageObject\",\"inLanguage\":\"pt-BR\",\"@id\":\"https:\/\/juacontecimentos.com.br\/site\/#\/schema\/person\/image\/\",\"url\":\"https:\/\/secure.gravatar.com\/avatar\/5c16c6837c3490270a74d888c2a845728f06bdde1f8761de1de1d1d1ef82d12f?s=96&d=mm&r=g\",\"contentUrl\":\"https:\/\/secure.gravatar.com\/avatar\/5c16c6837c3490270a74d888c2a845728f06bdde1f8761de1de1d1d1ef82d12f?s=96&d=mm&r=g\",\"caption\":\"Reginaldo Ribeiro\"}}]}<\/script>\n<!-- \/ Yoast SEO plugin. -->","yoast_head_json":{"title":"Prefeitura comemora o sucesso do \u201cCarnaval 3 Ranchos Fest Folia 2019\u201d - Jornal Ultimos Acontecimentos","robots":{"index":"index","follow":"follow","max-snippet":"max-snippet:-1","max-image-preview":"max-image-preview:large","max-video-preview":"max-video-preview:-1"},"canonical":"https:\/\/juacontecimentos.com.br\/site\/prefeitura-comemora-o-sucesso-do-carnaval-3-ranchos-fest-folia-2019\/","og_locale":"pt_BR","og_type":"article","og_title":"Prefeitura comemora o sucesso do \u201cCarnaval 3 Ranchos Fest Folia 2019\u201d - Jornal Ultimos Acontecimentos","og_description":"CARNAVAL TR\u00caS RANCHOS O CARNAVAL MOVIMENTOU O FIM DE SEMANA EM TR\u00caS RANCHOS. TEVE DJs E SHOWS NO SAMB\u00d3DROMO. OS FOLI\u00d5ES APROVEITARAM BASTANTE. VEJAM NA REPORTAGEM. Publicado por Fernando Garcia Catal\u00e3o em Segunda-feira, 4 de mar\u00e7o de 2019 Fonte:\u00a0V\u00eddeo &#8211; Fernando Garcia A Prefeitura de Tr\u00eas Ranchos comemora o sucesso do Carnaval 3 Ranchos Fest","og_url":"https:\/\/juacontecimentos.com.br\/site\/prefeitura-comemora-o-sucesso-do-carnaval-3-ranchos-fest-folia-2019\/","og_site_name":"Jornal Ultimos Acontecimentos","article_publisher":"https:\/\/www.facebook.com\/jultimosacontecimentos\/","article_published_time":"2019-03-06T16:16:53+00:00","og_image":[{"width":1080,"height":726,"url":"https:\/\/juacontecimentos.com.br\/site\/wp-content\/uploads\/2019\/03\/Silvio-Tr\u00eas-Ranchos.jpg","type":"image\/jpeg"}],"author":"Reginaldo Ribeiro","twitter_card":"summary_large_image","twitter_misc":{"Escrito por":"Reginaldo Ribeiro","Est. tempo de leitura":"3 minutos"},"schema":{"@context":"https:\/\/schema.org","@graph":[{"@type":"Article","@id":"https:\/\/juacontecimentos.com.br\/site\/prefeitura-comemora-o-sucesso-do-carnaval-3-ranchos-fest-folia-2019\/#article","isPartOf":{"@id":"https:\/\/juacontecimentos.com.br\/site\/prefeitura-comemora-o-sucesso-do-carnaval-3-ranchos-fest-folia-2019\/"},"author":{"name":"Reginaldo Ribeiro","@id":"https:\/\/juacontecimentos.com.br\/site\/#\/schema\/person\/082a54e6d3fdd7a633291428521c9669"},"headline":"Prefeitura comemora o sucesso do \u201cCarnaval 3 Ranchos Fest Folia 2019\u201d","datePublished":"2019-03-06T16:16:53+00:00","mainEntityOfPage":{"@id":"https:\/\/juacontecimentos.com.br\/site\/prefeitura-comemora-o-sucesso-do-carnaval-3-ranchos-fest-folia-2019\/"},"wordCount":540,"commentCount":0,"publisher":{"@id":"https:\/\/juacontecimentos.com.br\/site\/#organization"},"image":{"@id":"https:\/\/juacontecimentos.com.br\/site\/prefeitura-comemora-o-sucesso-do-carnaval-3-ranchos-fest-folia-2019\/#primaryimage"},"thumbnailUrl":"https:\/\/juacontecimentos.com.br\/site\/wp-content\/uploads\/2019\/03\/Silvio-Tr\u00eas-Ranchos.jpg","articleSection":["Brasil","Catal\u00e3o","Destaque","Goi\u00e1s"],"inLanguage":"pt-BR"},{"@type":"WebPage","@id":"https:\/\/juacontecimentos.com.br\/site\/prefeitura-comemora-o-sucesso-do-carnaval-3-ranchos-fest-folia-2019\/","url":"https:\/\/juacontecimentos.com.br\/site\/prefeitura-comemora-o-sucesso-do-carnaval-3-ranchos-fest-folia-2019\/","name":"Prefeitura comemora o sucesso do \u201cCarnaval 3 Ranchos Fest Folia 2019\u201d - Jornal Ultimos Acontecimentos","isPartOf":{"@id":"https:\/\/juacontecimentos.com.br\/site\/#website"},"primaryImageOfPage":{"@id":"https:\/\/juacontecimentos.com.br\/site\/prefeitura-comemora-o-sucesso-do-carnaval-3-ranchos-fest-folia-2019\/#primaryimage"},"image":{"@id":"https:\/\/juacontecimentos.com.br\/site\/prefeitura-comemora-o-sucesso-do-carnaval-3-ranchos-fest-folia-2019\/#primaryimage"},"thumbnailUrl":"https:\/\/juacontecimentos.com.br\/site\/wp-content\/uploads\/2019\/03\/Silvio-Tr\u00eas-Ranchos.jpg","datePublished":"2019-03-06T16:16:53+00:00","breadcrumb":{"@id":"https:\/\/juacontecimentos.com.br\/site\/prefeitura-comemora-o-sucesso-do-carnaval-3-ranchos-fest-folia-2019\/#breadcrumb"},"inLanguage":"pt-BR","potentialAction":[{"@type":"ReadAction","target":["https:\/\/juacontecimentos.com.br\/site\/prefeitura-comemora-o-sucesso-do-carnaval-3-ranchos-fest-folia-2019\/"]}]},{"@type":"ImageObject","inLanguage":"pt-BR","@id":"https:\/\/juacontecimentos.com.br\/site\/prefeitura-comemora-o-sucesso-do-carnaval-3-ranchos-fest-folia-2019\/#primaryimage","url":"https:\/\/juacontecimentos.com.br\/site\/wp-content\/uploads\/2019\/03\/Silvio-Tr\u00eas-Ranchos.jpg","contentUrl":"https:\/\/juacontecimentos.com.br\/site\/wp-content\/uploads\/2019\/03\/Silvio-Tr\u00eas-Ranchos.jpg","width":1080,"height":726},{"@type":"BreadcrumbList","@id":"https:\/\/juacontecimentos.com.br\/site\/prefeitura-comemora-o-sucesso-do-carnaval-3-ranchos-fest-folia-2019\/#breadcrumb","itemListElement":[{"@type":"ListItem","position":1,"name":"In\u00edcio","item":"https:\/\/juacontecimentos.com.br\/site\/"},{"@type":"ListItem","position":2,"name":"Prefeitura comemora o sucesso do \u201cCarnaval 3 Ranchos Fest Folia 2019\u201d"}]},{"@type":"WebSite","@id":"https:\/\/juacontecimentos.com.br\/site\/#website","url":"https:\/\/juacontecimentos.com.br\/site\/","name":"Jornal Ultimos Acontecimentos","description":"Catal\u00e3o e regi\u00e3o","publisher":{"@id":"https:\/\/juacontecimentos.com.br\/site\/#organization"},"potentialAction":[{"@type":"SearchAction","target":{"@type":"EntryPoint","urlTemplate":"https:\/\/juacontecimentos.com.br\/site\/?s={search_term_string}"},"query-input":{"@type":"PropertyValueSpecification","valueRequired":true,"valueName":"search_term_string"}}],"inLanguage":"pt-BR"},{"@type":"Organization","@id":"https:\/\/juacontecimentos.com.br\/site\/#organization","name":"Jornal Ultimos Acontecimentos","url":"https:\/\/juacontecimentos.com.br\/site\/","logo":{"@type":"ImageObject","inLanguage":"pt-BR","@id":"https:\/\/juacontecimentos.com.br\/site\/#\/schema\/logo\/image\/","url":"https:\/\/juacontecimentos.com.br\/site\/wp-content\/uploads\/2023\/04\/Logo_Site.png","contentUrl":"https:\/\/juacontecimentos.com.br\/site\/wp-content\/uploads\/2023\/04\/Logo_Site.png","width":2476,"height":530,"caption":"Jornal Ultimos Acontecimentos"},"image":{"@id":"https:\/\/juacontecimentos.com.br\/site\/#\/schema\/logo\/image\/"},"sameAs":["https:\/\/www.facebook.com\/jultimosacontecimentos\/"]},{"@type":"Person","@id":"https:\/\/juacontecimentos.com.br\/site\/#\/schema\/person\/082a54e6d3fdd7a633291428521c9669","name":"Reginaldo Ribeiro","image":{"@type":"ImageObject","inLanguage":"pt-BR","@id":"https:\/\/juacontecimentos.com.br\/site\/#\/schema\/person\/image\/","url":"https:\/\/secure.gravatar.com\/avatar\/5c16c6837c3490270a74d888c2a845728f06bdde1f8761de1de1d1d1ef82d12f?s=96&d=mm&r=g","contentUrl":"https:\/\/secure.gravatar.com\/avatar\/5c16c6837c3490270a74d888c2a845728f06bdde1f8761de1de1d1d1ef82d12f?s=96&d=mm&r=g","caption":"Reginaldo Ribeiro"}}]}},"_links":{"self":[{"href":"https:\/\/juacontecimentos.com.br\/site\/wp-json\/wp\/v2\/posts\/6001","targetHints":{"allow":["GET"]}}],"collection":[{"href":"https:\/\/juacontecimentos.com.br\/site\/wp-json\/wp\/v2\/posts"}],"about":[{"href":"https:\/\/juacontecimentos.com.br\/site\/wp-json\/wp\/v2\/types\/post"}],"author":[{"embeddable":true,"href":"https:\/\/juacontecimentos.com.br\/site\/wp-json\/wp\/v2\/users\/2"}],"replies":[{"embeddable":true,"href":"https:\/\/juacontecimentos.com.br\/site\/wp-json\/wp\/v2\/comments?post=6001"}],"version-history":[{"count":1,"href":"https:\/\/juacontecimentos.com.br\/site\/wp-json\/wp\/v2\/posts\/6001\/revisions"}],"predecessor-version":[{"id":6015,"href":"https:\/\/juacontecimentos.com.br\/site\/wp-json\/wp\/v2\/posts\/6001\/revisions\/6015"}],"wp:featuredmedia":[{"embeddable":true,"href":"https:\/\/juacontecimentos.com.br\/site\/wp-json\/wp\/v2\/media\/6002"}],"wp:attachment":[{"href":"https:\/\/juacontecimentos.com.br\/site\/wp-json\/wp\/v2\/media?parent=6001"}],"wp:term":[{"taxonomy":"category","embeddable":true,"href":"https:\/\/juacontecimentos.com.br\/site\/wp-json\/wp\/v2\/categories?post=6001"},{"taxonomy":"post_tag","embeddable":true,"href":"https:\/\/juacontecimentos.com.br\/site\/wp-json\/wp\/v2\/tags?post=6001"}],"curies":[{"name":"wp","href":"https:\/\/api.w.org\/{rel}","templated":true}]}}