{"id":6089,"date":"2019-03-12T09:17:22","date_gmt":"2019-03-12T12:17:22","guid":{"rendered":"http:\/\/juacontecimentos.com.br\/site\/?p=6089"},"modified":"2019-03-12T09:28:37","modified_gmt":"2019-03-12T12:28:37","slug":"alexandre-frota-protocola-representacao-criminal-contra-o-ator-jose-de-abreu-na-pgr","status":"publish","type":"post","link":"https:\/\/juacontecimentos.com.br\/site\/alexandre-frota-protocola-representacao-criminal-contra-o-ator-jose-de-abreu-na-pgr\/","title":{"rendered":"Alexandre Frota protocola representa\u00e7\u00e3o criminal contra o ator Jos\u00e9 de Abreu na PGR"},"content":{"rendered":"<h2 class=\"subtitulo\">Segundo o artor e deputado federal, o motivo s\u00e3o &#8220;os diversos crimes cometidos por ele (Abreu) no aeroporto, em solo brasileiro&#8221;<\/h2>\n<p>Alexandre Frota (PSL-SP), ator e deputado federal eleito por S\u00e3o Paulo, protocolou nesta segunda-feira\u00a0(11) na PGR\u00a0(Procuradoria-Geral da Rep\u00fablica) uma representa\u00e7\u00e3o criminal contra Jos\u00e9 de Abreu. Segundo Frota, o motivo s\u00e3o \u201cos diversos crimes cometidos por ele (Abreu) no aeroporto, em solo brasileiro\u201d.<\/p>\n<p>Jos\u00e9 de Abreu se proclamou presidente do Brasil no dia 25 de fevereiro, em\u00a0uma s\u00e9rie de posts\u00a0no Twitter. Ele estava viajando e chegou ao pa\u00eds no \u00faltimo dia 8, quando foi recebido com festa por dezenas de pessoas no aeroporto do Gale\u00e3o, no Rio.<\/p>\n<p>Sob gritos de \u201c\u00c9 o presidente\u201d, o ator, que \u00e9 apoiador hist\u00f3rico do PT, tomou \u201cposse\u201d e\u00a0leu um texto prometendo defender a Constitui\u00e7\u00e3o Federal de 1988 e as leis do pa\u00eds.<\/p>\n<div class=\"wp-video\">\n<div class=\"mejs-container svg wp-video-shortcode mejs-video\">\n<div class=\"mejs-inner\">\n<div class=\"mejs-mediaelement\">\n<p>\u201cSem querer, eu consegui furar uma bolha. Estava todo mundo ap\u00e1tico, um descr\u00e9dito total com essa desfa\u00e7atez do governo. Eu acho que tive uma intui\u00e7\u00e3o. Come\u00e7ou como uma forma de irritar o [Juan] Guaid\u00f3, com aquela hist\u00f3ria de autoproclamado\u201d, afirmou Abreu horas depois em um bar, se referindo ao autoproclamado presidente da Venezuela.<\/p>\n<p>O presidente Jair\u00a0Bolsonaro\u00a0(PSL) chegou a dizer que iria\u00a0processar o ator, que afirmou estudar a possibilidade de recorrer \u00e0 Justi\u00e7a com um\u00a0pedido de habeas\u00a0corpus\u00a0preventivo. No Twitter, Alexandre Frota divulgou nesta segunda (11) uma foto da\u00a0representa\u00e7\u00e3o criminal que protocolou na\u00a0PGR.\u00a0\u201cSegue minha representa\u00e7\u00e3o criminal contra Z\u00e9 de Abreu.\u00a0Protocolei agora na PGR, entregue a procuradora-geral Raquel Dodge.\u201d<\/p>\n<p>\u201cSem querer, eu consegui furar uma bolha. Estava todo mundo ap\u00e1tico, um descr\u00e9dito total com essa desfa\u00e7atez do governo. Eu acho que tive uma intui\u00e7\u00e3o. Come\u00e7ou como uma forma de irritar o [Juan] Guaid\u00f3, com aquela hist\u00f3ria de autoproclamado\u201d, afirmou Abreu horas depois em um bar, se referindo ao autoproclamado presidente da Venezuela.<\/p>\n<\/div>\n<\/div>\n<\/div>\n<\/div>\n<p>O presidente Jair\u00a0Bolsonaro\u00a0(PSL) chegou a dizer que iria\u00a0processar o ator, que afirmou estudar a possibilidade de recorrer \u00e0 Justi\u00e7a com um\u00a0pedido de habeas\u00a0corpus\u00a0preventivo. No Twitter, Alexandre Frota divulgou nesta segunda (11) uma foto da\u00a0representa\u00e7\u00e3o criminal que protocolou na\u00a0PGR.\u00a0\u201cSegue minha representa\u00e7\u00e3o criminal contra Z\u00e9 de Abreu.\u00a0Protocolei agora na PGR, entregue a procuradora-geral Raquel Dodge.\u201d<\/p>\n<div style=\"width: 400px;\" class=\"wp-video\"><!--[if lt IE 9]><script>document.createElement('video');<\/script><![endif]-->\n<video class=\"wp-video-shortcode\" id=\"video-6089-1\" width=\"400\" height=\"224\" preload=\"metadata\" controls=\"controls\"><source type=\"video\/mp4\" src=\"http:\/\/juacontecimentos.com.br\/site\/wp-content\/uploads\/2019\/03\/videoplayback.mp4?_=1\" \/><a href=\"http:\/\/juacontecimentos.com.br\/site\/wp-content\/uploads\/2019\/03\/videoplayback.mp4\">http:\/\/juacontecimentos.com.br\/site\/wp-content\/uploads\/2019\/03\/videoplayback.mp4<\/a><\/video><\/div>\n<div class=\"SandboxRoot env-bp-350\">\n<div class=\"EmbeddedTweet EmbeddedTweet--cta EmbeddedTweet--mediaForward media-forward js-clickToOpenTarget js-tweetIdInfo tweet-InformationCircle-widgetParent\">\n\n<div class=\"MediaCard-media\">\n<div class=\"MediaCard-widthConstraint js-cspForcedStyle\">\n<div class=\"MediaCard-mediaContainer js-cspForcedStyle\"><\/div>\n<\/div>\n<\/div>\n\n<\/div>\n<\/div>\n<p><\/p>\n","protected":false},"excerpt":{"rendered":"<p>Segundo o artor e deputado federal, o motivo s\u00e3o &#8220;os diversos crimes cometidos por ele (Abreu) no aeroporto, em solo brasileiro&#8221; Alexandre Frota (PSL-SP), ator e deputado federal eleito por S\u00e3o Paulo, protocolou nesta segunda-feira\u00a0(11) na PGR\u00a0(Procuradoria-Geral da Rep\u00fablica) uma representa\u00e7\u00e3o criminal contra Jos\u00e9 de Abreu. Segundo Frota, o motivo s\u00e3o \u201cos diversos crimes cometidos<\/p>\n","protected":false},"author":2,"featured_media":6090,"comment_status":"open","ping_status":"open","sticky":false,"template":"","format":"standard","meta":{"footnotes":""},"categories":[27,26,23],"tags":[],"class_list":["post-6089","post","type-post","status-publish","format-standard","has-post-thumbnail","hentry","category-brasil","category-destaque","category-goias"],"yoast_head":"<!-- This site is optimized with the Yoast SEO plugin v25.8 - https:\/\/yoast.com\/wordpress\/plugins\/seo\/ -->\n<title>Alexandre Frota protocola representa\u00e7\u00e3o criminal contra o ator Jos\u00e9 de Abreu na PGR - Jornal Ultimos Acontecimentos<\/title>\n<meta name=\"robots\" content=\"index, follow, max-snippet:-1, max-image-preview:large, max-video-preview:-1\" \/>\n<link rel=\"canonical\" href=\"https:\/\/juacontecimentos.com.br\/site\/alexandre-frota-protocola-representacao-criminal-contra-o-ator-jose-de-abreu-na-pgr\/\" \/>\n<meta property=\"og:locale\" content=\"pt_BR\" \/>\n<meta property=\"og:type\" content=\"article\" \/>\n<meta property=\"og:title\" content=\"Alexandre Frota protocola representa\u00e7\u00e3o criminal contra o ator Jos\u00e9 de Abreu na PGR - Jornal Ultimos Acontecimentos\" \/>\n<meta property=\"og:description\" content=\"Segundo o artor e deputado federal, o motivo s\u00e3o &#8220;os diversos crimes cometidos por ele (Abreu) no aeroporto, em solo brasileiro&#8221; Alexandre Frota (PSL-SP), ator e deputado federal eleito por S\u00e3o Paulo, protocolou nesta segunda-feira\u00a0(11) na PGR\u00a0(Procuradoria-Geral da Rep\u00fablica) uma representa\u00e7\u00e3o criminal contra Jos\u00e9 de Abreu. Segundo Frota, o motivo s\u00e3o \u201cos diversos crimes cometidos\" \/>\n<meta property=\"og:url\" content=\"https:\/\/juacontecimentos.com.br\/site\/alexandre-frota-protocola-representacao-criminal-contra-o-ator-jose-de-abreu-na-pgr\/\" \/>\n<meta property=\"og:site_name\" content=\"Jornal Ultimos Acontecimentos\" \/>\n<meta property=\"article:publisher\" content=\"https:\/\/www.facebook.com\/jultimosacontecimentos\/\" \/>\n<meta property=\"article:published_time\" content=\"2019-03-12T12:17:22+00:00\" \/>\n<meta property=\"article:modified_time\" content=\"2019-03-12T12:28:37+00:00\" \/>\n<meta property=\"og:image\" content=\"https:\/\/juacontecimentos.com.br\/site\/wp-content\/uploads\/2019\/03\/page-1.jpg\" \/>\n\t<meta property=\"og:image:width\" content=\"940\" \/>\n\t<meta property=\"og:image:height\" content=\"600\" \/>\n\t<meta property=\"og:image:type\" content=\"image\/jpeg\" \/>\n<meta name=\"author\" content=\"Reginaldo Ribeiro\" \/>\n<meta name=\"twitter:card\" content=\"summary_large_image\" \/>\n<meta name=\"twitter:label1\" content=\"Escrito por\" \/>\n\t<meta name=\"twitter:data1\" content=\"Reginaldo Ribeiro\" \/>\n\t<meta name=\"twitter:label2\" content=\"Est. tempo de leitura\" \/>\n\t<meta name=\"twitter:data2\" content=\"2 minutos\" \/>\n<script type=\"application\/ld+json\" class=\"yoast-schema-graph\">{\"@context\":\"https:\/\/schema.org\",\"@graph\":[{\"@type\":\"Article\",\"@id\":\"https:\/\/juacontecimentos.com.br\/site\/alexandre-frota-protocola-representacao-criminal-contra-o-ator-jose-de-abreu-na-pgr\/#article\",\"isPartOf\":{\"@id\":\"https:\/\/juacontecimentos.com.br\/site\/alexandre-frota-protocola-representacao-criminal-contra-o-ator-jose-de-abreu-na-pgr\/\"},\"author\":{\"name\":\"Reginaldo Ribeiro\",\"@id\":\"https:\/\/juacontecimentos.com.br\/site\/#\/schema\/person\/082a54e6d3fdd7a633291428521c9669\"},\"headline\":\"Alexandre Frota protocola representa\u00e7\u00e3o criminal contra o ator Jos\u00e9 de Abreu na PGR\",\"datePublished\":\"2019-03-12T12:17:22+00:00\",\"dateModified\":\"2019-03-12T12:28:37+00:00\",\"mainEntityOfPage\":{\"@id\":\"https:\/\/juacontecimentos.com.br\/site\/alexandre-frota-protocola-representacao-criminal-contra-o-ator-jose-de-abreu-na-pgr\/\"},\"wordCount\":422,\"commentCount\":0,\"publisher\":{\"@id\":\"https:\/\/juacontecimentos.com.br\/site\/#organization\"},\"image\":{\"@id\":\"https:\/\/juacontecimentos.com.br\/site\/alexandre-frota-protocola-representacao-criminal-contra-o-ator-jose-de-abreu-na-pgr\/#primaryimage\"},\"thumbnailUrl\":\"https:\/\/juacontecimentos.com.br\/site\/wp-content\/uploads\/2019\/03\/page-1.jpg\",\"articleSection\":[\"Brasil\",\"Destaque\",\"Goi\u00e1s\"],\"inLanguage\":\"pt-BR\"},{\"@type\":\"WebPage\",\"@id\":\"https:\/\/juacontecimentos.com.br\/site\/alexandre-frota-protocola-representacao-criminal-contra-o-ator-jose-de-abreu-na-pgr\/\",\"url\":\"https:\/\/juacontecimentos.com.br\/site\/alexandre-frota-protocola-representacao-criminal-contra-o-ator-jose-de-abreu-na-pgr\/\",\"name\":\"Alexandre Frota protocola representa\u00e7\u00e3o criminal contra o ator Jos\u00e9 de Abreu na PGR - Jornal Ultimos Acontecimentos\",\"isPartOf\":{\"@id\":\"https:\/\/juacontecimentos.com.br\/site\/#website\"},\"primaryImageOfPage\":{\"@id\":\"https:\/\/juacontecimentos.com.br\/site\/alexandre-frota-protocola-representacao-criminal-contra-o-ator-jose-de-abreu-na-pgr\/#primaryimage\"},\"image\":{\"@id\":\"https:\/\/juacontecimentos.com.br\/site\/alexandre-frota-protocola-representacao-criminal-contra-o-ator-jose-de-abreu-na-pgr\/#primaryimage\"},\"thumbnailUrl\":\"https:\/\/juacontecimentos.com.br\/site\/wp-content\/uploads\/2019\/03\/page-1.jpg\",\"datePublished\":\"2019-03-12T12:17:22+00:00\",\"dateModified\":\"2019-03-12T12:28:37+00:00\",\"breadcrumb\":{\"@id\":\"https:\/\/juacontecimentos.com.br\/site\/alexandre-frota-protocola-representacao-criminal-contra-o-ator-jose-de-abreu-na-pgr\/#breadcrumb\"},\"inLanguage\":\"pt-BR\",\"potentialAction\":[{\"@type\":\"ReadAction\",\"target\":[\"https:\/\/juacontecimentos.com.br\/site\/alexandre-frota-protocola-representacao-criminal-contra-o-ator-jose-de-abreu-na-pgr\/\"]}]},{\"@type\":\"ImageObject\",\"inLanguage\":\"pt-BR\",\"@id\":\"https:\/\/juacontecimentos.com.br\/site\/alexandre-frota-protocola-representacao-criminal-contra-o-ator-jose-de-abreu-na-pgr\/#primaryimage\",\"url\":\"https:\/\/juacontecimentos.com.br\/site\/wp-content\/uploads\/2019\/03\/page-1.jpg\",\"contentUrl\":\"https:\/\/juacontecimentos.com.br\/site\/wp-content\/uploads\/2019\/03\/page-1.jpg\",\"width\":940,\"height\":600},{\"@type\":\"BreadcrumbList\",\"@id\":\"https:\/\/juacontecimentos.com.br\/site\/alexandre-frota-protocola-representacao-criminal-contra-o-ator-jose-de-abreu-na-pgr\/#breadcrumb\",\"itemListElement\":[{\"@type\":\"ListItem\",\"position\":1,\"name\":\"In\u00edcio\",\"item\":\"https:\/\/juacontecimentos.com.br\/site\/\"},{\"@type\":\"ListItem\",\"position\":2,\"name\":\"Alexandre Frota protocola representa\u00e7\u00e3o criminal contra o ator Jos\u00e9 de Abreu na PGR\"}]},{\"@type\":\"WebSite\",\"@id\":\"https:\/\/juacontecimentos.com.br\/site\/#website\",\"url\":\"https:\/\/juacontecimentos.com.br\/site\/\",\"name\":\"Jornal Ultimos Acontecimentos\",\"description\":\"Catal\u00e3o e regi\u00e3o\",\"publisher\":{\"@id\":\"https:\/\/juacontecimentos.com.br\/site\/#organization\"},\"potentialAction\":[{\"@type\":\"SearchAction\",\"target\":{\"@type\":\"EntryPoint\",\"urlTemplate\":\"https:\/\/juacontecimentos.com.br\/site\/?s={search_term_string}\"},\"query-input\":{\"@type\":\"PropertyValueSpecification\",\"valueRequired\":true,\"valueName\":\"search_term_string\"}}],\"inLanguage\":\"pt-BR\"},{\"@type\":\"Organization\",\"@id\":\"https:\/\/juacontecimentos.com.br\/site\/#organization\",\"name\":\"Jornal Ultimos Acontecimentos\",\"url\":\"https:\/\/juacontecimentos.com.br\/site\/\",\"logo\":{\"@type\":\"ImageObject\",\"inLanguage\":\"pt-BR\",\"@id\":\"https:\/\/juacontecimentos.com.br\/site\/#\/schema\/logo\/image\/\",\"url\":\"https:\/\/juacontecimentos.com.br\/site\/wp-content\/uploads\/2023\/04\/Logo_Site.png\",\"contentUrl\":\"https:\/\/juacontecimentos.com.br\/site\/wp-content\/uploads\/2023\/04\/Logo_Site.png\",\"width\":2476,\"height\":530,\"caption\":\"Jornal Ultimos Acontecimentos\"},\"image\":{\"@id\":\"https:\/\/juacontecimentos.com.br\/site\/#\/schema\/logo\/image\/\"},\"sameAs\":[\"https:\/\/www.facebook.com\/jultimosacontecimentos\/\"]},{\"@type\":\"Person\",\"@id\":\"https:\/\/juacontecimentos.com.br\/site\/#\/schema\/person\/082a54e6d3fdd7a633291428521c9669\",\"name\":\"Reginaldo Ribeiro\",\"image\":{\"@type\":\"ImageObject\",\"inLanguage\":\"pt-BR\",\"@id\":\"https:\/\/juacontecimentos.com.br\/site\/#\/schema\/person\/image\/\",\"url\":\"https:\/\/secure.gravatar.com\/avatar\/5c16c6837c3490270a74d888c2a845728f06bdde1f8761de1de1d1d1ef82d12f?s=96&d=mm&r=g\",\"contentUrl\":\"https:\/\/secure.gravatar.com\/avatar\/5c16c6837c3490270a74d888c2a845728f06bdde1f8761de1de1d1d1ef82d12f?s=96&d=mm&r=g\",\"caption\":\"Reginaldo Ribeiro\"}}]}<\/script>\n<!-- \/ Yoast SEO plugin. -->","yoast_head_json":{"title":"Alexandre Frota protocola representa\u00e7\u00e3o criminal contra o ator Jos\u00e9 de Abreu na PGR - Jornal Ultimos Acontecimentos","robots":{"index":"index","follow":"follow","max-snippet":"max-snippet:-1","max-image-preview":"max-image-preview:large","max-video-preview":"max-video-preview:-1"},"canonical":"https:\/\/juacontecimentos.com.br\/site\/alexandre-frota-protocola-representacao-criminal-contra-o-ator-jose-de-abreu-na-pgr\/","og_locale":"pt_BR","og_type":"article","og_title":"Alexandre Frota protocola representa\u00e7\u00e3o criminal contra o ator Jos\u00e9 de Abreu na PGR - Jornal Ultimos Acontecimentos","og_description":"Segundo o artor e deputado federal, o motivo s\u00e3o &#8220;os diversos crimes cometidos por ele (Abreu) no aeroporto, em solo brasileiro&#8221; Alexandre Frota (PSL-SP), ator e deputado federal eleito por S\u00e3o Paulo, protocolou nesta segunda-feira\u00a0(11) na PGR\u00a0(Procuradoria-Geral da Rep\u00fablica) uma representa\u00e7\u00e3o criminal contra Jos\u00e9 de Abreu. Segundo Frota, o motivo s\u00e3o \u201cos diversos crimes cometidos","og_url":"https:\/\/juacontecimentos.com.br\/site\/alexandre-frota-protocola-representacao-criminal-contra-o-ator-jose-de-abreu-na-pgr\/","og_site_name":"Jornal Ultimos Acontecimentos","article_publisher":"https:\/\/www.facebook.com\/jultimosacontecimentos\/","article_published_time":"2019-03-12T12:17:22+00:00","article_modified_time":"2019-03-12T12:28:37+00:00","og_image":[{"width":940,"height":600,"url":"https:\/\/juacontecimentos.com.br\/site\/wp-content\/uploads\/2019\/03\/page-1.jpg","type":"image\/jpeg"}],"author":"Reginaldo Ribeiro","twitter_card":"summary_large_image","twitter_misc":{"Escrito por":"Reginaldo Ribeiro","Est. tempo de leitura":"2 minutos"},"schema":{"@context":"https:\/\/schema.org","@graph":[{"@type":"Article","@id":"https:\/\/juacontecimentos.com.br\/site\/alexandre-frota-protocola-representacao-criminal-contra-o-ator-jose-de-abreu-na-pgr\/#article","isPartOf":{"@id":"https:\/\/juacontecimentos.com.br\/site\/alexandre-frota-protocola-representacao-criminal-contra-o-ator-jose-de-abreu-na-pgr\/"},"author":{"name":"Reginaldo Ribeiro","@id":"https:\/\/juacontecimentos.com.br\/site\/#\/schema\/person\/082a54e6d3fdd7a633291428521c9669"},"headline":"Alexandre Frota protocola representa\u00e7\u00e3o criminal contra o ator Jos\u00e9 de Abreu na PGR","datePublished":"2019-03-12T12:17:22+00:00","dateModified":"2019-03-12T12:28:37+00:00","mainEntityOfPage":{"@id":"https:\/\/juacontecimentos.com.br\/site\/alexandre-frota-protocola-representacao-criminal-contra-o-ator-jose-de-abreu-na-pgr\/"},"wordCount":422,"commentCount":0,"publisher":{"@id":"https:\/\/juacontecimentos.com.br\/site\/#organization"},"image":{"@id":"https:\/\/juacontecimentos.com.br\/site\/alexandre-frota-protocola-representacao-criminal-contra-o-ator-jose-de-abreu-na-pgr\/#primaryimage"},"thumbnailUrl":"https:\/\/juacontecimentos.com.br\/site\/wp-content\/uploads\/2019\/03\/page-1.jpg","articleSection":["Brasil","Destaque","Goi\u00e1s"],"inLanguage":"pt-BR"},{"@type":"WebPage","@id":"https:\/\/juacontecimentos.com.br\/site\/alexandre-frota-protocola-representacao-criminal-contra-o-ator-jose-de-abreu-na-pgr\/","url":"https:\/\/juacontecimentos.com.br\/site\/alexandre-frota-protocola-representacao-criminal-contra-o-ator-jose-de-abreu-na-pgr\/","name":"Alexandre Frota protocola representa\u00e7\u00e3o criminal contra o ator Jos\u00e9 de Abreu na PGR - Jornal Ultimos Acontecimentos","isPartOf":{"@id":"https:\/\/juacontecimentos.com.br\/site\/#website"},"primaryImageOfPage":{"@id":"https:\/\/juacontecimentos.com.br\/site\/alexandre-frota-protocola-representacao-criminal-contra-o-ator-jose-de-abreu-na-pgr\/#primaryimage"},"image":{"@id":"https:\/\/juacontecimentos.com.br\/site\/alexandre-frota-protocola-representacao-criminal-contra-o-ator-jose-de-abreu-na-pgr\/#primaryimage"},"thumbnailUrl":"https:\/\/juacontecimentos.com.br\/site\/wp-content\/uploads\/2019\/03\/page-1.jpg","datePublished":"2019-03-12T12:17:22+00:00","dateModified":"2019-03-12T12:28:37+00:00","breadcrumb":{"@id":"https:\/\/juacontecimentos.com.br\/site\/alexandre-frota-protocola-representacao-criminal-contra-o-ator-jose-de-abreu-na-pgr\/#breadcrumb"},"inLanguage":"pt-BR","potentialAction":[{"@type":"ReadAction","target":["https:\/\/juacontecimentos.com.br\/site\/alexandre-frota-protocola-representacao-criminal-contra-o-ator-jose-de-abreu-na-pgr\/"]}]},{"@type":"ImageObject","inLanguage":"pt-BR","@id":"https:\/\/juacontecimentos.com.br\/site\/alexandre-frota-protocola-representacao-criminal-contra-o-ator-jose-de-abreu-na-pgr\/#primaryimage","url":"https:\/\/juacontecimentos.com.br\/site\/wp-content\/uploads\/2019\/03\/page-1.jpg","contentUrl":"https:\/\/juacontecimentos.com.br\/site\/wp-content\/uploads\/2019\/03\/page-1.jpg","width":940,"height":600},{"@type":"BreadcrumbList","@id":"https:\/\/juacontecimentos.com.br\/site\/alexandre-frota-protocola-representacao-criminal-contra-o-ator-jose-de-abreu-na-pgr\/#breadcrumb","itemListElement":[{"@type":"ListItem","position":1,"name":"In\u00edcio","item":"https:\/\/juacontecimentos.com.br\/site\/"},{"@type":"ListItem","position":2,"name":"Alexandre Frota protocola representa\u00e7\u00e3o criminal contra o ator Jos\u00e9 de Abreu na PGR"}]},{"@type":"WebSite","@id":"https:\/\/juacontecimentos.com.br\/site\/#website","url":"https:\/\/juacontecimentos.com.br\/site\/","name":"Jornal Ultimos Acontecimentos","description":"Catal\u00e3o e regi\u00e3o","publisher":{"@id":"https:\/\/juacontecimentos.com.br\/site\/#organization"},"potentialAction":[{"@type":"SearchAction","target":{"@type":"EntryPoint","urlTemplate":"https:\/\/juacontecimentos.com.br\/site\/?s={search_term_string}"},"query-input":{"@type":"PropertyValueSpecification","valueRequired":true,"valueName":"search_term_string"}}],"inLanguage":"pt-BR"},{"@type":"Organization","@id":"https:\/\/juacontecimentos.com.br\/site\/#organization","name":"Jornal Ultimos Acontecimentos","url":"https:\/\/juacontecimentos.com.br\/site\/","logo":{"@type":"ImageObject","inLanguage":"pt-BR","@id":"https:\/\/juacontecimentos.com.br\/site\/#\/schema\/logo\/image\/","url":"https:\/\/juacontecimentos.com.br\/site\/wp-content\/uploads\/2023\/04\/Logo_Site.png","contentUrl":"https:\/\/juacontecimentos.com.br\/site\/wp-content\/uploads\/2023\/04\/Logo_Site.png","width":2476,"height":530,"caption":"Jornal Ultimos Acontecimentos"},"image":{"@id":"https:\/\/juacontecimentos.com.br\/site\/#\/schema\/logo\/image\/"},"sameAs":["https:\/\/www.facebook.com\/jultimosacontecimentos\/"]},{"@type":"Person","@id":"https:\/\/juacontecimentos.com.br\/site\/#\/schema\/person\/082a54e6d3fdd7a633291428521c9669","name":"Reginaldo Ribeiro","image":{"@type":"ImageObject","inLanguage":"pt-BR","@id":"https:\/\/juacontecimentos.com.br\/site\/#\/schema\/person\/image\/","url":"https:\/\/secure.gravatar.com\/avatar\/5c16c6837c3490270a74d888c2a845728f06bdde1f8761de1de1d1d1ef82d12f?s=96&d=mm&r=g","contentUrl":"https:\/\/secure.gravatar.com\/avatar\/5c16c6837c3490270a74d888c2a845728f06bdde1f8761de1de1d1d1ef82d12f?s=96&d=mm&r=g","caption":"Reginaldo Ribeiro"}}]}},"_links":{"self":[{"href":"https:\/\/juacontecimentos.com.br\/site\/wp-json\/wp\/v2\/posts\/6089","targetHints":{"allow":["GET"]}}],"collection":[{"href":"https:\/\/juacontecimentos.com.br\/site\/wp-json\/wp\/v2\/posts"}],"about":[{"href":"https:\/\/juacontecimentos.com.br\/site\/wp-json\/wp\/v2\/types\/post"}],"author":[{"embeddable":true,"href":"https:\/\/juacontecimentos.com.br\/site\/wp-json\/wp\/v2\/users\/2"}],"replies":[{"embeddable":true,"href":"https:\/\/juacontecimentos.com.br\/site\/wp-json\/wp\/v2\/comments?post=6089"}],"version-history":[{"count":5,"href":"https:\/\/juacontecimentos.com.br\/site\/wp-json\/wp\/v2\/posts\/6089\/revisions"}],"predecessor-version":[{"id":6100,"href":"https:\/\/juacontecimentos.com.br\/site\/wp-json\/wp\/v2\/posts\/6089\/revisions\/6100"}],"wp:featuredmedia":[{"embeddable":true,"href":"https:\/\/juacontecimentos.com.br\/site\/wp-json\/wp\/v2\/media\/6090"}],"wp:attachment":[{"href":"https:\/\/juacontecimentos.com.br\/site\/wp-json\/wp\/v2\/media?parent=6089"}],"wp:term":[{"taxonomy":"category","embeddable":true,"href":"https:\/\/juacontecimentos.com.br\/site\/wp-json\/wp\/v2\/categories?post=6089"},{"taxonomy":"post_tag","embeddable":true,"href":"https:\/\/juacontecimentos.com.br\/site\/wp-json\/wp\/v2\/tags?post=6089"}],"curies":[{"name":"wp","href":"https:\/\/api.w.org\/{rel}","templated":true}]}}