{"id":6127,"date":"2019-03-13T20:57:26","date_gmt":"2019-03-13T23:57:26","guid":{"rendered":"http:\/\/juacontecimentos.com.br\/site\/?p=6127"},"modified":"2019-03-13T20:57:26","modified_gmt":"2019-03-13T23:57:26","slug":"mp-aciona-ex-prefeito-de-catalao-e-empresa-de-limpeza-publica-por-contratacao-irregular-e-superfaturamento","status":"publish","type":"post","link":"https:\/\/juacontecimentos.com.br\/site\/mp-aciona-ex-prefeito-de-catalao-e-empresa-de-limpeza-publica-por-contratacao-irregular-e-superfaturamento\/","title":{"rendered":"MP aciona ex-prefeito de Catal\u00e3o e empresa de limpeza p\u00fablica por contrata\u00e7\u00e3o irregular e superfaturamento"},"content":{"rendered":"<p>O ex-prefeito de Catal\u00e3o Jardel Sebba, a empresa Corpus Saneamento e seu s\u00f3cio Cineas Feij\u00f3 Valente foram acionados pelo Minist\u00e9rio P\u00fablico de Goi\u00e1s (MP-GO) por improbidade administrativa, devido a contratos irregulares de presta\u00e7\u00e3o de servi\u00e7os de limpeza p\u00fablica em 2013 e 2014. Al\u00e9m da dispensa ilegal de licita\u00e7\u00e3o, que resultou no firmamento de dois contratos emergenciais com a Corpus Saneamento em 2013, o munic\u00edpio contratou a mesma empresa em 2014 ap\u00f3s licita\u00e7\u00e3o contestada pelo Tribunal de Contas dos Munic\u00edpios de Goi\u00e1s (TCM-GO). O \u00faltimo contrato tamb\u00e9m apresentou superfaturamento, segundo per\u00edcia do TCM, superior ao valor de R$ 2 milh\u00f5es.<\/p>\n<p>Segundo a promotora de Justi\u00e7a Ariete Cristina Rodrigues, que ajuizou a a\u00e7\u00e3o civil por improbidade administrativa no dia 11 de fevereiro, os dois contratos de emerg\u00eancia firmados em 2013 tiveram dura\u00e7\u00e3o de seis meses, prazo m\u00e1ximo permitido na modalidade de dispensa de licita\u00e7\u00e3o. Apesar de haver embasamento legal em situa\u00e7\u00e3o de emerg\u00eancia ou calamidade, tem sido discutido o enquadramento de contratos para servi\u00e7o de coleta de lixo nesta categoria. Muitos desses contratos, de acordo com a promotora, s\u00e3o \u201cfruto, na verdade, da des\u00eddia, in\u00e9rcia e descaso da administra\u00e7\u00e3o p\u00fablica municipal, decorrente da falta de planejamento adequado para tratar a execu\u00e7\u00e3o do servi\u00e7o\u201d.<\/p>\n<p>O contrato firmado no in\u00edcio de 2014 foi resultado de concorr\u00eancia p\u00fablica que prejudicou o car\u00e1ter competitivo, ao fazer exig\u00eancia de qualifica\u00e7\u00e3o t\u00e9cnica para servi\u00e7os com pouca relev\u00e2ncia ou valor significativo considerando o total, o que contraria a Lei de Licita\u00e7\u00f5es e Contratos. Outra infra\u00e7\u00e3o \u00e0 lei foi a exig\u00eancia de quantidades m\u00ednimas ou prazos m\u00e1ximos.<\/p>\n<p>Para o MP, os referidos contratos infringiram os princ\u00edpios da administra\u00e7\u00e3o p\u00fablica, como economicidade, proporcionalidade e razoabilidade. Como explica a promotora na a\u00e7\u00e3o, \u201co poder p\u00fablico deve perseguir o maior alcance ao interesse da coletividade, empreendendo-se o menor esfor\u00e7o financeiro poss\u00edvel\u201d.<\/p>\n<p><strong>Pedidos<\/strong><\/p>\n<p>O MP requer a condena\u00e7\u00e3o dos acionados por improbidade administrativa, impondo-lhes a san\u00e7\u00e3o de proibi\u00e7\u00e3o de contrata\u00e7\u00e3o com o Poder P\u00fablico e de receber benef\u00edcios ou incentivos fiscais, al\u00e9m da suspens\u00e3o dos direitos pol\u00edticos. A promotora tamb\u00e9m pede a condena\u00e7\u00e3o do ex-prefeito e do empres\u00e1rio na obriga\u00e7\u00e3o de ressarcirem integralmente os danos materiais e morais causados a Catal\u00e3o. Requisita, ainda, que seja determinado aos requeridos que paguem multa civil de tr\u00eas vezes o valor dos danos causados ao er\u00e1rio.<\/p>\n<p><em>(Texto: Melissa Cala\u00e7a &#8211; Estagi\u00e1ria da Assessoria de Comunica\u00e7\u00e3o Social do MP-GO)<\/em><br \/>\n<\/p>\n","protected":false},"excerpt":{"rendered":"<p>O ex-prefeito de Catal\u00e3o Jardel Sebba, a empresa Corpus Saneamento e seu s\u00f3cio Cineas Feij\u00f3 Valente foram acionados pelo Minist\u00e9rio P\u00fablico de Goi\u00e1s (MP-GO) por improbidade administrativa, devido a contratos irregulares de presta\u00e7\u00e3o de servi\u00e7os de limpeza p\u00fablica em 2013 e 2014. Al\u00e9m da dispensa ilegal de licita\u00e7\u00e3o, que resultou no firmamento de dois contratos<\/p>\n","protected":false},"author":2,"featured_media":6128,"comment_status":"open","ping_status":"open","sticky":false,"template":"","format":"standard","meta":{"footnotes":""},"categories":[27,22,26,23],"tags":[],"class_list":["post-6127","post","type-post","status-publish","format-standard","has-post-thumbnail","hentry","category-brasil","category-catalao","category-destaque","category-goias"],"yoast_head":"<!-- This site is optimized with the Yoast SEO plugin v25.8 - https:\/\/yoast.com\/wordpress\/plugins\/seo\/ -->\n<title>MP aciona ex-prefeito de Catal\u00e3o e empresa de limpeza p\u00fablica por contrata\u00e7\u00e3o irregular e superfaturamento - Jornal Ultimos Acontecimentos<\/title>\n<meta name=\"robots\" content=\"index, follow, max-snippet:-1, max-image-preview:large, max-video-preview:-1\" \/>\n<link rel=\"canonical\" href=\"https:\/\/juacontecimentos.com.br\/site\/mp-aciona-ex-prefeito-de-catalao-e-empresa-de-limpeza-publica-por-contratacao-irregular-e-superfaturamento\/\" \/>\n<meta property=\"og:locale\" content=\"pt_BR\" \/>\n<meta property=\"og:type\" content=\"article\" \/>\n<meta property=\"og:title\" content=\"MP aciona ex-prefeito de Catal\u00e3o e empresa de limpeza p\u00fablica por contrata\u00e7\u00e3o irregular e superfaturamento - Jornal Ultimos Acontecimentos\" \/>\n<meta property=\"og:description\" content=\"O ex-prefeito de Catal\u00e3o Jardel Sebba, a empresa Corpus Saneamento e seu s\u00f3cio Cineas Feij\u00f3 Valente foram acionados pelo Minist\u00e9rio P\u00fablico de Goi\u00e1s (MP-GO) por improbidade administrativa, devido a contratos irregulares de presta\u00e7\u00e3o de servi\u00e7os de limpeza p\u00fablica em 2013 e 2014. Al\u00e9m da dispensa ilegal de licita\u00e7\u00e3o, que resultou no firmamento de dois contratos\" \/>\n<meta property=\"og:url\" content=\"https:\/\/juacontecimentos.com.br\/site\/mp-aciona-ex-prefeito-de-catalao-e-empresa-de-limpeza-publica-por-contratacao-irregular-e-superfaturamento\/\" \/>\n<meta property=\"og:site_name\" content=\"Jornal Ultimos Acontecimentos\" \/>\n<meta property=\"article:publisher\" content=\"https:\/\/www.facebook.com\/jultimosacontecimentos\/\" \/>\n<meta property=\"article:published_time\" content=\"2019-03-13T23:57:26+00:00\" \/>\n<meta property=\"og:image\" content=\"https:\/\/juacontecimentos.com.br\/site\/wp-content\/uploads\/2019\/03\/dinheiro-pagamento.jpeg\" \/>\n\t<meta property=\"og:image:width\" content=\"1710\" \/>\n\t<meta property=\"og:image:height\" content=\"1080\" \/>\n\t<meta property=\"og:image:type\" content=\"image\/jpeg\" \/>\n<meta name=\"author\" content=\"Reginaldo Ribeiro\" \/>\n<meta name=\"twitter:card\" content=\"summary_large_image\" \/>\n<meta name=\"twitter:label1\" content=\"Escrito por\" \/>\n\t<meta name=\"twitter:data1\" content=\"Reginaldo Ribeiro\" \/>\n\t<meta name=\"twitter:label2\" content=\"Est. tempo de leitura\" \/>\n\t<meta name=\"twitter:data2\" content=\"2 minutos\" \/>\n<script type=\"application\/ld+json\" class=\"yoast-schema-graph\">{\"@context\":\"https:\/\/schema.org\",\"@graph\":[{\"@type\":\"Article\",\"@id\":\"https:\/\/juacontecimentos.com.br\/site\/mp-aciona-ex-prefeito-de-catalao-e-empresa-de-limpeza-publica-por-contratacao-irregular-e-superfaturamento\/#article\",\"isPartOf\":{\"@id\":\"https:\/\/juacontecimentos.com.br\/site\/mp-aciona-ex-prefeito-de-catalao-e-empresa-de-limpeza-publica-por-contratacao-irregular-e-superfaturamento\/\"},\"author\":{\"name\":\"Reginaldo Ribeiro\",\"@id\":\"https:\/\/juacontecimentos.com.br\/site\/#\/schema\/person\/082a54e6d3fdd7a633291428521c9669\"},\"headline\":\"MP aciona ex-prefeito de Catal\u00e3o e empresa de limpeza p\u00fablica por contrata\u00e7\u00e3o irregular e superfaturamento\",\"datePublished\":\"2019-03-13T23:57:26+00:00\",\"mainEntityOfPage\":{\"@id\":\"https:\/\/juacontecimentos.com.br\/site\/mp-aciona-ex-prefeito-de-catalao-e-empresa-de-limpeza-publica-por-contratacao-irregular-e-superfaturamento\/\"},\"wordCount\":473,\"commentCount\":0,\"publisher\":{\"@id\":\"https:\/\/juacontecimentos.com.br\/site\/#organization\"},\"image\":{\"@id\":\"https:\/\/juacontecimentos.com.br\/site\/mp-aciona-ex-prefeito-de-catalao-e-empresa-de-limpeza-publica-por-contratacao-irregular-e-superfaturamento\/#primaryimage\"},\"thumbnailUrl\":\"https:\/\/juacontecimentos.com.br\/site\/wp-content\/uploads\/2019\/03\/dinheiro-pagamento.jpeg\",\"articleSection\":[\"Brasil\",\"Catal\u00e3o\",\"Destaque\",\"Goi\u00e1s\"],\"inLanguage\":\"pt-BR\"},{\"@type\":\"WebPage\",\"@id\":\"https:\/\/juacontecimentos.com.br\/site\/mp-aciona-ex-prefeito-de-catalao-e-empresa-de-limpeza-publica-por-contratacao-irregular-e-superfaturamento\/\",\"url\":\"https:\/\/juacontecimentos.com.br\/site\/mp-aciona-ex-prefeito-de-catalao-e-empresa-de-limpeza-publica-por-contratacao-irregular-e-superfaturamento\/\",\"name\":\"MP aciona ex-prefeito de Catal\u00e3o e empresa de limpeza p\u00fablica por contrata\u00e7\u00e3o irregular e superfaturamento - Jornal Ultimos Acontecimentos\",\"isPartOf\":{\"@id\":\"https:\/\/juacontecimentos.com.br\/site\/#website\"},\"primaryImageOfPage\":{\"@id\":\"https:\/\/juacontecimentos.com.br\/site\/mp-aciona-ex-prefeito-de-catalao-e-empresa-de-limpeza-publica-por-contratacao-irregular-e-superfaturamento\/#primaryimage\"},\"image\":{\"@id\":\"https:\/\/juacontecimentos.com.br\/site\/mp-aciona-ex-prefeito-de-catalao-e-empresa-de-limpeza-publica-por-contratacao-irregular-e-superfaturamento\/#primaryimage\"},\"thumbnailUrl\":\"https:\/\/juacontecimentos.com.br\/site\/wp-content\/uploads\/2019\/03\/dinheiro-pagamento.jpeg\",\"datePublished\":\"2019-03-13T23:57:26+00:00\",\"breadcrumb\":{\"@id\":\"https:\/\/juacontecimentos.com.br\/site\/mp-aciona-ex-prefeito-de-catalao-e-empresa-de-limpeza-publica-por-contratacao-irregular-e-superfaturamento\/#breadcrumb\"},\"inLanguage\":\"pt-BR\",\"potentialAction\":[{\"@type\":\"ReadAction\",\"target\":[\"https:\/\/juacontecimentos.com.br\/site\/mp-aciona-ex-prefeito-de-catalao-e-empresa-de-limpeza-publica-por-contratacao-irregular-e-superfaturamento\/\"]}]},{\"@type\":\"ImageObject\",\"inLanguage\":\"pt-BR\",\"@id\":\"https:\/\/juacontecimentos.com.br\/site\/mp-aciona-ex-prefeito-de-catalao-e-empresa-de-limpeza-publica-por-contratacao-irregular-e-superfaturamento\/#primaryimage\",\"url\":\"https:\/\/juacontecimentos.com.br\/site\/wp-content\/uploads\/2019\/03\/dinheiro-pagamento.jpeg\",\"contentUrl\":\"https:\/\/juacontecimentos.com.br\/site\/wp-content\/uploads\/2019\/03\/dinheiro-pagamento.jpeg\",\"width\":1710,\"height\":1080},{\"@type\":\"BreadcrumbList\",\"@id\":\"https:\/\/juacontecimentos.com.br\/site\/mp-aciona-ex-prefeito-de-catalao-e-empresa-de-limpeza-publica-por-contratacao-irregular-e-superfaturamento\/#breadcrumb\",\"itemListElement\":[{\"@type\":\"ListItem\",\"position\":1,\"name\":\"In\u00edcio\",\"item\":\"https:\/\/juacontecimentos.com.br\/site\/\"},{\"@type\":\"ListItem\",\"position\":2,\"name\":\"MP aciona ex-prefeito de Catal\u00e3o e empresa de limpeza p\u00fablica por contrata\u00e7\u00e3o irregular e superfaturamento\"}]},{\"@type\":\"WebSite\",\"@id\":\"https:\/\/juacontecimentos.com.br\/site\/#website\",\"url\":\"https:\/\/juacontecimentos.com.br\/site\/\",\"name\":\"Jornal Ultimos Acontecimentos\",\"description\":\"Catal\u00e3o e regi\u00e3o\",\"publisher\":{\"@id\":\"https:\/\/juacontecimentos.com.br\/site\/#organization\"},\"potentialAction\":[{\"@type\":\"SearchAction\",\"target\":{\"@type\":\"EntryPoint\",\"urlTemplate\":\"https:\/\/juacontecimentos.com.br\/site\/?s={search_term_string}\"},\"query-input\":{\"@type\":\"PropertyValueSpecification\",\"valueRequired\":true,\"valueName\":\"search_term_string\"}}],\"inLanguage\":\"pt-BR\"},{\"@type\":\"Organization\",\"@id\":\"https:\/\/juacontecimentos.com.br\/site\/#organization\",\"name\":\"Jornal Ultimos Acontecimentos\",\"url\":\"https:\/\/juacontecimentos.com.br\/site\/\",\"logo\":{\"@type\":\"ImageObject\",\"inLanguage\":\"pt-BR\",\"@id\":\"https:\/\/juacontecimentos.com.br\/site\/#\/schema\/logo\/image\/\",\"url\":\"https:\/\/juacontecimentos.com.br\/site\/wp-content\/uploads\/2023\/04\/Logo_Site.png\",\"contentUrl\":\"https:\/\/juacontecimentos.com.br\/site\/wp-content\/uploads\/2023\/04\/Logo_Site.png\",\"width\":2476,\"height\":530,\"caption\":\"Jornal Ultimos Acontecimentos\"},\"image\":{\"@id\":\"https:\/\/juacontecimentos.com.br\/site\/#\/schema\/logo\/image\/\"},\"sameAs\":[\"https:\/\/www.facebook.com\/jultimosacontecimentos\/\"]},{\"@type\":\"Person\",\"@id\":\"https:\/\/juacontecimentos.com.br\/site\/#\/schema\/person\/082a54e6d3fdd7a633291428521c9669\",\"name\":\"Reginaldo Ribeiro\",\"image\":{\"@type\":\"ImageObject\",\"inLanguage\":\"pt-BR\",\"@id\":\"https:\/\/juacontecimentos.com.br\/site\/#\/schema\/person\/image\/\",\"url\":\"https:\/\/secure.gravatar.com\/avatar\/5c16c6837c3490270a74d888c2a845728f06bdde1f8761de1de1d1d1ef82d12f?s=96&d=mm&r=g\",\"contentUrl\":\"https:\/\/secure.gravatar.com\/avatar\/5c16c6837c3490270a74d888c2a845728f06bdde1f8761de1de1d1d1ef82d12f?s=96&d=mm&r=g\",\"caption\":\"Reginaldo Ribeiro\"}}]}<\/script>\n<!-- \/ Yoast SEO plugin. -->","yoast_head_json":{"title":"MP aciona ex-prefeito de Catal\u00e3o e empresa de limpeza p\u00fablica por contrata\u00e7\u00e3o irregular e superfaturamento - Jornal Ultimos Acontecimentos","robots":{"index":"index","follow":"follow","max-snippet":"max-snippet:-1","max-image-preview":"max-image-preview:large","max-video-preview":"max-video-preview:-1"},"canonical":"https:\/\/juacontecimentos.com.br\/site\/mp-aciona-ex-prefeito-de-catalao-e-empresa-de-limpeza-publica-por-contratacao-irregular-e-superfaturamento\/","og_locale":"pt_BR","og_type":"article","og_title":"MP aciona ex-prefeito de Catal\u00e3o e empresa de limpeza p\u00fablica por contrata\u00e7\u00e3o irregular e superfaturamento - Jornal Ultimos Acontecimentos","og_description":"O ex-prefeito de Catal\u00e3o Jardel Sebba, a empresa Corpus Saneamento e seu s\u00f3cio Cineas Feij\u00f3 Valente foram acionados pelo Minist\u00e9rio P\u00fablico de Goi\u00e1s (MP-GO) por improbidade administrativa, devido a contratos irregulares de presta\u00e7\u00e3o de servi\u00e7os de limpeza p\u00fablica em 2013 e 2014. Al\u00e9m da dispensa ilegal de licita\u00e7\u00e3o, que resultou no firmamento de dois contratos","og_url":"https:\/\/juacontecimentos.com.br\/site\/mp-aciona-ex-prefeito-de-catalao-e-empresa-de-limpeza-publica-por-contratacao-irregular-e-superfaturamento\/","og_site_name":"Jornal Ultimos Acontecimentos","article_publisher":"https:\/\/www.facebook.com\/jultimosacontecimentos\/","article_published_time":"2019-03-13T23:57:26+00:00","og_image":[{"width":1710,"height":1080,"url":"https:\/\/juacontecimentos.com.br\/site\/wp-content\/uploads\/2019\/03\/dinheiro-pagamento.jpeg","type":"image\/jpeg"}],"author":"Reginaldo Ribeiro","twitter_card":"summary_large_image","twitter_misc":{"Escrito por":"Reginaldo Ribeiro","Est. tempo de leitura":"2 minutos"},"schema":{"@context":"https:\/\/schema.org","@graph":[{"@type":"Article","@id":"https:\/\/juacontecimentos.com.br\/site\/mp-aciona-ex-prefeito-de-catalao-e-empresa-de-limpeza-publica-por-contratacao-irregular-e-superfaturamento\/#article","isPartOf":{"@id":"https:\/\/juacontecimentos.com.br\/site\/mp-aciona-ex-prefeito-de-catalao-e-empresa-de-limpeza-publica-por-contratacao-irregular-e-superfaturamento\/"},"author":{"name":"Reginaldo Ribeiro","@id":"https:\/\/juacontecimentos.com.br\/site\/#\/schema\/person\/082a54e6d3fdd7a633291428521c9669"},"headline":"MP aciona ex-prefeito de Catal\u00e3o e empresa de limpeza p\u00fablica por contrata\u00e7\u00e3o irregular e superfaturamento","datePublished":"2019-03-13T23:57:26+00:00","mainEntityOfPage":{"@id":"https:\/\/juacontecimentos.com.br\/site\/mp-aciona-ex-prefeito-de-catalao-e-empresa-de-limpeza-publica-por-contratacao-irregular-e-superfaturamento\/"},"wordCount":473,"commentCount":0,"publisher":{"@id":"https:\/\/juacontecimentos.com.br\/site\/#organization"},"image":{"@id":"https:\/\/juacontecimentos.com.br\/site\/mp-aciona-ex-prefeito-de-catalao-e-empresa-de-limpeza-publica-por-contratacao-irregular-e-superfaturamento\/#primaryimage"},"thumbnailUrl":"https:\/\/juacontecimentos.com.br\/site\/wp-content\/uploads\/2019\/03\/dinheiro-pagamento.jpeg","articleSection":["Brasil","Catal\u00e3o","Destaque","Goi\u00e1s"],"inLanguage":"pt-BR"},{"@type":"WebPage","@id":"https:\/\/juacontecimentos.com.br\/site\/mp-aciona-ex-prefeito-de-catalao-e-empresa-de-limpeza-publica-por-contratacao-irregular-e-superfaturamento\/","url":"https:\/\/juacontecimentos.com.br\/site\/mp-aciona-ex-prefeito-de-catalao-e-empresa-de-limpeza-publica-por-contratacao-irregular-e-superfaturamento\/","name":"MP aciona ex-prefeito de Catal\u00e3o e empresa de limpeza p\u00fablica por contrata\u00e7\u00e3o irregular e superfaturamento - Jornal Ultimos Acontecimentos","isPartOf":{"@id":"https:\/\/juacontecimentos.com.br\/site\/#website"},"primaryImageOfPage":{"@id":"https:\/\/juacontecimentos.com.br\/site\/mp-aciona-ex-prefeito-de-catalao-e-empresa-de-limpeza-publica-por-contratacao-irregular-e-superfaturamento\/#primaryimage"},"image":{"@id":"https:\/\/juacontecimentos.com.br\/site\/mp-aciona-ex-prefeito-de-catalao-e-empresa-de-limpeza-publica-por-contratacao-irregular-e-superfaturamento\/#primaryimage"},"thumbnailUrl":"https:\/\/juacontecimentos.com.br\/site\/wp-content\/uploads\/2019\/03\/dinheiro-pagamento.jpeg","datePublished":"2019-03-13T23:57:26+00:00","breadcrumb":{"@id":"https:\/\/juacontecimentos.com.br\/site\/mp-aciona-ex-prefeito-de-catalao-e-empresa-de-limpeza-publica-por-contratacao-irregular-e-superfaturamento\/#breadcrumb"},"inLanguage":"pt-BR","potentialAction":[{"@type":"ReadAction","target":["https:\/\/juacontecimentos.com.br\/site\/mp-aciona-ex-prefeito-de-catalao-e-empresa-de-limpeza-publica-por-contratacao-irregular-e-superfaturamento\/"]}]},{"@type":"ImageObject","inLanguage":"pt-BR","@id":"https:\/\/juacontecimentos.com.br\/site\/mp-aciona-ex-prefeito-de-catalao-e-empresa-de-limpeza-publica-por-contratacao-irregular-e-superfaturamento\/#primaryimage","url":"https:\/\/juacontecimentos.com.br\/site\/wp-content\/uploads\/2019\/03\/dinheiro-pagamento.jpeg","contentUrl":"https:\/\/juacontecimentos.com.br\/site\/wp-content\/uploads\/2019\/03\/dinheiro-pagamento.jpeg","width":1710,"height":1080},{"@type":"BreadcrumbList","@id":"https:\/\/juacontecimentos.com.br\/site\/mp-aciona-ex-prefeito-de-catalao-e-empresa-de-limpeza-publica-por-contratacao-irregular-e-superfaturamento\/#breadcrumb","itemListElement":[{"@type":"ListItem","position":1,"name":"In\u00edcio","item":"https:\/\/juacontecimentos.com.br\/site\/"},{"@type":"ListItem","position":2,"name":"MP aciona ex-prefeito de Catal\u00e3o e empresa de limpeza p\u00fablica por contrata\u00e7\u00e3o irregular e superfaturamento"}]},{"@type":"WebSite","@id":"https:\/\/juacontecimentos.com.br\/site\/#website","url":"https:\/\/juacontecimentos.com.br\/site\/","name":"Jornal Ultimos Acontecimentos","description":"Catal\u00e3o e regi\u00e3o","publisher":{"@id":"https:\/\/juacontecimentos.com.br\/site\/#organization"},"potentialAction":[{"@type":"SearchAction","target":{"@type":"EntryPoint","urlTemplate":"https:\/\/juacontecimentos.com.br\/site\/?s={search_term_string}"},"query-input":{"@type":"PropertyValueSpecification","valueRequired":true,"valueName":"search_term_string"}}],"inLanguage":"pt-BR"},{"@type":"Organization","@id":"https:\/\/juacontecimentos.com.br\/site\/#organization","name":"Jornal Ultimos Acontecimentos","url":"https:\/\/juacontecimentos.com.br\/site\/","logo":{"@type":"ImageObject","inLanguage":"pt-BR","@id":"https:\/\/juacontecimentos.com.br\/site\/#\/schema\/logo\/image\/","url":"https:\/\/juacontecimentos.com.br\/site\/wp-content\/uploads\/2023\/04\/Logo_Site.png","contentUrl":"https:\/\/juacontecimentos.com.br\/site\/wp-content\/uploads\/2023\/04\/Logo_Site.png","width":2476,"height":530,"caption":"Jornal Ultimos Acontecimentos"},"image":{"@id":"https:\/\/juacontecimentos.com.br\/site\/#\/schema\/logo\/image\/"},"sameAs":["https:\/\/www.facebook.com\/jultimosacontecimentos\/"]},{"@type":"Person","@id":"https:\/\/juacontecimentos.com.br\/site\/#\/schema\/person\/082a54e6d3fdd7a633291428521c9669","name":"Reginaldo Ribeiro","image":{"@type":"ImageObject","inLanguage":"pt-BR","@id":"https:\/\/juacontecimentos.com.br\/site\/#\/schema\/person\/image\/","url":"https:\/\/secure.gravatar.com\/avatar\/5c16c6837c3490270a74d888c2a845728f06bdde1f8761de1de1d1d1ef82d12f?s=96&d=mm&r=g","contentUrl":"https:\/\/secure.gravatar.com\/avatar\/5c16c6837c3490270a74d888c2a845728f06bdde1f8761de1de1d1d1ef82d12f?s=96&d=mm&r=g","caption":"Reginaldo Ribeiro"}}]}},"_links":{"self":[{"href":"https:\/\/juacontecimentos.com.br\/site\/wp-json\/wp\/v2\/posts\/6127","targetHints":{"allow":["GET"]}}],"collection":[{"href":"https:\/\/juacontecimentos.com.br\/site\/wp-json\/wp\/v2\/posts"}],"about":[{"href":"https:\/\/juacontecimentos.com.br\/site\/wp-json\/wp\/v2\/types\/post"}],"author":[{"embeddable":true,"href":"https:\/\/juacontecimentos.com.br\/site\/wp-json\/wp\/v2\/users\/2"}],"replies":[{"embeddable":true,"href":"https:\/\/juacontecimentos.com.br\/site\/wp-json\/wp\/v2\/comments?post=6127"}],"version-history":[{"count":1,"href":"https:\/\/juacontecimentos.com.br\/site\/wp-json\/wp\/v2\/posts\/6127\/revisions"}],"predecessor-version":[{"id":6129,"href":"https:\/\/juacontecimentos.com.br\/site\/wp-json\/wp\/v2\/posts\/6127\/revisions\/6129"}],"wp:featuredmedia":[{"embeddable":true,"href":"https:\/\/juacontecimentos.com.br\/site\/wp-json\/wp\/v2\/media\/6128"}],"wp:attachment":[{"href":"https:\/\/juacontecimentos.com.br\/site\/wp-json\/wp\/v2\/media?parent=6127"}],"wp:term":[{"taxonomy":"category","embeddable":true,"href":"https:\/\/juacontecimentos.com.br\/site\/wp-json\/wp\/v2\/categories?post=6127"},{"taxonomy":"post_tag","embeddable":true,"href":"https:\/\/juacontecimentos.com.br\/site\/wp-json\/wp\/v2\/tags?post=6127"}],"curies":[{"name":"wp","href":"https:\/\/api.w.org\/{rel}","templated":true}]}}