{"id":6135,"date":"2019-03-14T07:32:35","date_gmt":"2019-03-14T10:32:35","guid":{"rendered":"http:\/\/juacontecimentos.com.br\/site\/?p=6135"},"modified":"2019-03-14T07:33:27","modified_gmt":"2019-03-14T10:33:27","slug":"facebook-e-instagram-ficam-instaveis-no-brasil-e-em-outros-paises","status":"publish","type":"post","link":"https:\/\/juacontecimentos.com.br\/site\/facebook-e-instagram-ficam-instaveis-no-brasil-e-em-outros-paises\/","title":{"rendered":"Facebook e Instagram ficam inst\u00e1veis no Brasil e em outros pa\u00edses"},"content":{"rendered":"<h1 class=\"subtitulo\" style=\"text-align: center\">Usu\u00e1rios relataram dificuldades tamb\u00e9m no WhatsApp<\/h1>\n<p><img loading=\"lazy\" decoding=\"async\" class=\"alignnone wp-image-6136 size-full\" src=\"http:\/\/juacontecimentos.com.br\/site\/wp-content\/uploads\/2019\/03\/REDES-SOCIAIS.png\" alt=\"\" width=\"940\" height=\"600\" srcset=\"https:\/\/juacontecimentos.com.br\/site\/wp-content\/uploads\/2019\/03\/REDES-SOCIAIS.png 940w, https:\/\/juacontecimentos.com.br\/site\/wp-content\/uploads\/2019\/03\/REDES-SOCIAIS-300x191.png 300w, https:\/\/juacontecimentos.com.br\/site\/wp-content\/uploads\/2019\/03\/REDES-SOCIAIS-768x490.png 768w\" sizes=\"auto, (max-width: 940px) 100vw, 940px\" \/><\/p>\n<p>O Facebook e o Instagram apresentaram hoje (13) problemas de instabilidade no Brasil e em outros pa\u00edses. Os usu\u00e1rios reclamavam no Twitter de n\u00e3o conseguir acessar ou de ter acesso limitado ao Facebook e ao Instagram. Usu\u00e1rios tamb\u00e9m relataram dificuldades em usar alguns recursos do WhatsApp.<\/p>\n<p>Por meio do Twitter, o Facebook reconheceu o problema e disse que est\u00e1 trabalhando na manuten\u00e7\u00e3o da plataforma. \u201cEstamos cientes de que algumas pessoas est\u00e3o atualmente tendo problemas para acessar a fam\u00edlia de aplicativos do Facebook. Estamos trabalhando para resolver o problema o mais r\u00e1pido poss\u00edvel\u201d, postou.<\/p>\n<p>Em um post, o Facebook negou que a instabilidade foi causada por um ataque cibern\u00e9tico do tipo \u201cDDoS\u201d, como s\u00e3o conhecidos os Ataques Distribu\u00eddos de Nega\u00e7\u00e3o de Servi\u00e7o. Esse tipo de ataque sobrecarrega os servidores com uma alta demanda de conex\u00f5es.<\/p>\n<p>Tamb\u00e9m houve relatos de usu\u00e1rios de instabilidades no Google Drive, mas o servi\u00e7o j\u00e1 funciona normalmente.<\/p>\n<p>O Instagram anunciou que \u201cocorreu um erro\u201d e orienta a \u201ctentar novamente\u201d. \u201cEstamos cientes de um problema que impacta o acesso das pessoas \u00e0 integra\u00e7\u00e3o agora mesmo. Sabemos que isso \u00e9 frustrante, e nossa equipe est\u00e1 trabalhando duro para resolver isso o mais r\u00e1pido poss\u00edvel\u201d, tuitou a empresa.<\/p>\n<p>Outros relatos foram dificuldades de uso do WhatsApp. Muitos usu\u00e1rios se queixaram de n\u00e3o conseguir enviar fotos ou \u00e1udios pelo aplicativo.<\/p>\n<p>A Ag\u00eancia Brasil n\u00e3o conseguiu contato com a assessoria de imprensa do aplicativo.<br \/>\n<\/p>\n","protected":false},"excerpt":{"rendered":"<p>Usu\u00e1rios relataram dificuldades tamb\u00e9m no WhatsApp O Facebook e o Instagram apresentaram hoje (13) problemas de instabilidade no Brasil e em outros pa\u00edses. Os usu\u00e1rios reclamavam no Twitter de n\u00e3o conseguir acessar ou de ter acesso limitado ao Facebook e ao Instagram. Usu\u00e1rios tamb\u00e9m relataram dificuldades em usar alguns recursos do WhatsApp. Por meio do<\/p>\n","protected":false},"author":2,"featured_media":6136,"comment_status":"open","ping_status":"open","sticky":false,"template":"","format":"standard","meta":{"footnotes":""},"categories":[27,22,26,23],"tags":[],"class_list":["post-6135","post","type-post","status-publish","format-standard","has-post-thumbnail","hentry","category-brasil","category-catalao","category-destaque","category-goias"],"yoast_head":"<!-- This site is optimized with the Yoast SEO plugin v25.8 - https:\/\/yoast.com\/wordpress\/plugins\/seo\/ -->\n<title>Facebook e Instagram ficam inst\u00e1veis no Brasil e em outros pa\u00edses - Jornal Ultimos Acontecimentos<\/title>\n<meta name=\"robots\" content=\"index, follow, max-snippet:-1, max-image-preview:large, max-video-preview:-1\" \/>\n<link rel=\"canonical\" href=\"https:\/\/juacontecimentos.com.br\/site\/facebook-e-instagram-ficam-instaveis-no-brasil-e-em-outros-paises\/\" \/>\n<meta property=\"og:locale\" content=\"pt_BR\" \/>\n<meta property=\"og:type\" content=\"article\" \/>\n<meta property=\"og:title\" content=\"Facebook e Instagram ficam inst\u00e1veis no Brasil e em outros pa\u00edses - Jornal Ultimos Acontecimentos\" \/>\n<meta property=\"og:description\" content=\"Usu\u00e1rios relataram dificuldades tamb\u00e9m no WhatsApp O Facebook e o Instagram apresentaram hoje (13) problemas de instabilidade no Brasil e em outros pa\u00edses. Os usu\u00e1rios reclamavam no Twitter de n\u00e3o conseguir acessar ou de ter acesso limitado ao Facebook e ao Instagram. Usu\u00e1rios tamb\u00e9m relataram dificuldades em usar alguns recursos do WhatsApp. Por meio do\" \/>\n<meta property=\"og:url\" content=\"https:\/\/juacontecimentos.com.br\/site\/facebook-e-instagram-ficam-instaveis-no-brasil-e-em-outros-paises\/\" \/>\n<meta property=\"og:site_name\" content=\"Jornal Ultimos Acontecimentos\" \/>\n<meta property=\"article:publisher\" content=\"https:\/\/www.facebook.com\/jultimosacontecimentos\/\" \/>\n<meta property=\"article:published_time\" content=\"2019-03-14T10:32:35+00:00\" \/>\n<meta property=\"article:modified_time\" content=\"2019-03-14T10:33:27+00:00\" \/>\n<meta property=\"og:image\" content=\"https:\/\/juacontecimentos.com.br\/site\/wp-content\/uploads\/2019\/03\/REDES-SOCIAIS.png\" \/>\n\t<meta property=\"og:image:width\" content=\"940\" \/>\n\t<meta property=\"og:image:height\" content=\"600\" \/>\n\t<meta property=\"og:image:type\" content=\"image\/png\" \/>\n<meta name=\"author\" content=\"Reginaldo Ribeiro\" \/>\n<meta name=\"twitter:card\" content=\"summary_large_image\" \/>\n<meta name=\"twitter:label1\" content=\"Escrito por\" \/>\n\t<meta name=\"twitter:data1\" content=\"Reginaldo Ribeiro\" \/>\n\t<meta name=\"twitter:label2\" content=\"Est. tempo de leitura\" \/>\n\t<meta name=\"twitter:data2\" content=\"1 minuto\" \/>\n<script type=\"application\/ld+json\" class=\"yoast-schema-graph\">{\"@context\":\"https:\/\/schema.org\",\"@graph\":[{\"@type\":\"Article\",\"@id\":\"https:\/\/juacontecimentos.com.br\/site\/facebook-e-instagram-ficam-instaveis-no-brasil-e-em-outros-paises\/#article\",\"isPartOf\":{\"@id\":\"https:\/\/juacontecimentos.com.br\/site\/facebook-e-instagram-ficam-instaveis-no-brasil-e-em-outros-paises\/\"},\"author\":{\"name\":\"Reginaldo Ribeiro\",\"@id\":\"https:\/\/juacontecimentos.com.br\/site\/#\/schema\/person\/082a54e6d3fdd7a633291428521c9669\"},\"headline\":\"Facebook e Instagram ficam inst\u00e1veis no Brasil e em outros pa\u00edses\",\"datePublished\":\"2019-03-14T10:32:35+00:00\",\"dateModified\":\"2019-03-14T10:33:27+00:00\",\"mainEntityOfPage\":{\"@id\":\"https:\/\/juacontecimentos.com.br\/site\/facebook-e-instagram-ficam-instaveis-no-brasil-e-em-outros-paises\/\"},\"wordCount\":276,\"commentCount\":0,\"publisher\":{\"@id\":\"https:\/\/juacontecimentos.com.br\/site\/#organization\"},\"image\":{\"@id\":\"https:\/\/juacontecimentos.com.br\/site\/facebook-e-instagram-ficam-instaveis-no-brasil-e-em-outros-paises\/#primaryimage\"},\"thumbnailUrl\":\"https:\/\/juacontecimentos.com.br\/site\/wp-content\/uploads\/2019\/03\/REDES-SOCIAIS.png\",\"articleSection\":[\"Brasil\",\"Catal\u00e3o\",\"Destaque\",\"Goi\u00e1s\"],\"inLanguage\":\"pt-BR\"},{\"@type\":\"WebPage\",\"@id\":\"https:\/\/juacontecimentos.com.br\/site\/facebook-e-instagram-ficam-instaveis-no-brasil-e-em-outros-paises\/\",\"url\":\"https:\/\/juacontecimentos.com.br\/site\/facebook-e-instagram-ficam-instaveis-no-brasil-e-em-outros-paises\/\",\"name\":\"Facebook e Instagram ficam inst\u00e1veis no Brasil e em outros pa\u00edses - Jornal Ultimos Acontecimentos\",\"isPartOf\":{\"@id\":\"https:\/\/juacontecimentos.com.br\/site\/#website\"},\"primaryImageOfPage\":{\"@id\":\"https:\/\/juacontecimentos.com.br\/site\/facebook-e-instagram-ficam-instaveis-no-brasil-e-em-outros-paises\/#primaryimage\"},\"image\":{\"@id\":\"https:\/\/juacontecimentos.com.br\/site\/facebook-e-instagram-ficam-instaveis-no-brasil-e-em-outros-paises\/#primaryimage\"},\"thumbnailUrl\":\"https:\/\/juacontecimentos.com.br\/site\/wp-content\/uploads\/2019\/03\/REDES-SOCIAIS.png\",\"datePublished\":\"2019-03-14T10:32:35+00:00\",\"dateModified\":\"2019-03-14T10:33:27+00:00\",\"breadcrumb\":{\"@id\":\"https:\/\/juacontecimentos.com.br\/site\/facebook-e-instagram-ficam-instaveis-no-brasil-e-em-outros-paises\/#breadcrumb\"},\"inLanguage\":\"pt-BR\",\"potentialAction\":[{\"@type\":\"ReadAction\",\"target\":[\"https:\/\/juacontecimentos.com.br\/site\/facebook-e-instagram-ficam-instaveis-no-brasil-e-em-outros-paises\/\"]}]},{\"@type\":\"ImageObject\",\"inLanguage\":\"pt-BR\",\"@id\":\"https:\/\/juacontecimentos.com.br\/site\/facebook-e-instagram-ficam-instaveis-no-brasil-e-em-outros-paises\/#primaryimage\",\"url\":\"https:\/\/juacontecimentos.com.br\/site\/wp-content\/uploads\/2019\/03\/REDES-SOCIAIS.png\",\"contentUrl\":\"https:\/\/juacontecimentos.com.br\/site\/wp-content\/uploads\/2019\/03\/REDES-SOCIAIS.png\",\"width\":940,\"height\":600},{\"@type\":\"BreadcrumbList\",\"@id\":\"https:\/\/juacontecimentos.com.br\/site\/facebook-e-instagram-ficam-instaveis-no-brasil-e-em-outros-paises\/#breadcrumb\",\"itemListElement\":[{\"@type\":\"ListItem\",\"position\":1,\"name\":\"In\u00edcio\",\"item\":\"https:\/\/juacontecimentos.com.br\/site\/\"},{\"@type\":\"ListItem\",\"position\":2,\"name\":\"Facebook e Instagram ficam inst\u00e1veis no Brasil e em outros pa\u00edses\"}]},{\"@type\":\"WebSite\",\"@id\":\"https:\/\/juacontecimentos.com.br\/site\/#website\",\"url\":\"https:\/\/juacontecimentos.com.br\/site\/\",\"name\":\"Jornal Ultimos Acontecimentos\",\"description\":\"Catal\u00e3o e regi\u00e3o\",\"publisher\":{\"@id\":\"https:\/\/juacontecimentos.com.br\/site\/#organization\"},\"potentialAction\":[{\"@type\":\"SearchAction\",\"target\":{\"@type\":\"EntryPoint\",\"urlTemplate\":\"https:\/\/juacontecimentos.com.br\/site\/?s={search_term_string}\"},\"query-input\":{\"@type\":\"PropertyValueSpecification\",\"valueRequired\":true,\"valueName\":\"search_term_string\"}}],\"inLanguage\":\"pt-BR\"},{\"@type\":\"Organization\",\"@id\":\"https:\/\/juacontecimentos.com.br\/site\/#organization\",\"name\":\"Jornal Ultimos Acontecimentos\",\"url\":\"https:\/\/juacontecimentos.com.br\/site\/\",\"logo\":{\"@type\":\"ImageObject\",\"inLanguage\":\"pt-BR\",\"@id\":\"https:\/\/juacontecimentos.com.br\/site\/#\/schema\/logo\/image\/\",\"url\":\"https:\/\/juacontecimentos.com.br\/site\/wp-content\/uploads\/2023\/04\/Logo_Site.png\",\"contentUrl\":\"https:\/\/juacontecimentos.com.br\/site\/wp-content\/uploads\/2023\/04\/Logo_Site.png\",\"width\":2476,\"height\":530,\"caption\":\"Jornal Ultimos Acontecimentos\"},\"image\":{\"@id\":\"https:\/\/juacontecimentos.com.br\/site\/#\/schema\/logo\/image\/\"},\"sameAs\":[\"https:\/\/www.facebook.com\/jultimosacontecimentos\/\"]},{\"@type\":\"Person\",\"@id\":\"https:\/\/juacontecimentos.com.br\/site\/#\/schema\/person\/082a54e6d3fdd7a633291428521c9669\",\"name\":\"Reginaldo Ribeiro\",\"image\":{\"@type\":\"ImageObject\",\"inLanguage\":\"pt-BR\",\"@id\":\"https:\/\/juacontecimentos.com.br\/site\/#\/schema\/person\/image\/\",\"url\":\"https:\/\/secure.gravatar.com\/avatar\/5c16c6837c3490270a74d888c2a845728f06bdde1f8761de1de1d1d1ef82d12f?s=96&d=mm&r=g\",\"contentUrl\":\"https:\/\/secure.gravatar.com\/avatar\/5c16c6837c3490270a74d888c2a845728f06bdde1f8761de1de1d1d1ef82d12f?s=96&d=mm&r=g\",\"caption\":\"Reginaldo Ribeiro\"}}]}<\/script>\n<!-- \/ Yoast SEO plugin. -->","yoast_head_json":{"title":"Facebook e Instagram ficam inst\u00e1veis no Brasil e em outros pa\u00edses - Jornal Ultimos Acontecimentos","robots":{"index":"index","follow":"follow","max-snippet":"max-snippet:-1","max-image-preview":"max-image-preview:large","max-video-preview":"max-video-preview:-1"},"canonical":"https:\/\/juacontecimentos.com.br\/site\/facebook-e-instagram-ficam-instaveis-no-brasil-e-em-outros-paises\/","og_locale":"pt_BR","og_type":"article","og_title":"Facebook e Instagram ficam inst\u00e1veis no Brasil e em outros pa\u00edses - Jornal Ultimos Acontecimentos","og_description":"Usu\u00e1rios relataram dificuldades tamb\u00e9m no WhatsApp O Facebook e o Instagram apresentaram hoje (13) problemas de instabilidade no Brasil e em outros pa\u00edses. Os usu\u00e1rios reclamavam no Twitter de n\u00e3o conseguir acessar ou de ter acesso limitado ao Facebook e ao Instagram. Usu\u00e1rios tamb\u00e9m relataram dificuldades em usar alguns recursos do WhatsApp. Por meio do","og_url":"https:\/\/juacontecimentos.com.br\/site\/facebook-e-instagram-ficam-instaveis-no-brasil-e-em-outros-paises\/","og_site_name":"Jornal Ultimos Acontecimentos","article_publisher":"https:\/\/www.facebook.com\/jultimosacontecimentos\/","article_published_time":"2019-03-14T10:32:35+00:00","article_modified_time":"2019-03-14T10:33:27+00:00","og_image":[{"width":940,"height":600,"url":"https:\/\/juacontecimentos.com.br\/site\/wp-content\/uploads\/2019\/03\/REDES-SOCIAIS.png","type":"image\/png"}],"author":"Reginaldo Ribeiro","twitter_card":"summary_large_image","twitter_misc":{"Escrito por":"Reginaldo Ribeiro","Est. tempo de leitura":"1 minuto"},"schema":{"@context":"https:\/\/schema.org","@graph":[{"@type":"Article","@id":"https:\/\/juacontecimentos.com.br\/site\/facebook-e-instagram-ficam-instaveis-no-brasil-e-em-outros-paises\/#article","isPartOf":{"@id":"https:\/\/juacontecimentos.com.br\/site\/facebook-e-instagram-ficam-instaveis-no-brasil-e-em-outros-paises\/"},"author":{"name":"Reginaldo Ribeiro","@id":"https:\/\/juacontecimentos.com.br\/site\/#\/schema\/person\/082a54e6d3fdd7a633291428521c9669"},"headline":"Facebook e Instagram ficam inst\u00e1veis no Brasil e em outros pa\u00edses","datePublished":"2019-03-14T10:32:35+00:00","dateModified":"2019-03-14T10:33:27+00:00","mainEntityOfPage":{"@id":"https:\/\/juacontecimentos.com.br\/site\/facebook-e-instagram-ficam-instaveis-no-brasil-e-em-outros-paises\/"},"wordCount":276,"commentCount":0,"publisher":{"@id":"https:\/\/juacontecimentos.com.br\/site\/#organization"},"image":{"@id":"https:\/\/juacontecimentos.com.br\/site\/facebook-e-instagram-ficam-instaveis-no-brasil-e-em-outros-paises\/#primaryimage"},"thumbnailUrl":"https:\/\/juacontecimentos.com.br\/site\/wp-content\/uploads\/2019\/03\/REDES-SOCIAIS.png","articleSection":["Brasil","Catal\u00e3o","Destaque","Goi\u00e1s"],"inLanguage":"pt-BR"},{"@type":"WebPage","@id":"https:\/\/juacontecimentos.com.br\/site\/facebook-e-instagram-ficam-instaveis-no-brasil-e-em-outros-paises\/","url":"https:\/\/juacontecimentos.com.br\/site\/facebook-e-instagram-ficam-instaveis-no-brasil-e-em-outros-paises\/","name":"Facebook e Instagram ficam inst\u00e1veis no Brasil e em outros pa\u00edses - Jornal Ultimos Acontecimentos","isPartOf":{"@id":"https:\/\/juacontecimentos.com.br\/site\/#website"},"primaryImageOfPage":{"@id":"https:\/\/juacontecimentos.com.br\/site\/facebook-e-instagram-ficam-instaveis-no-brasil-e-em-outros-paises\/#primaryimage"},"image":{"@id":"https:\/\/juacontecimentos.com.br\/site\/facebook-e-instagram-ficam-instaveis-no-brasil-e-em-outros-paises\/#primaryimage"},"thumbnailUrl":"https:\/\/juacontecimentos.com.br\/site\/wp-content\/uploads\/2019\/03\/REDES-SOCIAIS.png","datePublished":"2019-03-14T10:32:35+00:00","dateModified":"2019-03-14T10:33:27+00:00","breadcrumb":{"@id":"https:\/\/juacontecimentos.com.br\/site\/facebook-e-instagram-ficam-instaveis-no-brasil-e-em-outros-paises\/#breadcrumb"},"inLanguage":"pt-BR","potentialAction":[{"@type":"ReadAction","target":["https:\/\/juacontecimentos.com.br\/site\/facebook-e-instagram-ficam-instaveis-no-brasil-e-em-outros-paises\/"]}]},{"@type":"ImageObject","inLanguage":"pt-BR","@id":"https:\/\/juacontecimentos.com.br\/site\/facebook-e-instagram-ficam-instaveis-no-brasil-e-em-outros-paises\/#primaryimage","url":"https:\/\/juacontecimentos.com.br\/site\/wp-content\/uploads\/2019\/03\/REDES-SOCIAIS.png","contentUrl":"https:\/\/juacontecimentos.com.br\/site\/wp-content\/uploads\/2019\/03\/REDES-SOCIAIS.png","width":940,"height":600},{"@type":"BreadcrumbList","@id":"https:\/\/juacontecimentos.com.br\/site\/facebook-e-instagram-ficam-instaveis-no-brasil-e-em-outros-paises\/#breadcrumb","itemListElement":[{"@type":"ListItem","position":1,"name":"In\u00edcio","item":"https:\/\/juacontecimentos.com.br\/site\/"},{"@type":"ListItem","position":2,"name":"Facebook e Instagram ficam inst\u00e1veis no Brasil e em outros pa\u00edses"}]},{"@type":"WebSite","@id":"https:\/\/juacontecimentos.com.br\/site\/#website","url":"https:\/\/juacontecimentos.com.br\/site\/","name":"Jornal Ultimos Acontecimentos","description":"Catal\u00e3o e regi\u00e3o","publisher":{"@id":"https:\/\/juacontecimentos.com.br\/site\/#organization"},"potentialAction":[{"@type":"SearchAction","target":{"@type":"EntryPoint","urlTemplate":"https:\/\/juacontecimentos.com.br\/site\/?s={search_term_string}"},"query-input":{"@type":"PropertyValueSpecification","valueRequired":true,"valueName":"search_term_string"}}],"inLanguage":"pt-BR"},{"@type":"Organization","@id":"https:\/\/juacontecimentos.com.br\/site\/#organization","name":"Jornal Ultimos Acontecimentos","url":"https:\/\/juacontecimentos.com.br\/site\/","logo":{"@type":"ImageObject","inLanguage":"pt-BR","@id":"https:\/\/juacontecimentos.com.br\/site\/#\/schema\/logo\/image\/","url":"https:\/\/juacontecimentos.com.br\/site\/wp-content\/uploads\/2023\/04\/Logo_Site.png","contentUrl":"https:\/\/juacontecimentos.com.br\/site\/wp-content\/uploads\/2023\/04\/Logo_Site.png","width":2476,"height":530,"caption":"Jornal Ultimos Acontecimentos"},"image":{"@id":"https:\/\/juacontecimentos.com.br\/site\/#\/schema\/logo\/image\/"},"sameAs":["https:\/\/www.facebook.com\/jultimosacontecimentos\/"]},{"@type":"Person","@id":"https:\/\/juacontecimentos.com.br\/site\/#\/schema\/person\/082a54e6d3fdd7a633291428521c9669","name":"Reginaldo Ribeiro","image":{"@type":"ImageObject","inLanguage":"pt-BR","@id":"https:\/\/juacontecimentos.com.br\/site\/#\/schema\/person\/image\/","url":"https:\/\/secure.gravatar.com\/avatar\/5c16c6837c3490270a74d888c2a845728f06bdde1f8761de1de1d1d1ef82d12f?s=96&d=mm&r=g","contentUrl":"https:\/\/secure.gravatar.com\/avatar\/5c16c6837c3490270a74d888c2a845728f06bdde1f8761de1de1d1d1ef82d12f?s=96&d=mm&r=g","caption":"Reginaldo Ribeiro"}}]}},"_links":{"self":[{"href":"https:\/\/juacontecimentos.com.br\/site\/wp-json\/wp\/v2\/posts\/6135","targetHints":{"allow":["GET"]}}],"collection":[{"href":"https:\/\/juacontecimentos.com.br\/site\/wp-json\/wp\/v2\/posts"}],"about":[{"href":"https:\/\/juacontecimentos.com.br\/site\/wp-json\/wp\/v2\/types\/post"}],"author":[{"embeddable":true,"href":"https:\/\/juacontecimentos.com.br\/site\/wp-json\/wp\/v2\/users\/2"}],"replies":[{"embeddable":true,"href":"https:\/\/juacontecimentos.com.br\/site\/wp-json\/wp\/v2\/comments?post=6135"}],"version-history":[{"count":1,"href":"https:\/\/juacontecimentos.com.br\/site\/wp-json\/wp\/v2\/posts\/6135\/revisions"}],"predecessor-version":[{"id":6137,"href":"https:\/\/juacontecimentos.com.br\/site\/wp-json\/wp\/v2\/posts\/6135\/revisions\/6137"}],"wp:featuredmedia":[{"embeddable":true,"href":"https:\/\/juacontecimentos.com.br\/site\/wp-json\/wp\/v2\/media\/6136"}],"wp:attachment":[{"href":"https:\/\/juacontecimentos.com.br\/site\/wp-json\/wp\/v2\/media?parent=6135"}],"wp:term":[{"taxonomy":"category","embeddable":true,"href":"https:\/\/juacontecimentos.com.br\/site\/wp-json\/wp\/v2\/categories?post=6135"},{"taxonomy":"post_tag","embeddable":true,"href":"https:\/\/juacontecimentos.com.br\/site\/wp-json\/wp\/v2\/tags?post=6135"}],"curies":[{"name":"wp","href":"https:\/\/api.w.org\/{rel}","templated":true}]}}