{"id":6671,"date":"2019-05-11T18:07:02","date_gmt":"2019-05-11T21:07:02","guid":{"rendered":"http:\/\/juacontecimentos.com.br\/site\/?p=6671"},"modified":"2019-05-11T18:08:13","modified_gmt":"2019-05-11T21:08:13","slug":"prefeitura-de-tres-ranchos-realiza-cafe-da-manha-em-homenagens-as-maes","status":"publish","type":"post","link":"https:\/\/juacontecimentos.com.br\/site\/prefeitura-de-tres-ranchos-realiza-cafe-da-manha-em-homenagens-as-maes\/","title":{"rendered":"Prefeitura de Tr\u00eas Ranchos realiza caf\u00e9 da manh\u00e3 em homenagens as m\u00e3es"},"content":{"rendered":"<p><img loading=\"lazy\" decoding=\"async\" class=\"alignnone wp-image-6709 size-full\" src=\"http:\/\/juacontecimentos.com.br\/site\/wp-content\/uploads\/2019\/05\/IMG_20190511_103422849.jpg\" alt=\"\" width=\"4160\" height=\"3120\" srcset=\"https:\/\/juacontecimentos.com.br\/site\/wp-content\/uploads\/2019\/05\/IMG_20190511_103422849.jpg 4160w, https:\/\/juacontecimentos.com.br\/site\/wp-content\/uploads\/2019\/05\/IMG_20190511_103422849-300x225.jpg 300w, https:\/\/juacontecimentos.com.br\/site\/wp-content\/uploads\/2019\/05\/IMG_20190511_103422849-768x576.jpg 768w, https:\/\/juacontecimentos.com.br\/site\/wp-content\/uploads\/2019\/05\/IMG_20190511_103422849-1024x768.jpg 1024w\" sizes=\"auto, (max-width: 4160px) 100vw, 4160px\" \/><\/p>\n<p><img loading=\"lazy\" decoding=\"async\" class=\"alignnone wp-image-6707 size-full\" src=\"http:\/\/juacontecimentos.com.br\/site\/wp-content\/uploads\/2019\/05\/IMG_20190511_103332032.jpg\" alt=\"\" width=\"4160\" height=\"3120\" srcset=\"https:\/\/juacontecimentos.com.br\/site\/wp-content\/uploads\/2019\/05\/IMG_20190511_103332032.jpg 4160w, https:\/\/juacontecimentos.com.br\/site\/wp-content\/uploads\/2019\/05\/IMG_20190511_103332032-300x225.jpg 300w, https:\/\/juacontecimentos.com.br\/site\/wp-content\/uploads\/2019\/05\/IMG_20190511_103332032-768x576.jpg 768w, https:\/\/juacontecimentos.com.br\/site\/wp-content\/uploads\/2019\/05\/IMG_20190511_103332032-1024x768.jpg 1024w\" sizes=\"auto, (max-width: 4160px) 100vw, 4160px\" \/> <img loading=\"lazy\" decoding=\"async\" class=\"alignnone wp-image-6705 size-full\" src=\"http:\/\/juacontecimentos.com.br\/site\/wp-content\/uploads\/2019\/05\/IMG_20190511_102520763.jpg\" alt=\"\" width=\"4160\" height=\"3120\" srcset=\"https:\/\/juacontecimentos.com.br\/site\/wp-content\/uploads\/2019\/05\/IMG_20190511_102520763.jpg 4160w, https:\/\/juacontecimentos.com.br\/site\/wp-content\/uploads\/2019\/05\/IMG_20190511_102520763-300x225.jpg 300w, https:\/\/juacontecimentos.com.br\/site\/wp-content\/uploads\/2019\/05\/IMG_20190511_102520763-768x576.jpg 768w, https:\/\/juacontecimentos.com.br\/site\/wp-content\/uploads\/2019\/05\/IMG_20190511_102520763-1024x768.jpg 1024w\" sizes=\"auto, (max-width: 4160px) 100vw, 4160px\" \/> <img loading=\"lazy\" decoding=\"async\" class=\"alignnone wp-image-6704 size-full\" src=\"http:\/\/juacontecimentos.com.br\/site\/wp-content\/uploads\/2019\/05\/IMG_20190511_102519361.jpg\" alt=\"\" width=\"4160\" height=\"3120\" srcset=\"https:\/\/juacontecimentos.com.br\/site\/wp-content\/uploads\/2019\/05\/IMG_20190511_102519361.jpg 4160w, https:\/\/juacontecimentos.com.br\/site\/wp-content\/uploads\/2019\/05\/IMG_20190511_102519361-300x225.jpg 300w, https:\/\/juacontecimentos.com.br\/site\/wp-content\/uploads\/2019\/05\/IMG_20190511_102519361-768x576.jpg 768w, https:\/\/juacontecimentos.com.br\/site\/wp-content\/uploads\/2019\/05\/IMG_20190511_102519361-1024x768.jpg 1024w\" sizes=\"auto, (max-width: 4160px) 100vw, 4160px\" \/> <img loading=\"lazy\" decoding=\"async\" class=\"alignnone wp-image-6711 size-full\" src=\"http:\/\/juacontecimentos.com.br\/site\/wp-content\/uploads\/2019\/05\/IMG_20190511_103800566.jpg\" alt=\"\" width=\"4160\" height=\"3120\" srcset=\"https:\/\/juacontecimentos.com.br\/site\/wp-content\/uploads\/2019\/05\/IMG_20190511_103800566.jpg 4160w, https:\/\/juacontecimentos.com.br\/site\/wp-content\/uploads\/2019\/05\/IMG_20190511_103800566-300x225.jpg 300w, https:\/\/juacontecimentos.com.br\/site\/wp-content\/uploads\/2019\/05\/IMG_20190511_103800566-768x576.jpg 768w, https:\/\/juacontecimentos.com.br\/site\/wp-content\/uploads\/2019\/05\/IMG_20190511_103800566-1024x768.jpg 1024w\" sizes=\"auto, (max-width: 4160px) 100vw, 4160px\" \/> <img loading=\"lazy\" decoding=\"async\" class=\"alignnone wp-image-6699 size-full\" src=\"http:\/\/juacontecimentos.com.br\/site\/wp-content\/uploads\/2019\/05\/IMG_20190511_102054474.jpg\" alt=\"\" width=\"4160\" height=\"3120\" srcset=\"https:\/\/juacontecimentos.com.br\/site\/wp-content\/uploads\/2019\/05\/IMG_20190511_102054474.jpg 4160w, https:\/\/juacontecimentos.com.br\/site\/wp-content\/uploads\/2019\/05\/IMG_20190511_102054474-300x225.jpg 300w, https:\/\/juacontecimentos.com.br\/site\/wp-content\/uploads\/2019\/05\/IMG_20190511_102054474-768x576.jpg 768w, https:\/\/juacontecimentos.com.br\/site\/wp-content\/uploads\/2019\/05\/IMG_20190511_102054474-1024x768.jpg 1024w\" sizes=\"auto, (max-width: 4160px) 100vw, 4160px\" \/> <img loading=\"lazy\" decoding=\"async\" class=\"alignnone wp-image-6698 size-full\" src=\"http:\/\/juacontecimentos.com.br\/site\/wp-content\/uploads\/2019\/05\/IMG_20190511_100640297.jpg\" alt=\"\" width=\"4160\" height=\"3120\" srcset=\"https:\/\/juacontecimentos.com.br\/site\/wp-content\/uploads\/2019\/05\/IMG_20190511_100640297.jpg 4160w, https:\/\/juacontecimentos.com.br\/site\/wp-content\/uploads\/2019\/05\/IMG_20190511_100640297-300x225.jpg 300w, https:\/\/juacontecimentos.com.br\/site\/wp-content\/uploads\/2019\/05\/IMG_20190511_100640297-768x576.jpg 768w, https:\/\/juacontecimentos.com.br\/site\/wp-content\/uploads\/2019\/05\/IMG_20190511_100640297-1024x768.jpg 1024w\" sizes=\"auto, (max-width: 4160px) 100vw, 4160px\" \/><\/p>\n<p>Em comemora\u00e7\u00e3o ao dia das m\u00e3es (14 de maio), o Prefeito de Tr\u00eas Ranchos, Hugo Deleon, por meio da primeira-dama e Secret\u00e1ria Municipal de A\u00e7\u00e3o Social &#8211; Alexandra Francisca Cust\u00f3dio, realizou na manh\u00e3 deste s\u00e1bado, 11, um caf\u00e9 da manh\u00e3 para homenagear todas as m\u00e3es do munic\u00edpio, no Gin\u00e1sio Miguel Pereira Coutinho. Foi preparado uma decora\u00e7\u00e3o especial, apresenta\u00e7\u00f5es musicais, e ainda, distribu\u00eddos vasos de rosas como s\u00edmbolo de respeito por todas as m\u00e3es e mulheres do munic\u00edpio.<\/p>\n<p>Para o prefeito o dia das m\u00e3es \u00e9 uma data muito especial e precisa ser lembrada n\u00e3o s\u00f3 uma vez ao ano, mas frequentemente. \u201cEssa festa foi realizada com muito carinho e amor e \u00e9 uma forma de homenagear todas as m\u00e3es da cidade pelo exemplo de for\u00e7a, coragem e dedica\u00e7\u00e3o\u201d, destacou Hugo Deleon ap\u00f3s prestar uma singela homenagem \u00e0s m\u00e3es presentes.<\/p>\n<p>O prefeito tamb\u00e9m fez quest\u00e3o de agradecer e parabenizar os seus familiares que marcaram presen\u00e7a no caf\u00e9 da manh\u00e3. \u201cGostaria de agradecer a presen\u00e7a da minha m\u00e3e, esposa, sogra e de todos que contribu\u00edram para essa magn\u00edfica manh\u00e3 de homenagens\u201d, reiterou o prefeito.<\/p>\n<p><img loading=\"lazy\" decoding=\"async\" class=\"alignnone wp-image-6692 size-full\" src=\"http:\/\/juacontecimentos.com.br\/site\/wp-content\/uploads\/2019\/05\/IMG_20190511_093103182_BURST000_COVER_TOP.jpg\" alt=\"\" width=\"4160\" height=\"3120\" srcset=\"https:\/\/juacontecimentos.com.br\/site\/wp-content\/uploads\/2019\/05\/IMG_20190511_093103182_BURST000_COVER_TOP.jpg 4160w, https:\/\/juacontecimentos.com.br\/site\/wp-content\/uploads\/2019\/05\/IMG_20190511_093103182_BURST000_COVER_TOP-300x225.jpg 300w, https:\/\/juacontecimentos.com.br\/site\/wp-content\/uploads\/2019\/05\/IMG_20190511_093103182_BURST000_COVER_TOP-768x576.jpg 768w, https:\/\/juacontecimentos.com.br\/site\/wp-content\/uploads\/2019\/05\/IMG_20190511_093103182_BURST000_COVER_TOP-1024x768.jpg 1024w\" sizes=\"auto, (max-width: 4160px) 100vw, 4160px\" \/> <img loading=\"lazy\" decoding=\"async\" class=\"alignnone wp-image-6690 size-full\" src=\"http:\/\/juacontecimentos.com.br\/site\/wp-content\/uploads\/2019\/05\/IMG_20190511_092933775.jpg\" alt=\"\" width=\"4160\" height=\"3120\" srcset=\"https:\/\/juacontecimentos.com.br\/site\/wp-content\/uploads\/2019\/05\/IMG_20190511_092933775.jpg 4160w, https:\/\/juacontecimentos.com.br\/site\/wp-content\/uploads\/2019\/05\/IMG_20190511_092933775-300x225.jpg 300w, https:\/\/juacontecimentos.com.br\/site\/wp-content\/uploads\/2019\/05\/IMG_20190511_092933775-768x576.jpg 768w, https:\/\/juacontecimentos.com.br\/site\/wp-content\/uploads\/2019\/05\/IMG_20190511_092933775-1024x768.jpg 1024w\" sizes=\"auto, (max-width: 4160px) 100vw, 4160px\" \/> <img loading=\"lazy\" decoding=\"async\" class=\"alignnone wp-image-6684 size-full\" src=\"http:\/\/juacontecimentos.com.br\/site\/wp-content\/uploads\/2019\/05\/IMG_20190511_092548285.jpg\" alt=\"\" width=\"4160\" height=\"3120\" srcset=\"https:\/\/juacontecimentos.com.br\/site\/wp-content\/uploads\/2019\/05\/IMG_20190511_092548285.jpg 4160w, https:\/\/juacontecimentos.com.br\/site\/wp-content\/uploads\/2019\/05\/IMG_20190511_092548285-300x225.jpg 300w, https:\/\/juacontecimentos.com.br\/site\/wp-content\/uploads\/2019\/05\/IMG_20190511_092548285-768x576.jpg 768w, https:\/\/juacontecimentos.com.br\/site\/wp-content\/uploads\/2019\/05\/IMG_20190511_092548285-1024x768.jpg 1024w\" sizes=\"auto, (max-width: 4160px) 100vw, 4160px\" \/> <img loading=\"lazy\" decoding=\"async\" class=\"alignnone wp-image-6687 size-full\" src=\"http:\/\/juacontecimentos.com.br\/site\/wp-content\/uploads\/2019\/05\/IMG_20190511_092640542.jpg\" alt=\"\" width=\"4160\" height=\"3120\" srcset=\"https:\/\/juacontecimentos.com.br\/site\/wp-content\/uploads\/2019\/05\/IMG_20190511_092640542.jpg 4160w, https:\/\/juacontecimentos.com.br\/site\/wp-content\/uploads\/2019\/05\/IMG_20190511_092640542-300x225.jpg 300w, https:\/\/juacontecimentos.com.br\/site\/wp-content\/uploads\/2019\/05\/IMG_20190511_092640542-768x576.jpg 768w, https:\/\/juacontecimentos.com.br\/site\/wp-content\/uploads\/2019\/05\/IMG_20190511_092640542-1024x768.jpg 1024w\" sizes=\"auto, (max-width: 4160px) 100vw, 4160px\" \/> <img loading=\"lazy\" decoding=\"async\" class=\"alignnone wp-image-6688 size-full\" src=\"http:\/\/juacontecimentos.com.br\/site\/wp-content\/uploads\/2019\/05\/IMG_20190511_092700971.jpg\" alt=\"\" width=\"4160\" height=\"3120\" srcset=\"https:\/\/juacontecimentos.com.br\/site\/wp-content\/uploads\/2019\/05\/IMG_20190511_092700971.jpg 4160w, https:\/\/juacontecimentos.com.br\/site\/wp-content\/uploads\/2019\/05\/IMG_20190511_092700971-300x225.jpg 300w, https:\/\/juacontecimentos.com.br\/site\/wp-content\/uploads\/2019\/05\/IMG_20190511_092700971-768x576.jpg 768w, https:\/\/juacontecimentos.com.br\/site\/wp-content\/uploads\/2019\/05\/IMG_20190511_092700971-1024x768.jpg 1024w\" sizes=\"auto, (max-width: 4160px) 100vw, 4160px\" \/> <img loading=\"lazy\" decoding=\"async\" class=\"alignnone wp-image-6676 size-full\" src=\"http:\/\/juacontecimentos.com.br\/site\/wp-content\/uploads\/2019\/05\/IMG_20190511_092137780.jpg\" alt=\"\" width=\"4160\" height=\"3120\" srcset=\"https:\/\/juacontecimentos.com.br\/site\/wp-content\/uploads\/2019\/05\/IMG_20190511_092137780.jpg 4160w, https:\/\/juacontecimentos.com.br\/site\/wp-content\/uploads\/2019\/05\/IMG_20190511_092137780-300x225.jpg 300w, https:\/\/juacontecimentos.com.br\/site\/wp-content\/uploads\/2019\/05\/IMG_20190511_092137780-768x576.jpg 768w, https:\/\/juacontecimentos.com.br\/site\/wp-content\/uploads\/2019\/05\/IMG_20190511_092137780-1024x768.jpg 1024w\" sizes=\"auto, (max-width: 4160px) 100vw, 4160px\" \/> <img loading=\"lazy\" decoding=\"async\" class=\"alignnone wp-image-6674 size-full\" src=\"http:\/\/juacontecimentos.com.br\/site\/wp-content\/uploads\/2019\/05\/IMG_20190511_092000344.jpg\" alt=\"\" width=\"4160\" height=\"3120\" srcset=\"https:\/\/juacontecimentos.com.br\/site\/wp-content\/uploads\/2019\/05\/IMG_20190511_092000344.jpg 4160w, https:\/\/juacontecimentos.com.br\/site\/wp-content\/uploads\/2019\/05\/IMG_20190511_092000344-300x225.jpg 300w, https:\/\/juacontecimentos.com.br\/site\/wp-content\/uploads\/2019\/05\/IMG_20190511_092000344-768x576.jpg 768w, https:\/\/juacontecimentos.com.br\/site\/wp-content\/uploads\/2019\/05\/IMG_20190511_092000344-1024x768.jpg 1024w\" sizes=\"auto, (max-width: 4160px) 100vw, 4160px\" \/> <img loading=\"lazy\" decoding=\"async\" class=\"alignnone wp-image-6675 size-full\" src=\"http:\/\/juacontecimentos.com.br\/site\/wp-content\/uploads\/2019\/05\/IMG_20190511_092017377.jpg\" alt=\"\" width=\"4160\" height=\"3120\" srcset=\"https:\/\/juacontecimentos.com.br\/site\/wp-content\/uploads\/2019\/05\/IMG_20190511_092017377.jpg 4160w, https:\/\/juacontecimentos.com.br\/site\/wp-content\/uploads\/2019\/05\/IMG_20190511_092017377-300x225.jpg 300w, https:\/\/juacontecimentos.com.br\/site\/wp-content\/uploads\/2019\/05\/IMG_20190511_092017377-768x576.jpg 768w, https:\/\/juacontecimentos.com.br\/site\/wp-content\/uploads\/2019\/05\/IMG_20190511_092017377-1024x768.jpg 1024w\" sizes=\"auto, (max-width: 4160px) 100vw, 4160px\" \/> <img loading=\"lazy\" decoding=\"async\" class=\"alignnone wp-image-6689 size-full\" src=\"http:\/\/juacontecimentos.com.br\/site\/wp-content\/uploads\/2019\/05\/IMG_20190511_092806908.jpg\" alt=\"\" width=\"4160\" height=\"3120\" srcset=\"https:\/\/juacontecimentos.com.br\/site\/wp-content\/uploads\/2019\/05\/IMG_20190511_092806908.jpg 4160w, https:\/\/juacontecimentos.com.br\/site\/wp-content\/uploads\/2019\/05\/IMG_20190511_092806908-300x225.jpg 300w, https:\/\/juacontecimentos.com.br\/site\/wp-content\/uploads\/2019\/05\/IMG_20190511_092806908-768x576.jpg 768w, https:\/\/juacontecimentos.com.br\/site\/wp-content\/uploads\/2019\/05\/IMG_20190511_092806908-1024x768.jpg 1024w\" sizes=\"auto, (max-width: 4160px) 100vw, 4160px\" \/> <img loading=\"lazy\" decoding=\"async\" class=\"alignnone wp-image-6696 size-full\" src=\"http:\/\/juacontecimentos.com.br\/site\/wp-content\/uploads\/2019\/05\/IMG_20190511_100358474.jpg\" alt=\"\" width=\"4160\" height=\"3120\" srcset=\"https:\/\/juacontecimentos.com.br\/site\/wp-content\/uploads\/2019\/05\/IMG_20190511_100358474.jpg 4160w, https:\/\/juacontecimentos.com.br\/site\/wp-content\/uploads\/2019\/05\/IMG_20190511_100358474-300x225.jpg 300w, https:\/\/juacontecimentos.com.br\/site\/wp-content\/uploads\/2019\/05\/IMG_20190511_100358474-768x576.jpg 768w, https:\/\/juacontecimentos.com.br\/site\/wp-content\/uploads\/2019\/05\/IMG_20190511_100358474-1024x768.jpg 1024w\" sizes=\"auto, (max-width: 4160px) 100vw, 4160px\" \/><\/p>\n<p>Em seu discurso, a primeira-dama Alexandra Francisca, que tamb\u00e9m responde pela Secretaria de Assist\u00eancia Social, deu \u00eanfase para a import\u00e2ncia das m\u00e3es na vida dos filhos. \u201cA tarefa de educar, \u00e9 obra do cora\u00e7\u00e3o, \u00e9 obra do amor, por isso tem muito a ver com a m\u00e3e. Sem o carinho e a aten\u00e7\u00e3o dessa figura a crian\u00e7a certamente crescer\u00e1 carente de afeto e desorientada para a vida\u201d, explicou.<\/p>\n<p>A moradora do munic\u00edpio na Zona Rural, Francisca Coimbra dos Santos Paiva, m\u00e3e de quatro filhos, participou do evento e se emocionou com a singela homenagem. \u201cEsse evento mostra o carinho e considera\u00e7\u00e3o que o prefeito e sua esposa tem, n\u00e3o s\u00f3 com a m\u00e3es deles, mas com todas as m\u00e3es do munic\u00edpio de Tr\u00eas Ranchos. Estou muito emocionada, as homenagens foram lindas e as m\u00fasicas me tocaram bastante\u201d, contou.<br \/>\n<\/p>\n","protected":false},"excerpt":{"rendered":"<p>Em comemora\u00e7\u00e3o ao dia das m\u00e3es (14 de maio), o Prefeito de Tr\u00eas Ranchos, Hugo Deleon, por meio da primeira-dama e Secret\u00e1ria Municipal de A\u00e7\u00e3o Social &#8211; Alexandra Francisca Cust\u00f3dio, realizou na manh\u00e3 deste s\u00e1bado, 11, um caf\u00e9 da manh\u00e3 para homenagear todas as m\u00e3es do munic\u00edpio, no Gin\u00e1sio Miguel Pereira Coutinho. Foi preparado uma<\/p>\n","protected":false},"author":2,"featured_media":6716,"comment_status":"open","ping_status":"open","sticky":false,"template":"","format":"standard","meta":{"footnotes":""},"categories":[27,22,26,23],"tags":[],"class_list":["post-6671","post","type-post","status-publish","format-standard","has-post-thumbnail","hentry","category-brasil","category-catalao","category-destaque","category-goias"],"yoast_head":"<!-- This site is optimized with the Yoast SEO plugin v25.8 - https:\/\/yoast.com\/wordpress\/plugins\/seo\/ -->\n<title>Prefeitura de Tr\u00eas Ranchos realiza caf\u00e9 da manh\u00e3 em homenagens as m\u00e3es - Jornal Ultimos Acontecimentos<\/title>\n<meta name=\"robots\" content=\"index, follow, max-snippet:-1, max-image-preview:large, max-video-preview:-1\" \/>\n<link rel=\"canonical\" href=\"https:\/\/juacontecimentos.com.br\/site\/prefeitura-de-tres-ranchos-realiza-cafe-da-manha-em-homenagens-as-maes\/\" \/>\n<meta property=\"og:locale\" content=\"pt_BR\" \/>\n<meta property=\"og:type\" content=\"article\" \/>\n<meta property=\"og:title\" content=\"Prefeitura de Tr\u00eas Ranchos realiza caf\u00e9 da manh\u00e3 em homenagens as m\u00e3es - Jornal Ultimos Acontecimentos\" \/>\n<meta property=\"og:description\" content=\"Em comemora\u00e7\u00e3o ao dia das m\u00e3es (14 de maio), o Prefeito de Tr\u00eas Ranchos, Hugo Deleon, por meio da primeira-dama e Secret\u00e1ria Municipal de A\u00e7\u00e3o Social &#8211; Alexandra Francisca Cust\u00f3dio, realizou na manh\u00e3 deste s\u00e1bado, 11, um caf\u00e9 da manh\u00e3 para homenagear todas as m\u00e3es do munic\u00edpio, no Gin\u00e1sio Miguel Pereira Coutinho. Foi preparado uma\" \/>\n<meta property=\"og:url\" content=\"https:\/\/juacontecimentos.com.br\/site\/prefeitura-de-tres-ranchos-realiza-cafe-da-manha-em-homenagens-as-maes\/\" \/>\n<meta property=\"og:site_name\" content=\"Jornal Ultimos Acontecimentos\" \/>\n<meta property=\"article:publisher\" content=\"https:\/\/www.facebook.com\/jultimosacontecimentos\/\" \/>\n<meta property=\"article:published_time\" content=\"2019-05-11T21:07:02+00:00\" \/>\n<meta property=\"article:modified_time\" content=\"2019-05-11T21:08:13+00:00\" \/>\n<meta property=\"og:image\" content=\"https:\/\/juacontecimentos.com.br\/site\/wp-content\/uploads\/2019\/05\/IMG_20190511_104154599-1024x768.jpg\" \/>\n\t<meta property=\"og:image:width\" content=\"1024\" \/>\n\t<meta property=\"og:image:height\" content=\"768\" \/>\n\t<meta property=\"og:image:type\" content=\"image\/jpeg\" \/>\n<meta name=\"author\" content=\"Reginaldo Ribeiro\" \/>\n<meta name=\"twitter:card\" content=\"summary_large_image\" \/>\n<meta name=\"twitter:label1\" content=\"Escrito por\" \/>\n\t<meta name=\"twitter:data1\" content=\"Reginaldo Ribeiro\" \/>\n\t<meta name=\"twitter:label2\" content=\"Est. tempo de leitura\" \/>\n\t<meta name=\"twitter:data2\" content=\"2 minutos\" \/>\n<script type=\"application\/ld+json\" class=\"yoast-schema-graph\">{\"@context\":\"https:\/\/schema.org\",\"@graph\":[{\"@type\":\"Article\",\"@id\":\"https:\/\/juacontecimentos.com.br\/site\/prefeitura-de-tres-ranchos-realiza-cafe-da-manha-em-homenagens-as-maes\/#article\",\"isPartOf\":{\"@id\":\"https:\/\/juacontecimentos.com.br\/site\/prefeitura-de-tres-ranchos-realiza-cafe-da-manha-em-homenagens-as-maes\/\"},\"author\":{\"name\":\"Reginaldo Ribeiro\",\"@id\":\"https:\/\/juacontecimentos.com.br\/site\/#\/schema\/person\/082a54e6d3fdd7a633291428521c9669\"},\"headline\":\"Prefeitura de Tr\u00eas Ranchos realiza caf\u00e9 da manh\u00e3 em homenagens as m\u00e3es\",\"datePublished\":\"2019-05-11T21:07:02+00:00\",\"dateModified\":\"2019-05-11T21:08:13+00:00\",\"mainEntityOfPage\":{\"@id\":\"https:\/\/juacontecimentos.com.br\/site\/prefeitura-de-tres-ranchos-realiza-cafe-da-manha-em-homenagens-as-maes\/\"},\"wordCount\":375,\"commentCount\":0,\"publisher\":{\"@id\":\"https:\/\/juacontecimentos.com.br\/site\/#organization\"},\"image\":{\"@id\":\"https:\/\/juacontecimentos.com.br\/site\/prefeitura-de-tres-ranchos-realiza-cafe-da-manha-em-homenagens-as-maes\/#primaryimage\"},\"thumbnailUrl\":\"https:\/\/juacontecimentos.com.br\/site\/wp-content\/uploads\/2019\/05\/IMG_20190511_104154599.jpg\",\"articleSection\":[\"Brasil\",\"Catal\u00e3o\",\"Destaque\",\"Goi\u00e1s\"],\"inLanguage\":\"pt-BR\"},{\"@type\":\"WebPage\",\"@id\":\"https:\/\/juacontecimentos.com.br\/site\/prefeitura-de-tres-ranchos-realiza-cafe-da-manha-em-homenagens-as-maes\/\",\"url\":\"https:\/\/juacontecimentos.com.br\/site\/prefeitura-de-tres-ranchos-realiza-cafe-da-manha-em-homenagens-as-maes\/\",\"name\":\"Prefeitura de Tr\u00eas Ranchos realiza caf\u00e9 da manh\u00e3 em homenagens as m\u00e3es - Jornal Ultimos Acontecimentos\",\"isPartOf\":{\"@id\":\"https:\/\/juacontecimentos.com.br\/site\/#website\"},\"primaryImageOfPage\":{\"@id\":\"https:\/\/juacontecimentos.com.br\/site\/prefeitura-de-tres-ranchos-realiza-cafe-da-manha-em-homenagens-as-maes\/#primaryimage\"},\"image\":{\"@id\":\"https:\/\/juacontecimentos.com.br\/site\/prefeitura-de-tres-ranchos-realiza-cafe-da-manha-em-homenagens-as-maes\/#primaryimage\"},\"thumbnailUrl\":\"https:\/\/juacontecimentos.com.br\/site\/wp-content\/uploads\/2019\/05\/IMG_20190511_104154599.jpg\",\"datePublished\":\"2019-05-11T21:07:02+00:00\",\"dateModified\":\"2019-05-11T21:08:13+00:00\",\"breadcrumb\":{\"@id\":\"https:\/\/juacontecimentos.com.br\/site\/prefeitura-de-tres-ranchos-realiza-cafe-da-manha-em-homenagens-as-maes\/#breadcrumb\"},\"inLanguage\":\"pt-BR\",\"potentialAction\":[{\"@type\":\"ReadAction\",\"target\":[\"https:\/\/juacontecimentos.com.br\/site\/prefeitura-de-tres-ranchos-realiza-cafe-da-manha-em-homenagens-as-maes\/\"]}]},{\"@type\":\"ImageObject\",\"inLanguage\":\"pt-BR\",\"@id\":\"https:\/\/juacontecimentos.com.br\/site\/prefeitura-de-tres-ranchos-realiza-cafe-da-manha-em-homenagens-as-maes\/#primaryimage\",\"url\":\"https:\/\/juacontecimentos.com.br\/site\/wp-content\/uploads\/2019\/05\/IMG_20190511_104154599.jpg\",\"contentUrl\":\"https:\/\/juacontecimentos.com.br\/site\/wp-content\/uploads\/2019\/05\/IMG_20190511_104154599.jpg\",\"width\":4160,\"height\":3120},{\"@type\":\"BreadcrumbList\",\"@id\":\"https:\/\/juacontecimentos.com.br\/site\/prefeitura-de-tres-ranchos-realiza-cafe-da-manha-em-homenagens-as-maes\/#breadcrumb\",\"itemListElement\":[{\"@type\":\"ListItem\",\"position\":1,\"name\":\"In\u00edcio\",\"item\":\"https:\/\/juacontecimentos.com.br\/site\/\"},{\"@type\":\"ListItem\",\"position\":2,\"name\":\"Prefeitura de Tr\u00eas Ranchos realiza caf\u00e9 da manh\u00e3 em homenagens as m\u00e3es\"}]},{\"@type\":\"WebSite\",\"@id\":\"https:\/\/juacontecimentos.com.br\/site\/#website\",\"url\":\"https:\/\/juacontecimentos.com.br\/site\/\",\"name\":\"Jornal Ultimos Acontecimentos\",\"description\":\"Catal\u00e3o e regi\u00e3o\",\"publisher\":{\"@id\":\"https:\/\/juacontecimentos.com.br\/site\/#organization\"},\"potentialAction\":[{\"@type\":\"SearchAction\",\"target\":{\"@type\":\"EntryPoint\",\"urlTemplate\":\"https:\/\/juacontecimentos.com.br\/site\/?s={search_term_string}\"},\"query-input\":{\"@type\":\"PropertyValueSpecification\",\"valueRequired\":true,\"valueName\":\"search_term_string\"}}],\"inLanguage\":\"pt-BR\"},{\"@type\":\"Organization\",\"@id\":\"https:\/\/juacontecimentos.com.br\/site\/#organization\",\"name\":\"Jornal Ultimos Acontecimentos\",\"url\":\"https:\/\/juacontecimentos.com.br\/site\/\",\"logo\":{\"@type\":\"ImageObject\",\"inLanguage\":\"pt-BR\",\"@id\":\"https:\/\/juacontecimentos.com.br\/site\/#\/schema\/logo\/image\/\",\"url\":\"https:\/\/juacontecimentos.com.br\/site\/wp-content\/uploads\/2023\/04\/Logo_Site.png\",\"contentUrl\":\"https:\/\/juacontecimentos.com.br\/site\/wp-content\/uploads\/2023\/04\/Logo_Site.png\",\"width\":2476,\"height\":530,\"caption\":\"Jornal Ultimos Acontecimentos\"},\"image\":{\"@id\":\"https:\/\/juacontecimentos.com.br\/site\/#\/schema\/logo\/image\/\"},\"sameAs\":[\"https:\/\/www.facebook.com\/jultimosacontecimentos\/\"]},{\"@type\":\"Person\",\"@id\":\"https:\/\/juacontecimentos.com.br\/site\/#\/schema\/person\/082a54e6d3fdd7a633291428521c9669\",\"name\":\"Reginaldo Ribeiro\",\"image\":{\"@type\":\"ImageObject\",\"inLanguage\":\"pt-BR\",\"@id\":\"https:\/\/juacontecimentos.com.br\/site\/#\/schema\/person\/image\/\",\"url\":\"https:\/\/secure.gravatar.com\/avatar\/5c16c6837c3490270a74d888c2a845728f06bdde1f8761de1de1d1d1ef82d12f?s=96&d=mm&r=g\",\"contentUrl\":\"https:\/\/secure.gravatar.com\/avatar\/5c16c6837c3490270a74d888c2a845728f06bdde1f8761de1de1d1d1ef82d12f?s=96&d=mm&r=g\",\"caption\":\"Reginaldo Ribeiro\"}}]}<\/script>\n<!-- \/ Yoast SEO plugin. -->","yoast_head_json":{"title":"Prefeitura de Tr\u00eas Ranchos realiza caf\u00e9 da manh\u00e3 em homenagens as m\u00e3es - Jornal Ultimos Acontecimentos","robots":{"index":"index","follow":"follow","max-snippet":"max-snippet:-1","max-image-preview":"max-image-preview:large","max-video-preview":"max-video-preview:-1"},"canonical":"https:\/\/juacontecimentos.com.br\/site\/prefeitura-de-tres-ranchos-realiza-cafe-da-manha-em-homenagens-as-maes\/","og_locale":"pt_BR","og_type":"article","og_title":"Prefeitura de Tr\u00eas Ranchos realiza caf\u00e9 da manh\u00e3 em homenagens as m\u00e3es - Jornal Ultimos Acontecimentos","og_description":"Em comemora\u00e7\u00e3o ao dia das m\u00e3es (14 de maio), o Prefeito de Tr\u00eas Ranchos, Hugo Deleon, por meio da primeira-dama e Secret\u00e1ria Municipal de A\u00e7\u00e3o Social &#8211; Alexandra Francisca Cust\u00f3dio, realizou na manh\u00e3 deste s\u00e1bado, 11, um caf\u00e9 da manh\u00e3 para homenagear todas as m\u00e3es do munic\u00edpio, no Gin\u00e1sio Miguel Pereira Coutinho. Foi preparado uma","og_url":"https:\/\/juacontecimentos.com.br\/site\/prefeitura-de-tres-ranchos-realiza-cafe-da-manha-em-homenagens-as-maes\/","og_site_name":"Jornal Ultimos Acontecimentos","article_publisher":"https:\/\/www.facebook.com\/jultimosacontecimentos\/","article_published_time":"2019-05-11T21:07:02+00:00","article_modified_time":"2019-05-11T21:08:13+00:00","og_image":[{"width":1024,"height":768,"url":"https:\/\/juacontecimentos.com.br\/site\/wp-content\/uploads\/2019\/05\/IMG_20190511_104154599-1024x768.jpg","type":"image\/jpeg"}],"author":"Reginaldo Ribeiro","twitter_card":"summary_large_image","twitter_misc":{"Escrito por":"Reginaldo Ribeiro","Est. tempo de leitura":"2 minutos"},"schema":{"@context":"https:\/\/schema.org","@graph":[{"@type":"Article","@id":"https:\/\/juacontecimentos.com.br\/site\/prefeitura-de-tres-ranchos-realiza-cafe-da-manha-em-homenagens-as-maes\/#article","isPartOf":{"@id":"https:\/\/juacontecimentos.com.br\/site\/prefeitura-de-tres-ranchos-realiza-cafe-da-manha-em-homenagens-as-maes\/"},"author":{"name":"Reginaldo Ribeiro","@id":"https:\/\/juacontecimentos.com.br\/site\/#\/schema\/person\/082a54e6d3fdd7a633291428521c9669"},"headline":"Prefeitura de Tr\u00eas Ranchos realiza caf\u00e9 da manh\u00e3 em homenagens as m\u00e3es","datePublished":"2019-05-11T21:07:02+00:00","dateModified":"2019-05-11T21:08:13+00:00","mainEntityOfPage":{"@id":"https:\/\/juacontecimentos.com.br\/site\/prefeitura-de-tres-ranchos-realiza-cafe-da-manha-em-homenagens-as-maes\/"},"wordCount":375,"commentCount":0,"publisher":{"@id":"https:\/\/juacontecimentos.com.br\/site\/#organization"},"image":{"@id":"https:\/\/juacontecimentos.com.br\/site\/prefeitura-de-tres-ranchos-realiza-cafe-da-manha-em-homenagens-as-maes\/#primaryimage"},"thumbnailUrl":"https:\/\/juacontecimentos.com.br\/site\/wp-content\/uploads\/2019\/05\/IMG_20190511_104154599.jpg","articleSection":["Brasil","Catal\u00e3o","Destaque","Goi\u00e1s"],"inLanguage":"pt-BR"},{"@type":"WebPage","@id":"https:\/\/juacontecimentos.com.br\/site\/prefeitura-de-tres-ranchos-realiza-cafe-da-manha-em-homenagens-as-maes\/","url":"https:\/\/juacontecimentos.com.br\/site\/prefeitura-de-tres-ranchos-realiza-cafe-da-manha-em-homenagens-as-maes\/","name":"Prefeitura de Tr\u00eas Ranchos realiza caf\u00e9 da manh\u00e3 em homenagens as m\u00e3es - Jornal Ultimos Acontecimentos","isPartOf":{"@id":"https:\/\/juacontecimentos.com.br\/site\/#website"},"primaryImageOfPage":{"@id":"https:\/\/juacontecimentos.com.br\/site\/prefeitura-de-tres-ranchos-realiza-cafe-da-manha-em-homenagens-as-maes\/#primaryimage"},"image":{"@id":"https:\/\/juacontecimentos.com.br\/site\/prefeitura-de-tres-ranchos-realiza-cafe-da-manha-em-homenagens-as-maes\/#primaryimage"},"thumbnailUrl":"https:\/\/juacontecimentos.com.br\/site\/wp-content\/uploads\/2019\/05\/IMG_20190511_104154599.jpg","datePublished":"2019-05-11T21:07:02+00:00","dateModified":"2019-05-11T21:08:13+00:00","breadcrumb":{"@id":"https:\/\/juacontecimentos.com.br\/site\/prefeitura-de-tres-ranchos-realiza-cafe-da-manha-em-homenagens-as-maes\/#breadcrumb"},"inLanguage":"pt-BR","potentialAction":[{"@type":"ReadAction","target":["https:\/\/juacontecimentos.com.br\/site\/prefeitura-de-tres-ranchos-realiza-cafe-da-manha-em-homenagens-as-maes\/"]}]},{"@type":"ImageObject","inLanguage":"pt-BR","@id":"https:\/\/juacontecimentos.com.br\/site\/prefeitura-de-tres-ranchos-realiza-cafe-da-manha-em-homenagens-as-maes\/#primaryimage","url":"https:\/\/juacontecimentos.com.br\/site\/wp-content\/uploads\/2019\/05\/IMG_20190511_104154599.jpg","contentUrl":"https:\/\/juacontecimentos.com.br\/site\/wp-content\/uploads\/2019\/05\/IMG_20190511_104154599.jpg","width":4160,"height":3120},{"@type":"BreadcrumbList","@id":"https:\/\/juacontecimentos.com.br\/site\/prefeitura-de-tres-ranchos-realiza-cafe-da-manha-em-homenagens-as-maes\/#breadcrumb","itemListElement":[{"@type":"ListItem","position":1,"name":"In\u00edcio","item":"https:\/\/juacontecimentos.com.br\/site\/"},{"@type":"ListItem","position":2,"name":"Prefeitura de Tr\u00eas Ranchos realiza caf\u00e9 da manh\u00e3 em homenagens as m\u00e3es"}]},{"@type":"WebSite","@id":"https:\/\/juacontecimentos.com.br\/site\/#website","url":"https:\/\/juacontecimentos.com.br\/site\/","name":"Jornal Ultimos Acontecimentos","description":"Catal\u00e3o e regi\u00e3o","publisher":{"@id":"https:\/\/juacontecimentos.com.br\/site\/#organization"},"potentialAction":[{"@type":"SearchAction","target":{"@type":"EntryPoint","urlTemplate":"https:\/\/juacontecimentos.com.br\/site\/?s={search_term_string}"},"query-input":{"@type":"PropertyValueSpecification","valueRequired":true,"valueName":"search_term_string"}}],"inLanguage":"pt-BR"},{"@type":"Organization","@id":"https:\/\/juacontecimentos.com.br\/site\/#organization","name":"Jornal Ultimos Acontecimentos","url":"https:\/\/juacontecimentos.com.br\/site\/","logo":{"@type":"ImageObject","inLanguage":"pt-BR","@id":"https:\/\/juacontecimentos.com.br\/site\/#\/schema\/logo\/image\/","url":"https:\/\/juacontecimentos.com.br\/site\/wp-content\/uploads\/2023\/04\/Logo_Site.png","contentUrl":"https:\/\/juacontecimentos.com.br\/site\/wp-content\/uploads\/2023\/04\/Logo_Site.png","width":2476,"height":530,"caption":"Jornal Ultimos Acontecimentos"},"image":{"@id":"https:\/\/juacontecimentos.com.br\/site\/#\/schema\/logo\/image\/"},"sameAs":["https:\/\/www.facebook.com\/jultimosacontecimentos\/"]},{"@type":"Person","@id":"https:\/\/juacontecimentos.com.br\/site\/#\/schema\/person\/082a54e6d3fdd7a633291428521c9669","name":"Reginaldo Ribeiro","image":{"@type":"ImageObject","inLanguage":"pt-BR","@id":"https:\/\/juacontecimentos.com.br\/site\/#\/schema\/person\/image\/","url":"https:\/\/secure.gravatar.com\/avatar\/5c16c6837c3490270a74d888c2a845728f06bdde1f8761de1de1d1d1ef82d12f?s=96&d=mm&r=g","contentUrl":"https:\/\/secure.gravatar.com\/avatar\/5c16c6837c3490270a74d888c2a845728f06bdde1f8761de1de1d1d1ef82d12f?s=96&d=mm&r=g","caption":"Reginaldo Ribeiro"}}]}},"_links":{"self":[{"href":"https:\/\/juacontecimentos.com.br\/site\/wp-json\/wp\/v2\/posts\/6671","targetHints":{"allow":["GET"]}}],"collection":[{"href":"https:\/\/juacontecimentos.com.br\/site\/wp-json\/wp\/v2\/posts"}],"about":[{"href":"https:\/\/juacontecimentos.com.br\/site\/wp-json\/wp\/v2\/types\/post"}],"author":[{"embeddable":true,"href":"https:\/\/juacontecimentos.com.br\/site\/wp-json\/wp\/v2\/users\/2"}],"replies":[{"embeddable":true,"href":"https:\/\/juacontecimentos.com.br\/site\/wp-json\/wp\/v2\/comments?post=6671"}],"version-history":[{"count":1,"href":"https:\/\/juacontecimentos.com.br\/site\/wp-json\/wp\/v2\/posts\/6671\/revisions"}],"predecessor-version":[{"id":6718,"href":"https:\/\/juacontecimentos.com.br\/site\/wp-json\/wp\/v2\/posts\/6671\/revisions\/6718"}],"wp:featuredmedia":[{"embeddable":true,"href":"https:\/\/juacontecimentos.com.br\/site\/wp-json\/wp\/v2\/media\/6716"}],"wp:attachment":[{"href":"https:\/\/juacontecimentos.com.br\/site\/wp-json\/wp\/v2\/media?parent=6671"}],"wp:term":[{"taxonomy":"category","embeddable":true,"href":"https:\/\/juacontecimentos.com.br\/site\/wp-json\/wp\/v2\/categories?post=6671"},{"taxonomy":"post_tag","embeddable":true,"href":"https:\/\/juacontecimentos.com.br\/site\/wp-json\/wp\/v2\/tags?post=6671"}],"curies":[{"name":"wp","href":"https:\/\/api.w.org\/{rel}","templated":true}]}}