{"id":7010,"date":"2019-06-14T02:49:16","date_gmt":"2019-06-14T05:49:16","guid":{"rendered":"http:\/\/juacontecimentos.com.br\/site\/?p=7010"},"modified":"2019-06-14T02:49:16","modified_gmt":"2019-06-14T05:49:16","slug":"ministro-santos-cruz-e-demitido-do-governo-bolsonaro","status":"publish","type":"post","link":"https:\/\/juacontecimentos.com.br\/site\/ministro-santos-cruz-e-demitido-do-governo-bolsonaro\/","title":{"rendered":"Ministro Santos Cruz \u00e9 demitido do Governo Bolsonaro"},"content":{"rendered":"<p>O ministro Santos Cruz, da Secretaria de Governo, foi demitido na tarde desta quinta-feira, 13, pelo presidente Jair Bolsonaro (PSL). O militar, desde que assumiu, se envolve em embates com os filhos do presidente e protagonizou outro com o guru do capit\u00e3o, Olavo de Carvalho, recentemente.<\/p>\n<p>O general \u00e9 o terceiro ministro a cair da gest\u00e3o Bolsonaro e a primeira baixa de um militar. Al\u00e9m dele, Gustavo Bebbiano, da Secretaria Geral, e Ricardo Velez, do Minist\u00e9rio da Educa\u00e7\u00e3o, tamb\u00e9m deixaram o Governo.<\/p>\n<p>O vice-presidente, Hamilton Mour\u00e3o, que comp\u00f5e a ala militar do Governo, ficou sabendo da demiss\u00e3o pela imprensa.<\/p>\n<p>O general do Ex\u00e9rcito Luiz Eduardo Ramos ser\u00e1 seu substituto. Ele \u00e9 comandante militar do Sudeste e fica baseado em S\u00e3o Paulo.<br \/>\n<\/p>\n","protected":false},"excerpt":{"rendered":"<p>O ministro Santos Cruz, da Secretaria de Governo, foi demitido na tarde desta quinta-feira, 13, pelo presidente Jair Bolsonaro (PSL). O militar, desde que assumiu, se envolve em embates com os filhos do presidente e protagonizou outro com o guru do capit\u00e3o, Olavo de Carvalho, recentemente. O general \u00e9 o terceiro ministro a cair da<\/p>\n","protected":false},"author":2,"featured_media":7011,"comment_status":"open","ping_status":"open","sticky":false,"template":"","format":"standard","meta":{"footnotes":""},"categories":[27,22,26,23],"tags":[],"class_list":["post-7010","post","type-post","status-publish","format-standard","has-post-thumbnail","hentry","category-brasil","category-catalao","category-destaque","category-goias"],"yoast_head":"<!-- This site is optimized with the Yoast SEO plugin v25.8 - https:\/\/yoast.com\/wordpress\/plugins\/seo\/ -->\n<title>Ministro Santos Cruz \u00e9 demitido do Governo Bolsonaro - Jornal Ultimos Acontecimentos<\/title>\n<meta name=\"robots\" content=\"index, follow, max-snippet:-1, max-image-preview:large, max-video-preview:-1\" \/>\n<link rel=\"canonical\" href=\"https:\/\/juacontecimentos.com.br\/site\/ministro-santos-cruz-e-demitido-do-governo-bolsonaro\/\" \/>\n<meta property=\"og:locale\" content=\"pt_BR\" \/>\n<meta property=\"og:type\" content=\"article\" \/>\n<meta property=\"og:title\" content=\"Ministro Santos Cruz \u00e9 demitido do Governo Bolsonaro - Jornal Ultimos Acontecimentos\" \/>\n<meta property=\"og:description\" content=\"O ministro Santos Cruz, da Secretaria de Governo, foi demitido na tarde desta quinta-feira, 13, pelo presidente Jair Bolsonaro (PSL). O militar, desde que assumiu, se envolve em embates com os filhos do presidente e protagonizou outro com o guru do capit\u00e3o, Olavo de Carvalho, recentemente. O general \u00e9 o terceiro ministro a cair da\" \/>\n<meta property=\"og:url\" content=\"https:\/\/juacontecimentos.com.br\/site\/ministro-santos-cruz-e-demitido-do-governo-bolsonaro\/\" \/>\n<meta property=\"og:site_name\" content=\"Jornal Ultimos Acontecimentos\" \/>\n<meta property=\"article:publisher\" content=\"https:\/\/www.facebook.com\/jultimosacontecimentos\/\" \/>\n<meta property=\"article:published_time\" content=\"2019-06-14T05:49:16+00:00\" \/>\n<meta property=\"og:image\" content=\"https:\/\/juacontecimentos.com.br\/site\/wp-content\/uploads\/2019\/06\/1112472-fcpzzb_abr_15032018_9253_1.jpg\" \/>\n\t<meta property=\"og:image:width\" content=\"620\" \/>\n\t<meta property=\"og:image:height\" content=\"350\" \/>\n\t<meta property=\"og:image:type\" content=\"image\/jpeg\" \/>\n<meta name=\"author\" content=\"Reginaldo Ribeiro\" \/>\n<meta name=\"twitter:card\" content=\"summary_large_image\" \/>\n<meta name=\"twitter:label1\" content=\"Escrito por\" \/>\n\t<meta name=\"twitter:data1\" content=\"Reginaldo Ribeiro\" \/>\n\t<meta name=\"twitter:label2\" content=\"Est. tempo de leitura\" \/>\n\t<meta name=\"twitter:data2\" content=\"1 minuto\" \/>\n<script type=\"application\/ld+json\" class=\"yoast-schema-graph\">{\"@context\":\"https:\/\/schema.org\",\"@graph\":[{\"@type\":\"Article\",\"@id\":\"https:\/\/juacontecimentos.com.br\/site\/ministro-santos-cruz-e-demitido-do-governo-bolsonaro\/#article\",\"isPartOf\":{\"@id\":\"https:\/\/juacontecimentos.com.br\/site\/ministro-santos-cruz-e-demitido-do-governo-bolsonaro\/\"},\"author\":{\"name\":\"Reginaldo Ribeiro\",\"@id\":\"https:\/\/juacontecimentos.com.br\/site\/#\/schema\/person\/082a54e6d3fdd7a633291428521c9669\"},\"headline\":\"Ministro Santos Cruz \u00e9 demitido do Governo Bolsonaro\",\"datePublished\":\"2019-06-14T05:49:16+00:00\",\"mainEntityOfPage\":{\"@id\":\"https:\/\/juacontecimentos.com.br\/site\/ministro-santos-cruz-e-demitido-do-governo-bolsonaro\/\"},\"wordCount\":136,\"commentCount\":0,\"publisher\":{\"@id\":\"https:\/\/juacontecimentos.com.br\/site\/#organization\"},\"image\":{\"@id\":\"https:\/\/juacontecimentos.com.br\/site\/ministro-santos-cruz-e-demitido-do-governo-bolsonaro\/#primaryimage\"},\"thumbnailUrl\":\"https:\/\/juacontecimentos.com.br\/site\/wp-content\/uploads\/2019\/06\/1112472-fcpzzb_abr_15032018_9253_1.jpg\",\"articleSection\":[\"Brasil\",\"Catal\u00e3o\",\"Destaque\",\"Goi\u00e1s\"],\"inLanguage\":\"pt-BR\"},{\"@type\":\"WebPage\",\"@id\":\"https:\/\/juacontecimentos.com.br\/site\/ministro-santos-cruz-e-demitido-do-governo-bolsonaro\/\",\"url\":\"https:\/\/juacontecimentos.com.br\/site\/ministro-santos-cruz-e-demitido-do-governo-bolsonaro\/\",\"name\":\"Ministro Santos Cruz \u00e9 demitido do Governo Bolsonaro - Jornal Ultimos Acontecimentos\",\"isPartOf\":{\"@id\":\"https:\/\/juacontecimentos.com.br\/site\/#website\"},\"primaryImageOfPage\":{\"@id\":\"https:\/\/juacontecimentos.com.br\/site\/ministro-santos-cruz-e-demitido-do-governo-bolsonaro\/#primaryimage\"},\"image\":{\"@id\":\"https:\/\/juacontecimentos.com.br\/site\/ministro-santos-cruz-e-demitido-do-governo-bolsonaro\/#primaryimage\"},\"thumbnailUrl\":\"https:\/\/juacontecimentos.com.br\/site\/wp-content\/uploads\/2019\/06\/1112472-fcpzzb_abr_15032018_9253_1.jpg\",\"datePublished\":\"2019-06-14T05:49:16+00:00\",\"breadcrumb\":{\"@id\":\"https:\/\/juacontecimentos.com.br\/site\/ministro-santos-cruz-e-demitido-do-governo-bolsonaro\/#breadcrumb\"},\"inLanguage\":\"pt-BR\",\"potentialAction\":[{\"@type\":\"ReadAction\",\"target\":[\"https:\/\/juacontecimentos.com.br\/site\/ministro-santos-cruz-e-demitido-do-governo-bolsonaro\/\"]}]},{\"@type\":\"ImageObject\",\"inLanguage\":\"pt-BR\",\"@id\":\"https:\/\/juacontecimentos.com.br\/site\/ministro-santos-cruz-e-demitido-do-governo-bolsonaro\/#primaryimage\",\"url\":\"https:\/\/juacontecimentos.com.br\/site\/wp-content\/uploads\/2019\/06\/1112472-fcpzzb_abr_15032018_9253_1.jpg\",\"contentUrl\":\"https:\/\/juacontecimentos.com.br\/site\/wp-content\/uploads\/2019\/06\/1112472-fcpzzb_abr_15032018_9253_1.jpg\",\"width\":620,\"height\":350,\"caption\":\"Bras\u00edlia - O secret\u00e1rio nacional de Seguran\u00e7a P\u00fablica, general Carlos Alberto Santos Cruz, durante reuni\u00e3o com secret\u00e1rios de Seguran\u00e7a P\u00fablica dos estados (Fabio Rodrigues Pozzebom\/Ag\u00eancia Brasil)\"},{\"@type\":\"BreadcrumbList\",\"@id\":\"https:\/\/juacontecimentos.com.br\/site\/ministro-santos-cruz-e-demitido-do-governo-bolsonaro\/#breadcrumb\",\"itemListElement\":[{\"@type\":\"ListItem\",\"position\":1,\"name\":\"In\u00edcio\",\"item\":\"https:\/\/juacontecimentos.com.br\/site\/\"},{\"@type\":\"ListItem\",\"position\":2,\"name\":\"Ministro Santos Cruz \u00e9 demitido do Governo Bolsonaro\"}]},{\"@type\":\"WebSite\",\"@id\":\"https:\/\/juacontecimentos.com.br\/site\/#website\",\"url\":\"https:\/\/juacontecimentos.com.br\/site\/\",\"name\":\"Jornal Ultimos Acontecimentos\",\"description\":\"Catal\u00e3o e regi\u00e3o\",\"publisher\":{\"@id\":\"https:\/\/juacontecimentos.com.br\/site\/#organization\"},\"potentialAction\":[{\"@type\":\"SearchAction\",\"target\":{\"@type\":\"EntryPoint\",\"urlTemplate\":\"https:\/\/juacontecimentos.com.br\/site\/?s={search_term_string}\"},\"query-input\":{\"@type\":\"PropertyValueSpecification\",\"valueRequired\":true,\"valueName\":\"search_term_string\"}}],\"inLanguage\":\"pt-BR\"},{\"@type\":\"Organization\",\"@id\":\"https:\/\/juacontecimentos.com.br\/site\/#organization\",\"name\":\"Jornal Ultimos Acontecimentos\",\"url\":\"https:\/\/juacontecimentos.com.br\/site\/\",\"logo\":{\"@type\":\"ImageObject\",\"inLanguage\":\"pt-BR\",\"@id\":\"https:\/\/juacontecimentos.com.br\/site\/#\/schema\/logo\/image\/\",\"url\":\"https:\/\/juacontecimentos.com.br\/site\/wp-content\/uploads\/2023\/04\/Logo_Site.png\",\"contentUrl\":\"https:\/\/juacontecimentos.com.br\/site\/wp-content\/uploads\/2023\/04\/Logo_Site.png\",\"width\":2476,\"height\":530,\"caption\":\"Jornal Ultimos Acontecimentos\"},\"image\":{\"@id\":\"https:\/\/juacontecimentos.com.br\/site\/#\/schema\/logo\/image\/\"},\"sameAs\":[\"https:\/\/www.facebook.com\/jultimosacontecimentos\/\"]},{\"@type\":\"Person\",\"@id\":\"https:\/\/juacontecimentos.com.br\/site\/#\/schema\/person\/082a54e6d3fdd7a633291428521c9669\",\"name\":\"Reginaldo Ribeiro\",\"image\":{\"@type\":\"ImageObject\",\"inLanguage\":\"pt-BR\",\"@id\":\"https:\/\/juacontecimentos.com.br\/site\/#\/schema\/person\/image\/\",\"url\":\"https:\/\/secure.gravatar.com\/avatar\/5c16c6837c3490270a74d888c2a845728f06bdde1f8761de1de1d1d1ef82d12f?s=96&d=mm&r=g\",\"contentUrl\":\"https:\/\/secure.gravatar.com\/avatar\/5c16c6837c3490270a74d888c2a845728f06bdde1f8761de1de1d1d1ef82d12f?s=96&d=mm&r=g\",\"caption\":\"Reginaldo Ribeiro\"}}]}<\/script>\n<!-- \/ Yoast SEO plugin. -->","yoast_head_json":{"title":"Ministro Santos Cruz \u00e9 demitido do Governo Bolsonaro - Jornal Ultimos Acontecimentos","robots":{"index":"index","follow":"follow","max-snippet":"max-snippet:-1","max-image-preview":"max-image-preview:large","max-video-preview":"max-video-preview:-1"},"canonical":"https:\/\/juacontecimentos.com.br\/site\/ministro-santos-cruz-e-demitido-do-governo-bolsonaro\/","og_locale":"pt_BR","og_type":"article","og_title":"Ministro Santos Cruz \u00e9 demitido do Governo Bolsonaro - Jornal Ultimos Acontecimentos","og_description":"O ministro Santos Cruz, da Secretaria de Governo, foi demitido na tarde desta quinta-feira, 13, pelo presidente Jair Bolsonaro (PSL). O militar, desde que assumiu, se envolve em embates com os filhos do presidente e protagonizou outro com o guru do capit\u00e3o, Olavo de Carvalho, recentemente. O general \u00e9 o terceiro ministro a cair da","og_url":"https:\/\/juacontecimentos.com.br\/site\/ministro-santos-cruz-e-demitido-do-governo-bolsonaro\/","og_site_name":"Jornal Ultimos Acontecimentos","article_publisher":"https:\/\/www.facebook.com\/jultimosacontecimentos\/","article_published_time":"2019-06-14T05:49:16+00:00","og_image":[{"width":620,"height":350,"url":"https:\/\/juacontecimentos.com.br\/site\/wp-content\/uploads\/2019\/06\/1112472-fcpzzb_abr_15032018_9253_1.jpg","type":"image\/jpeg"}],"author":"Reginaldo Ribeiro","twitter_card":"summary_large_image","twitter_misc":{"Escrito por":"Reginaldo Ribeiro","Est. tempo de leitura":"1 minuto"},"schema":{"@context":"https:\/\/schema.org","@graph":[{"@type":"Article","@id":"https:\/\/juacontecimentos.com.br\/site\/ministro-santos-cruz-e-demitido-do-governo-bolsonaro\/#article","isPartOf":{"@id":"https:\/\/juacontecimentos.com.br\/site\/ministro-santos-cruz-e-demitido-do-governo-bolsonaro\/"},"author":{"name":"Reginaldo Ribeiro","@id":"https:\/\/juacontecimentos.com.br\/site\/#\/schema\/person\/082a54e6d3fdd7a633291428521c9669"},"headline":"Ministro Santos Cruz \u00e9 demitido do Governo Bolsonaro","datePublished":"2019-06-14T05:49:16+00:00","mainEntityOfPage":{"@id":"https:\/\/juacontecimentos.com.br\/site\/ministro-santos-cruz-e-demitido-do-governo-bolsonaro\/"},"wordCount":136,"commentCount":0,"publisher":{"@id":"https:\/\/juacontecimentos.com.br\/site\/#organization"},"image":{"@id":"https:\/\/juacontecimentos.com.br\/site\/ministro-santos-cruz-e-demitido-do-governo-bolsonaro\/#primaryimage"},"thumbnailUrl":"https:\/\/juacontecimentos.com.br\/site\/wp-content\/uploads\/2019\/06\/1112472-fcpzzb_abr_15032018_9253_1.jpg","articleSection":["Brasil","Catal\u00e3o","Destaque","Goi\u00e1s"],"inLanguage":"pt-BR"},{"@type":"WebPage","@id":"https:\/\/juacontecimentos.com.br\/site\/ministro-santos-cruz-e-demitido-do-governo-bolsonaro\/","url":"https:\/\/juacontecimentos.com.br\/site\/ministro-santos-cruz-e-demitido-do-governo-bolsonaro\/","name":"Ministro Santos Cruz \u00e9 demitido do Governo Bolsonaro - Jornal Ultimos Acontecimentos","isPartOf":{"@id":"https:\/\/juacontecimentos.com.br\/site\/#website"},"primaryImageOfPage":{"@id":"https:\/\/juacontecimentos.com.br\/site\/ministro-santos-cruz-e-demitido-do-governo-bolsonaro\/#primaryimage"},"image":{"@id":"https:\/\/juacontecimentos.com.br\/site\/ministro-santos-cruz-e-demitido-do-governo-bolsonaro\/#primaryimage"},"thumbnailUrl":"https:\/\/juacontecimentos.com.br\/site\/wp-content\/uploads\/2019\/06\/1112472-fcpzzb_abr_15032018_9253_1.jpg","datePublished":"2019-06-14T05:49:16+00:00","breadcrumb":{"@id":"https:\/\/juacontecimentos.com.br\/site\/ministro-santos-cruz-e-demitido-do-governo-bolsonaro\/#breadcrumb"},"inLanguage":"pt-BR","potentialAction":[{"@type":"ReadAction","target":["https:\/\/juacontecimentos.com.br\/site\/ministro-santos-cruz-e-demitido-do-governo-bolsonaro\/"]}]},{"@type":"ImageObject","inLanguage":"pt-BR","@id":"https:\/\/juacontecimentos.com.br\/site\/ministro-santos-cruz-e-demitido-do-governo-bolsonaro\/#primaryimage","url":"https:\/\/juacontecimentos.com.br\/site\/wp-content\/uploads\/2019\/06\/1112472-fcpzzb_abr_15032018_9253_1.jpg","contentUrl":"https:\/\/juacontecimentos.com.br\/site\/wp-content\/uploads\/2019\/06\/1112472-fcpzzb_abr_15032018_9253_1.jpg","width":620,"height":350,"caption":"Bras\u00edlia - O secret\u00e1rio nacional de Seguran\u00e7a P\u00fablica, general Carlos Alberto Santos Cruz, durante reuni\u00e3o com secret\u00e1rios de Seguran\u00e7a P\u00fablica dos estados (Fabio Rodrigues Pozzebom\/Ag\u00eancia Brasil)"},{"@type":"BreadcrumbList","@id":"https:\/\/juacontecimentos.com.br\/site\/ministro-santos-cruz-e-demitido-do-governo-bolsonaro\/#breadcrumb","itemListElement":[{"@type":"ListItem","position":1,"name":"In\u00edcio","item":"https:\/\/juacontecimentos.com.br\/site\/"},{"@type":"ListItem","position":2,"name":"Ministro Santos Cruz \u00e9 demitido do Governo Bolsonaro"}]},{"@type":"WebSite","@id":"https:\/\/juacontecimentos.com.br\/site\/#website","url":"https:\/\/juacontecimentos.com.br\/site\/","name":"Jornal Ultimos Acontecimentos","description":"Catal\u00e3o e regi\u00e3o","publisher":{"@id":"https:\/\/juacontecimentos.com.br\/site\/#organization"},"potentialAction":[{"@type":"SearchAction","target":{"@type":"EntryPoint","urlTemplate":"https:\/\/juacontecimentos.com.br\/site\/?s={search_term_string}"},"query-input":{"@type":"PropertyValueSpecification","valueRequired":true,"valueName":"search_term_string"}}],"inLanguage":"pt-BR"},{"@type":"Organization","@id":"https:\/\/juacontecimentos.com.br\/site\/#organization","name":"Jornal Ultimos Acontecimentos","url":"https:\/\/juacontecimentos.com.br\/site\/","logo":{"@type":"ImageObject","inLanguage":"pt-BR","@id":"https:\/\/juacontecimentos.com.br\/site\/#\/schema\/logo\/image\/","url":"https:\/\/juacontecimentos.com.br\/site\/wp-content\/uploads\/2023\/04\/Logo_Site.png","contentUrl":"https:\/\/juacontecimentos.com.br\/site\/wp-content\/uploads\/2023\/04\/Logo_Site.png","width":2476,"height":530,"caption":"Jornal Ultimos Acontecimentos"},"image":{"@id":"https:\/\/juacontecimentos.com.br\/site\/#\/schema\/logo\/image\/"},"sameAs":["https:\/\/www.facebook.com\/jultimosacontecimentos\/"]},{"@type":"Person","@id":"https:\/\/juacontecimentos.com.br\/site\/#\/schema\/person\/082a54e6d3fdd7a633291428521c9669","name":"Reginaldo Ribeiro","image":{"@type":"ImageObject","inLanguage":"pt-BR","@id":"https:\/\/juacontecimentos.com.br\/site\/#\/schema\/person\/image\/","url":"https:\/\/secure.gravatar.com\/avatar\/5c16c6837c3490270a74d888c2a845728f06bdde1f8761de1de1d1d1ef82d12f?s=96&d=mm&r=g","contentUrl":"https:\/\/secure.gravatar.com\/avatar\/5c16c6837c3490270a74d888c2a845728f06bdde1f8761de1de1d1d1ef82d12f?s=96&d=mm&r=g","caption":"Reginaldo Ribeiro"}}]}},"_links":{"self":[{"href":"https:\/\/juacontecimentos.com.br\/site\/wp-json\/wp\/v2\/posts\/7010","targetHints":{"allow":["GET"]}}],"collection":[{"href":"https:\/\/juacontecimentos.com.br\/site\/wp-json\/wp\/v2\/posts"}],"about":[{"href":"https:\/\/juacontecimentos.com.br\/site\/wp-json\/wp\/v2\/types\/post"}],"author":[{"embeddable":true,"href":"https:\/\/juacontecimentos.com.br\/site\/wp-json\/wp\/v2\/users\/2"}],"replies":[{"embeddable":true,"href":"https:\/\/juacontecimentos.com.br\/site\/wp-json\/wp\/v2\/comments?post=7010"}],"version-history":[{"count":1,"href":"https:\/\/juacontecimentos.com.br\/site\/wp-json\/wp\/v2\/posts\/7010\/revisions"}],"predecessor-version":[{"id":7012,"href":"https:\/\/juacontecimentos.com.br\/site\/wp-json\/wp\/v2\/posts\/7010\/revisions\/7012"}],"wp:featuredmedia":[{"embeddable":true,"href":"https:\/\/juacontecimentos.com.br\/site\/wp-json\/wp\/v2\/media\/7011"}],"wp:attachment":[{"href":"https:\/\/juacontecimentos.com.br\/site\/wp-json\/wp\/v2\/media?parent=7010"}],"wp:term":[{"taxonomy":"category","embeddable":true,"href":"https:\/\/juacontecimentos.com.br\/site\/wp-json\/wp\/v2\/categories?post=7010"},{"taxonomy":"post_tag","embeddable":true,"href":"https:\/\/juacontecimentos.com.br\/site\/wp-json\/wp\/v2\/tags?post=7010"}],"curies":[{"name":"wp","href":"https:\/\/api.w.org\/{rel}","templated":true}]}}