{"id":7058,"date":"2019-06-20T05:47:14","date_gmt":"2019-06-20T08:47:14","guid":{"rendered":"http:\/\/juacontecimentos.com.br\/site\/?p=7058"},"modified":"2019-06-20T17:03:48","modified_gmt":"2019-06-20T20:03:48","slug":"conservacao-de-solo-e-meta-da-segunda-etapa-do-projeto-ser-natureza-em-pires-do-rio","status":"publish","type":"post","link":"https:\/\/juacontecimentos.com.br\/site\/conservacao-de-solo-e-meta-da-segunda-etapa-do-projeto-ser-natureza-em-pires-do-rio\/","title":{"rendered":"Conserva\u00e7\u00e3o de solo \u00e9 meta da segunda etapa do projeto Ser Natureza em Pires do Rio"},"content":{"rendered":"<p>A conserva\u00e7\u00e3o de solo em 6 das 13 propriedades rurais que integraram a primeira etapa do projeto Ser Natureza do Minist\u00e9rio P\u00fablico de Goi\u00e1s \u00e9 o objetivo da segunda etapa, que ser\u00e1 desenvolvida em Pires do Rio para prote\u00e7\u00e3o da microbacia do C\u00f3rrego Laranjal, manancial de abastecimento p\u00fablico.<\/p>\n<p>O<a title=\"Ser Natureza Apresenta\u00e7\u00e3o Pires Do Rio\" href=\"http:\/\/www.mpgo.mp.br\/portal\/arquivos\/2019\/06\/19\/11_55_01_506_SER_NATUREZA_APRESENTA%C3%87%C3%83O_PIRES_DO_RIO.pdf\">\u00a0projeto t\u00e9cnico<\/a>\u00a0desta etapa foi apresentado na segunda-feira (17\/6), em reuni\u00e3o coordenada pelo promotor de Justi\u00e7a Fabr\u00edcio Hip\u00f3lito Roriz e a analista Adriane de Oliveira Chagas, da Coordenadoria de Assessoramento \u00e0 Autocomposi\u00e7\u00e3o Extrajudicial (Caej), com integrantes do grupo de trabalho do projeto, incluindo o secret\u00e1rio municipal de Meio Ambiente, Jayme Souza.<\/p>\n<p>Para a realiza\u00e7\u00e3o do estudo, uma grande equipe do Instituto Federal de Uruta\u00ed foi formada, tendo como integrantes os professores Marcus Ramos, Walter Mendes, Ronaldo Caixeta, Eduardo Viana, Deb\u00f3ra Astoni, Jos\u00e9 Ant\u00f4nio Rodrigues, Gilson da Silva e Darliton da Rocha e os bolsistas Jamerson da Silva Filho, Elias de Freitas Neto e C\u00e9lio Borella. Esse grupo, junto com o t\u00e9cnico da Emater Luzimar Xavier, e com apoio do engenheiro florestal Leo Lince do Carmo, da Emater Central, foi o respons\u00e1vel pelo diagn\u00f3stico das condi\u00e7\u00f5es dos solos, defini\u00e7\u00f5es de pr\u00e1ticas conservacionistas, inclusive com dimensionamento e custo das iniciativas, al\u00e9m de sugest\u00f5es de pr\u00e1ticas de monitoramento de perdas de solo e manuten\u00e7\u00e3o dos sistemas.<\/p>\n<p>A apresenta\u00e7\u00e3o foi feita pelo professor Marcus Ramos, que destacou o envolvimento dos professores e alunos do IF e as v\u00e1rias visitas que fizeram \u00e0s propriedades rurais. Contemplado nas a\u00e7\u00f5es pedag\u00f3gicas da institui\u00e7\u00e3o, o Projeto Ser Natureza est\u00e1 sendo beneficiado com os estudos dos alunos interessados em desenvolver pesquisas na gradua\u00e7\u00e3o e p\u00f3s-gradua\u00e7\u00e3o.<\/p>\n<p>O projeto, conforme detalhado no encontro, foi feito a partir de levantamento de campo, com a coleta de amostras de solos das seis propriedades rurais, para conhecer as caracter\u00edsticas do solo e contribuir para as aferi\u00e7\u00f5es e orienta\u00e7\u00f5es do projeto e desenvolvimento de estudos acad\u00eamicos.<\/p>\n<p>Esse diagn\u00f3stico pr\u00e9vio das condi\u00e7\u00f5es f\u00edsicas, que incluem a textura, resist\u00eancia a penetra\u00e7\u00e3o, infiltra\u00e7\u00e3o da \u00e1gua e an\u00e1lise f\u00edsica do solo foi realizado no entorno das nascentes de cada fazenda, com, pelo menos, nove amostras por propriedade rural.<br \/>\nAs an\u00e1lises foram realizadas no laborat\u00f3rio do IF e seus resultados subsidiaram a an\u00e1lise da estrutura do solo e, consequentemente, o dimensionamento dos terra\u00e7os e de outras pr\u00e1ticas conservacionistas que ser\u00e3o necess\u00e1rias para garantir a conserva\u00e7\u00e3o do solo e da \u00e1gua, objetivo dessa etapa do Ser Natureza, esclarece a analista Adriane Chagas. Para ela, esse \u00e9 um projeto bem detalhado, sob o ponto de vista t\u00e9cnico e acad\u00eamico.<\/p>\n<p>Ainda segundo o estudo, verificou-se que os solos possuem boa textura, o que \u00e9 indicativo de condi\u00e7\u00f5es prop\u00edcias \u00e0 implanta\u00e7\u00e3o das pr\u00e1ticas conservacionistas, dentre elas as mec\u00e2nicas (terra\u00e7os, barragens) e a ado\u00e7\u00e3o de sistemas de manejo conservacionistas, como o plantio direto e manejo de pastagens.<\/p>\n<p>Ainda na reuni\u00e3o, o professor Ronaldo Caixeta apresentou ao grupo de trabalho as propostas de monitoramento de vaz\u00e3o e solo, que foram muito bem aceitas pelos membros e pelo promotor de Justi\u00e7a. Neste sentido, o IF ficou de elaborar um projeto espec\u00edfico sobre este tema.<\/p>\n<p><strong>Delibera\u00e7\u00f5es<\/strong><br \/>\nPor delibera\u00e7\u00e3o do grupo de trabalho, o pr\u00f3ximo passo agora ser\u00e1 detalhar as pr\u00e1ticas de conserva\u00e7\u00e3o de solo que ser\u00e3o adotadas em cada propriedade rural, por meio de projetos t\u00e9cnicos individualizados, bem como o projeto de monitoramento de vaz\u00e3o e solos, a serem apresentados at\u00e9 setembro.<\/p>\n<p>Ap\u00f3s isso, a Promotoria de Justi\u00e7a vai convidar os propriet\u00e1rios rurais inseridos nesta segunda etapa para apresenta\u00e7\u00e3o dos projetos t\u00e9cnicos e negocia\u00e7\u00f5es para sua execu\u00e7\u00e3o, prevista para este ano ainda.<em>\u00a0<\/em><\/p>\n<p><em>Fonte: (Cristiani Hon\u00f3rio \/Assessoria de Comunica\u00e7\u00e3o Social do MP-GO &#8211; Arquivo do Ser Natureza de Pires do Rio)<\/em><br \/>\n<\/p>\n","protected":false},"excerpt":{"rendered":"<p>A conserva\u00e7\u00e3o de solo em 6 das 13 propriedades rurais que integraram a primeira etapa do projeto Ser Natureza do Minist\u00e9rio P\u00fablico de Goi\u00e1s \u00e9 o objetivo da segunda etapa, que ser\u00e1 desenvolvida em Pires do Rio para prote\u00e7\u00e3o da microbacia do C\u00f3rrego Laranjal, manancial de abastecimento p\u00fablico. O\u00a0projeto t\u00e9cnico\u00a0desta etapa foi apresentado na segunda-feira<\/p>\n","protected":false},"author":2,"featured_media":7078,"comment_status":"open","ping_status":"open","sticky":false,"template":"","format":"standard","meta":{"footnotes":""},"categories":[27,22,26,23],"tags":[],"class_list":["post-7058","post","type-post","status-publish","format-standard","has-post-thumbnail","hentry","category-brasil","category-catalao","category-destaque","category-goias"],"yoast_head":"<!-- This site is optimized with the Yoast SEO plugin v25.8 - https:\/\/yoast.com\/wordpress\/plugins\/seo\/ -->\n<title>Conserva\u00e7\u00e3o de solo \u00e9 meta da segunda etapa do projeto Ser Natureza em Pires do Rio - Jornal Ultimos Acontecimentos<\/title>\n<meta name=\"robots\" content=\"index, follow, max-snippet:-1, max-image-preview:large, max-video-preview:-1\" \/>\n<link rel=\"canonical\" href=\"https:\/\/juacontecimentos.com.br\/site\/conservacao-de-solo-e-meta-da-segunda-etapa-do-projeto-ser-natureza-em-pires-do-rio\/\" \/>\n<meta property=\"og:locale\" content=\"pt_BR\" \/>\n<meta property=\"og:type\" content=\"article\" \/>\n<meta property=\"og:title\" content=\"Conserva\u00e7\u00e3o de solo \u00e9 meta da segunda etapa do projeto Ser Natureza em Pires do Rio - Jornal Ultimos Acontecimentos\" \/>\n<meta property=\"og:description\" content=\"A conserva\u00e7\u00e3o de solo em 6 das 13 propriedades rurais que integraram a primeira etapa do projeto Ser Natureza do Minist\u00e9rio P\u00fablico de Goi\u00e1s \u00e9 o objetivo da segunda etapa, que ser\u00e1 desenvolvida em Pires do Rio para prote\u00e7\u00e3o da microbacia do C\u00f3rrego Laranjal, manancial de abastecimento p\u00fablico. O\u00a0projeto t\u00e9cnico\u00a0desta etapa foi apresentado na segunda-feira\" \/>\n<meta property=\"og:url\" content=\"https:\/\/juacontecimentos.com.br\/site\/conservacao-de-solo-e-meta-da-segunda-etapa-do-projeto-ser-natureza-em-pires-do-rio\/\" \/>\n<meta property=\"og:site_name\" content=\"Jornal Ultimos Acontecimentos\" \/>\n<meta property=\"article:publisher\" content=\"https:\/\/www.facebook.com\/jultimosacontecimentos\/\" \/>\n<meta property=\"article:published_time\" content=\"2019-06-20T08:47:14+00:00\" \/>\n<meta property=\"article:modified_time\" content=\"2019-06-20T20:03:48+00:00\" \/>\n<meta property=\"og:image\" content=\"https:\/\/juacontecimentos.com.br\/site\/wp-content\/uploads\/2019\/06\/Montagem-11-3-e1561061013443.jpeg\" \/>\n\t<meta property=\"og:image:width\" content=\"1000\" \/>\n\t<meta property=\"og:image:height\" content=\"667\" \/>\n\t<meta property=\"og:image:type\" content=\"image\/jpeg\" \/>\n<meta name=\"author\" content=\"Reginaldo Ribeiro\" \/>\n<meta name=\"twitter:card\" content=\"summary_large_image\" \/>\n<meta name=\"twitter:label1\" content=\"Escrito por\" \/>\n\t<meta name=\"twitter:data1\" content=\"Reginaldo Ribeiro\" \/>\n\t<meta name=\"twitter:label2\" content=\"Est. tempo de leitura\" \/>\n\t<meta name=\"twitter:data2\" content=\"3 minutos\" \/>\n<script type=\"application\/ld+json\" class=\"yoast-schema-graph\">{\"@context\":\"https:\/\/schema.org\",\"@graph\":[{\"@type\":\"Article\",\"@id\":\"https:\/\/juacontecimentos.com.br\/site\/conservacao-de-solo-e-meta-da-segunda-etapa-do-projeto-ser-natureza-em-pires-do-rio\/#article\",\"isPartOf\":{\"@id\":\"https:\/\/juacontecimentos.com.br\/site\/conservacao-de-solo-e-meta-da-segunda-etapa-do-projeto-ser-natureza-em-pires-do-rio\/\"},\"author\":{\"name\":\"Reginaldo Ribeiro\",\"@id\":\"https:\/\/juacontecimentos.com.br\/site\/#\/schema\/person\/082a54e6d3fdd7a633291428521c9669\"},\"headline\":\"Conserva\u00e7\u00e3o de solo \u00e9 meta da segunda etapa do projeto Ser Natureza em Pires do Rio\",\"datePublished\":\"2019-06-20T08:47:14+00:00\",\"dateModified\":\"2019-06-20T20:03:48+00:00\",\"mainEntityOfPage\":{\"@id\":\"https:\/\/juacontecimentos.com.br\/site\/conservacao-de-solo-e-meta-da-segunda-etapa-do-projeto-ser-natureza-em-pires-do-rio\/\"},\"wordCount\":696,\"commentCount\":0,\"publisher\":{\"@id\":\"https:\/\/juacontecimentos.com.br\/site\/#organization\"},\"image\":{\"@id\":\"https:\/\/juacontecimentos.com.br\/site\/conservacao-de-solo-e-meta-da-segunda-etapa-do-projeto-ser-natureza-em-pires-do-rio\/#primaryimage\"},\"thumbnailUrl\":\"https:\/\/juacontecimentos.com.br\/site\/wp-content\/uploads\/2019\/06\/Montagem-11-3-e1561061013443.jpeg\",\"articleSection\":[\"Brasil\",\"Catal\u00e3o\",\"Destaque\",\"Goi\u00e1s\"],\"inLanguage\":\"pt-BR\"},{\"@type\":\"WebPage\",\"@id\":\"https:\/\/juacontecimentos.com.br\/site\/conservacao-de-solo-e-meta-da-segunda-etapa-do-projeto-ser-natureza-em-pires-do-rio\/\",\"url\":\"https:\/\/juacontecimentos.com.br\/site\/conservacao-de-solo-e-meta-da-segunda-etapa-do-projeto-ser-natureza-em-pires-do-rio\/\",\"name\":\"Conserva\u00e7\u00e3o de solo \u00e9 meta da segunda etapa do projeto Ser Natureza em Pires do Rio - Jornal Ultimos Acontecimentos\",\"isPartOf\":{\"@id\":\"https:\/\/juacontecimentos.com.br\/site\/#website\"},\"primaryImageOfPage\":{\"@id\":\"https:\/\/juacontecimentos.com.br\/site\/conservacao-de-solo-e-meta-da-segunda-etapa-do-projeto-ser-natureza-em-pires-do-rio\/#primaryimage\"},\"image\":{\"@id\":\"https:\/\/juacontecimentos.com.br\/site\/conservacao-de-solo-e-meta-da-segunda-etapa-do-projeto-ser-natureza-em-pires-do-rio\/#primaryimage\"},\"thumbnailUrl\":\"https:\/\/juacontecimentos.com.br\/site\/wp-content\/uploads\/2019\/06\/Montagem-11-3-e1561061013443.jpeg\",\"datePublished\":\"2019-06-20T08:47:14+00:00\",\"dateModified\":\"2019-06-20T20:03:48+00:00\",\"breadcrumb\":{\"@id\":\"https:\/\/juacontecimentos.com.br\/site\/conservacao-de-solo-e-meta-da-segunda-etapa-do-projeto-ser-natureza-em-pires-do-rio\/#breadcrumb\"},\"inLanguage\":\"pt-BR\",\"potentialAction\":[{\"@type\":\"ReadAction\",\"target\":[\"https:\/\/juacontecimentos.com.br\/site\/conservacao-de-solo-e-meta-da-segunda-etapa-do-projeto-ser-natureza-em-pires-do-rio\/\"]}]},{\"@type\":\"ImageObject\",\"inLanguage\":\"pt-BR\",\"@id\":\"https:\/\/juacontecimentos.com.br\/site\/conservacao-de-solo-e-meta-da-segunda-etapa-do-projeto-ser-natureza-em-pires-do-rio\/#primaryimage\",\"url\":\"https:\/\/juacontecimentos.com.br\/site\/wp-content\/uploads\/2019\/06\/Montagem-11-3-e1561061013443.jpeg\",\"contentUrl\":\"https:\/\/juacontecimentos.com.br\/site\/wp-content\/uploads\/2019\/06\/Montagem-11-3-e1561061013443.jpeg\",\"width\":1000,\"height\":667},{\"@type\":\"BreadcrumbList\",\"@id\":\"https:\/\/juacontecimentos.com.br\/site\/conservacao-de-solo-e-meta-da-segunda-etapa-do-projeto-ser-natureza-em-pires-do-rio\/#breadcrumb\",\"itemListElement\":[{\"@type\":\"ListItem\",\"position\":1,\"name\":\"In\u00edcio\",\"item\":\"https:\/\/juacontecimentos.com.br\/site\/\"},{\"@type\":\"ListItem\",\"position\":2,\"name\":\"Conserva\u00e7\u00e3o de solo \u00e9 meta da segunda etapa do projeto Ser Natureza em Pires do Rio\"}]},{\"@type\":\"WebSite\",\"@id\":\"https:\/\/juacontecimentos.com.br\/site\/#website\",\"url\":\"https:\/\/juacontecimentos.com.br\/site\/\",\"name\":\"Jornal Ultimos Acontecimentos\",\"description\":\"Catal\u00e3o e regi\u00e3o\",\"publisher\":{\"@id\":\"https:\/\/juacontecimentos.com.br\/site\/#organization\"},\"potentialAction\":[{\"@type\":\"SearchAction\",\"target\":{\"@type\":\"EntryPoint\",\"urlTemplate\":\"https:\/\/juacontecimentos.com.br\/site\/?s={search_term_string}\"},\"query-input\":{\"@type\":\"PropertyValueSpecification\",\"valueRequired\":true,\"valueName\":\"search_term_string\"}}],\"inLanguage\":\"pt-BR\"},{\"@type\":\"Organization\",\"@id\":\"https:\/\/juacontecimentos.com.br\/site\/#organization\",\"name\":\"Jornal Ultimos Acontecimentos\",\"url\":\"https:\/\/juacontecimentos.com.br\/site\/\",\"logo\":{\"@type\":\"ImageObject\",\"inLanguage\":\"pt-BR\",\"@id\":\"https:\/\/juacontecimentos.com.br\/site\/#\/schema\/logo\/image\/\",\"url\":\"https:\/\/juacontecimentos.com.br\/site\/wp-content\/uploads\/2023\/04\/Logo_Site.png\",\"contentUrl\":\"https:\/\/juacontecimentos.com.br\/site\/wp-content\/uploads\/2023\/04\/Logo_Site.png\",\"width\":2476,\"height\":530,\"caption\":\"Jornal Ultimos Acontecimentos\"},\"image\":{\"@id\":\"https:\/\/juacontecimentos.com.br\/site\/#\/schema\/logo\/image\/\"},\"sameAs\":[\"https:\/\/www.facebook.com\/jultimosacontecimentos\/\"]},{\"@type\":\"Person\",\"@id\":\"https:\/\/juacontecimentos.com.br\/site\/#\/schema\/person\/082a54e6d3fdd7a633291428521c9669\",\"name\":\"Reginaldo Ribeiro\",\"image\":{\"@type\":\"ImageObject\",\"inLanguage\":\"pt-BR\",\"@id\":\"https:\/\/juacontecimentos.com.br\/site\/#\/schema\/person\/image\/\",\"url\":\"https:\/\/secure.gravatar.com\/avatar\/5c16c6837c3490270a74d888c2a845728f06bdde1f8761de1de1d1d1ef82d12f?s=96&d=mm&r=g\",\"contentUrl\":\"https:\/\/secure.gravatar.com\/avatar\/5c16c6837c3490270a74d888c2a845728f06bdde1f8761de1de1d1d1ef82d12f?s=96&d=mm&r=g\",\"caption\":\"Reginaldo Ribeiro\"}}]}<\/script>\n<!-- \/ Yoast SEO plugin. -->","yoast_head_json":{"title":"Conserva\u00e7\u00e3o de solo \u00e9 meta da segunda etapa do projeto Ser Natureza em Pires do Rio - Jornal Ultimos Acontecimentos","robots":{"index":"index","follow":"follow","max-snippet":"max-snippet:-1","max-image-preview":"max-image-preview:large","max-video-preview":"max-video-preview:-1"},"canonical":"https:\/\/juacontecimentos.com.br\/site\/conservacao-de-solo-e-meta-da-segunda-etapa-do-projeto-ser-natureza-em-pires-do-rio\/","og_locale":"pt_BR","og_type":"article","og_title":"Conserva\u00e7\u00e3o de solo \u00e9 meta da segunda etapa do projeto Ser Natureza em Pires do Rio - Jornal Ultimos Acontecimentos","og_description":"A conserva\u00e7\u00e3o de solo em 6 das 13 propriedades rurais que integraram a primeira etapa do projeto Ser Natureza do Minist\u00e9rio P\u00fablico de Goi\u00e1s \u00e9 o objetivo da segunda etapa, que ser\u00e1 desenvolvida em Pires do Rio para prote\u00e7\u00e3o da microbacia do C\u00f3rrego Laranjal, manancial de abastecimento p\u00fablico. O\u00a0projeto t\u00e9cnico\u00a0desta etapa foi apresentado na segunda-feira","og_url":"https:\/\/juacontecimentos.com.br\/site\/conservacao-de-solo-e-meta-da-segunda-etapa-do-projeto-ser-natureza-em-pires-do-rio\/","og_site_name":"Jornal Ultimos Acontecimentos","article_publisher":"https:\/\/www.facebook.com\/jultimosacontecimentos\/","article_published_time":"2019-06-20T08:47:14+00:00","article_modified_time":"2019-06-20T20:03:48+00:00","og_image":[{"width":1000,"height":667,"url":"https:\/\/juacontecimentos.com.br\/site\/wp-content\/uploads\/2019\/06\/Montagem-11-3-e1561061013443.jpeg","type":"image\/jpeg"}],"author":"Reginaldo Ribeiro","twitter_card":"summary_large_image","twitter_misc":{"Escrito por":"Reginaldo Ribeiro","Est. tempo de leitura":"3 minutos"},"schema":{"@context":"https:\/\/schema.org","@graph":[{"@type":"Article","@id":"https:\/\/juacontecimentos.com.br\/site\/conservacao-de-solo-e-meta-da-segunda-etapa-do-projeto-ser-natureza-em-pires-do-rio\/#article","isPartOf":{"@id":"https:\/\/juacontecimentos.com.br\/site\/conservacao-de-solo-e-meta-da-segunda-etapa-do-projeto-ser-natureza-em-pires-do-rio\/"},"author":{"name":"Reginaldo Ribeiro","@id":"https:\/\/juacontecimentos.com.br\/site\/#\/schema\/person\/082a54e6d3fdd7a633291428521c9669"},"headline":"Conserva\u00e7\u00e3o de solo \u00e9 meta da segunda etapa do projeto Ser Natureza em Pires do Rio","datePublished":"2019-06-20T08:47:14+00:00","dateModified":"2019-06-20T20:03:48+00:00","mainEntityOfPage":{"@id":"https:\/\/juacontecimentos.com.br\/site\/conservacao-de-solo-e-meta-da-segunda-etapa-do-projeto-ser-natureza-em-pires-do-rio\/"},"wordCount":696,"commentCount":0,"publisher":{"@id":"https:\/\/juacontecimentos.com.br\/site\/#organization"},"image":{"@id":"https:\/\/juacontecimentos.com.br\/site\/conservacao-de-solo-e-meta-da-segunda-etapa-do-projeto-ser-natureza-em-pires-do-rio\/#primaryimage"},"thumbnailUrl":"https:\/\/juacontecimentos.com.br\/site\/wp-content\/uploads\/2019\/06\/Montagem-11-3-e1561061013443.jpeg","articleSection":["Brasil","Catal\u00e3o","Destaque","Goi\u00e1s"],"inLanguage":"pt-BR"},{"@type":"WebPage","@id":"https:\/\/juacontecimentos.com.br\/site\/conservacao-de-solo-e-meta-da-segunda-etapa-do-projeto-ser-natureza-em-pires-do-rio\/","url":"https:\/\/juacontecimentos.com.br\/site\/conservacao-de-solo-e-meta-da-segunda-etapa-do-projeto-ser-natureza-em-pires-do-rio\/","name":"Conserva\u00e7\u00e3o de solo \u00e9 meta da segunda etapa do projeto Ser Natureza em Pires do Rio - Jornal Ultimos Acontecimentos","isPartOf":{"@id":"https:\/\/juacontecimentos.com.br\/site\/#website"},"primaryImageOfPage":{"@id":"https:\/\/juacontecimentos.com.br\/site\/conservacao-de-solo-e-meta-da-segunda-etapa-do-projeto-ser-natureza-em-pires-do-rio\/#primaryimage"},"image":{"@id":"https:\/\/juacontecimentos.com.br\/site\/conservacao-de-solo-e-meta-da-segunda-etapa-do-projeto-ser-natureza-em-pires-do-rio\/#primaryimage"},"thumbnailUrl":"https:\/\/juacontecimentos.com.br\/site\/wp-content\/uploads\/2019\/06\/Montagem-11-3-e1561061013443.jpeg","datePublished":"2019-06-20T08:47:14+00:00","dateModified":"2019-06-20T20:03:48+00:00","breadcrumb":{"@id":"https:\/\/juacontecimentos.com.br\/site\/conservacao-de-solo-e-meta-da-segunda-etapa-do-projeto-ser-natureza-em-pires-do-rio\/#breadcrumb"},"inLanguage":"pt-BR","potentialAction":[{"@type":"ReadAction","target":["https:\/\/juacontecimentos.com.br\/site\/conservacao-de-solo-e-meta-da-segunda-etapa-do-projeto-ser-natureza-em-pires-do-rio\/"]}]},{"@type":"ImageObject","inLanguage":"pt-BR","@id":"https:\/\/juacontecimentos.com.br\/site\/conservacao-de-solo-e-meta-da-segunda-etapa-do-projeto-ser-natureza-em-pires-do-rio\/#primaryimage","url":"https:\/\/juacontecimentos.com.br\/site\/wp-content\/uploads\/2019\/06\/Montagem-11-3-e1561061013443.jpeg","contentUrl":"https:\/\/juacontecimentos.com.br\/site\/wp-content\/uploads\/2019\/06\/Montagem-11-3-e1561061013443.jpeg","width":1000,"height":667},{"@type":"BreadcrumbList","@id":"https:\/\/juacontecimentos.com.br\/site\/conservacao-de-solo-e-meta-da-segunda-etapa-do-projeto-ser-natureza-em-pires-do-rio\/#breadcrumb","itemListElement":[{"@type":"ListItem","position":1,"name":"In\u00edcio","item":"https:\/\/juacontecimentos.com.br\/site\/"},{"@type":"ListItem","position":2,"name":"Conserva\u00e7\u00e3o de solo \u00e9 meta da segunda etapa do projeto Ser Natureza em Pires do Rio"}]},{"@type":"WebSite","@id":"https:\/\/juacontecimentos.com.br\/site\/#website","url":"https:\/\/juacontecimentos.com.br\/site\/","name":"Jornal Ultimos Acontecimentos","description":"Catal\u00e3o e regi\u00e3o","publisher":{"@id":"https:\/\/juacontecimentos.com.br\/site\/#organization"},"potentialAction":[{"@type":"SearchAction","target":{"@type":"EntryPoint","urlTemplate":"https:\/\/juacontecimentos.com.br\/site\/?s={search_term_string}"},"query-input":{"@type":"PropertyValueSpecification","valueRequired":true,"valueName":"search_term_string"}}],"inLanguage":"pt-BR"},{"@type":"Organization","@id":"https:\/\/juacontecimentos.com.br\/site\/#organization","name":"Jornal Ultimos Acontecimentos","url":"https:\/\/juacontecimentos.com.br\/site\/","logo":{"@type":"ImageObject","inLanguage":"pt-BR","@id":"https:\/\/juacontecimentos.com.br\/site\/#\/schema\/logo\/image\/","url":"https:\/\/juacontecimentos.com.br\/site\/wp-content\/uploads\/2023\/04\/Logo_Site.png","contentUrl":"https:\/\/juacontecimentos.com.br\/site\/wp-content\/uploads\/2023\/04\/Logo_Site.png","width":2476,"height":530,"caption":"Jornal Ultimos Acontecimentos"},"image":{"@id":"https:\/\/juacontecimentos.com.br\/site\/#\/schema\/logo\/image\/"},"sameAs":["https:\/\/www.facebook.com\/jultimosacontecimentos\/"]},{"@type":"Person","@id":"https:\/\/juacontecimentos.com.br\/site\/#\/schema\/person\/082a54e6d3fdd7a633291428521c9669","name":"Reginaldo Ribeiro","image":{"@type":"ImageObject","inLanguage":"pt-BR","@id":"https:\/\/juacontecimentos.com.br\/site\/#\/schema\/person\/image\/","url":"https:\/\/secure.gravatar.com\/avatar\/5c16c6837c3490270a74d888c2a845728f06bdde1f8761de1de1d1d1ef82d12f?s=96&d=mm&r=g","contentUrl":"https:\/\/secure.gravatar.com\/avatar\/5c16c6837c3490270a74d888c2a845728f06bdde1f8761de1de1d1d1ef82d12f?s=96&d=mm&r=g","caption":"Reginaldo Ribeiro"}}]}},"_links":{"self":[{"href":"https:\/\/juacontecimentos.com.br\/site\/wp-json\/wp\/v2\/posts\/7058","targetHints":{"allow":["GET"]}}],"collection":[{"href":"https:\/\/juacontecimentos.com.br\/site\/wp-json\/wp\/v2\/posts"}],"about":[{"href":"https:\/\/juacontecimentos.com.br\/site\/wp-json\/wp\/v2\/types\/post"}],"author":[{"embeddable":true,"href":"https:\/\/juacontecimentos.com.br\/site\/wp-json\/wp\/v2\/users\/2"}],"replies":[{"embeddable":true,"href":"https:\/\/juacontecimentos.com.br\/site\/wp-json\/wp\/v2\/comments?post=7058"}],"version-history":[{"count":1,"href":"https:\/\/juacontecimentos.com.br\/site\/wp-json\/wp\/v2\/posts\/7058\/revisions"}],"predecessor-version":[{"id":7060,"href":"https:\/\/juacontecimentos.com.br\/site\/wp-json\/wp\/v2\/posts\/7058\/revisions\/7060"}],"wp:featuredmedia":[{"embeddable":true,"href":"https:\/\/juacontecimentos.com.br\/site\/wp-json\/wp\/v2\/media\/7078"}],"wp:attachment":[{"href":"https:\/\/juacontecimentos.com.br\/site\/wp-json\/wp\/v2\/media?parent=7058"}],"wp:term":[{"taxonomy":"category","embeddable":true,"href":"https:\/\/juacontecimentos.com.br\/site\/wp-json\/wp\/v2\/categories?post=7058"},{"taxonomy":"post_tag","embeddable":true,"href":"https:\/\/juacontecimentos.com.br\/site\/wp-json\/wp\/v2\/tags?post=7058"}],"curies":[{"name":"wp","href":"https:\/\/api.w.org\/{rel}","templated":true}]}}