{"id":7224,"date":"2019-07-03T19:48:19","date_gmt":"2019-07-03T22:48:19","guid":{"rendered":"http:\/\/juacontecimentos.com.br\/site\/?p=7224"},"modified":"2019-07-03T19:48:19","modified_gmt":"2019-07-03T22:48:19","slug":"camara-de-catalao-teve-nova-troca-de-cadeira-entre-marcao-da-coruja-e-maciel-do-tudo-caipira","status":"publish","type":"post","link":"https:\/\/juacontecimentos.com.br\/site\/camara-de-catalao-teve-nova-troca-de-cadeira-entre-marcao-da-coruja-e-maciel-do-tudo-caipira\/","title":{"rendered":"C\u00e2mara de Catal\u00e3o teve nova troca de cadeira entre Marc\u00e3o da Coruja e Maciel do tudo Caipira"},"content":{"rendered":"<p><iframe loading=\"lazy\" width=\"900\" height=\"506\" src=\"https:\/\/www.youtube.com\/embed\/f60i-P0v54Q?feature=oembed\" frameborder=\"0\" allowfullscreen><\/iframe><\/p>\n<h1 style=\"text-align: center\">\u201cMarc\u00e3o da Coruja acha que a administra\u00e7\u00e3o p\u00fablica \u00e9 um circo. Fica brincando de vai e volta. O que est\u00e1 por tr\u00e1z dessa brincadeira de mal gosto, do Marc\u00e3o da Coruja entre secretaria da Agricultura e C\u00e2mara de Vereadores\u201d?<\/h1>\n<p>Na tarde do dia (2) de julho, os parlamentares da C\u00e2mara Municipal de Vereadores de Catal\u00e3o, realizaram a primeira sess\u00e3o extraordin\u00e1ria, durante a recesso parlamentar de 2019. O presidente do Legislativo, Helson Barbosa de Souza, popular (Ca\u00e7ula), atendendo ao Regimento Interno da casa, reempossou ao mandato letivo, o ex-secret\u00e1rio de Agricultura Marcos Ant\u00f4nio In\u00e1cio, popular (Marc\u00e3o da Coruja) (PRP).<\/p>\n<p>Com essa mudan\u00e7a, consequentemente o suplente que ocupava a cadeira no Legislativo, Marciel de Oliveira Mesquita, popular (Marciel Tudo Caipira) (DEM), mais uma vez foi destitu\u00eddo do referido posto.<\/p>\n<p>Sem ser comunicado previamente, Maciel que se encontrava no pr\u00e9dio da C\u00e2mara para participar da sess\u00e3o extraordin\u00e1ria, o mesmo foi orientado pela mesa diretora, que n\u00e3o mais fazia parte do corpo de vereadores, assim sendo, impedido de adentrar ao plen\u00e1rio da casa de Leis.<\/p>\n<p>Em entrevista exclusiva aos rep\u00f3rteres dos Blog da Verdade e do Jornal \u00daltimos Acontecimentos, Maciel disse que a ele, s\u00f3 restava cumprir a determina\u00e7\u00e3o apresentada.<\/p>\n<p>Pois bem, como o vereador empossado Marc\u00e3o da Coruja n\u00e3o participou da \u00fanica sess\u00e3o extraordin\u00e1ria, convocada pelo poder Executivo Municipal, o trabalho no plen\u00e1rio aconteceu com aus\u00eancia do vereador, que havia sido empossado um dia anterior a sess\u00e3o.<\/p>\n<p>Pois bem, n\u00e3o esclarecido a p\u00fablico o real motivo do retorno de Marc\u00e3o ao mandato de apenas dois dias, ap\u00f3s o encerramento da sess\u00e3o extraordin\u00e1ria, segundo informa\u00e7\u00f5es de outro vereador, por volta das 16:40hs, Marc\u00e3o da Coruja, protocolou junto a C\u00e2mara de Vereadores, sua sa\u00edda do referido mandato de vereador.<\/p>\n<p>Texto \/ V\u00eddeos: Reginaldo Ribeiro<\/p>\n<p><img loading=\"lazy\" decoding=\"async\" class=\"alignnone wp-image-7226 size-full\" src=\"http:\/\/juacontecimentos.com.br\/site\/wp-content\/uploads\/2019\/07\/1_4965417544946024679.jpg\" alt=\"\" width=\"3024\" height=\"4032\" srcset=\"https:\/\/juacontecimentos.com.br\/site\/wp-content\/uploads\/2019\/07\/1_4965417544946024679.jpg 3024w, https:\/\/juacontecimentos.com.br\/site\/wp-content\/uploads\/2019\/07\/1_4965417544946024679-225x300.jpg 225w, https:\/\/juacontecimentos.com.br\/site\/wp-content\/uploads\/2019\/07\/1_4965417544946024679-768x1024.jpg 768w\" sizes=\"auto, (max-width: 3024px) 100vw, 3024px\" \/> <img loading=\"lazy\" decoding=\"async\" class=\"alignnone wp-image-7227 size-full\" src=\"http:\/\/juacontecimentos.com.br\/site\/wp-content\/uploads\/2019\/07\/1_4965417544946024681-1.jpg\" alt=\"\" width=\"3024\" height=\"4032\" srcset=\"https:\/\/juacontecimentos.com.br\/site\/wp-content\/uploads\/2019\/07\/1_4965417544946024681-1.jpg 3024w, https:\/\/juacontecimentos.com.br\/site\/wp-content\/uploads\/2019\/07\/1_4965417544946024681-1-225x300.jpg 225w, https:\/\/juacontecimentos.com.br\/site\/wp-content\/uploads\/2019\/07\/1_4965417544946024681-1-768x1024.jpg 768w\" sizes=\"auto, (max-width: 3024px) 100vw, 3024px\" \/> <img loading=\"lazy\" decoding=\"async\" class=\"alignnone wp-image-7228 size-full\" src=\"http:\/\/juacontecimentos.com.br\/site\/wp-content\/uploads\/2019\/07\/1_4965417544946024681.jpg\" alt=\"\" width=\"3024\" height=\"4032\" srcset=\"https:\/\/juacontecimentos.com.br\/site\/wp-content\/uploads\/2019\/07\/1_4965417544946024681.jpg 3024w, https:\/\/juacontecimentos.com.br\/site\/wp-content\/uploads\/2019\/07\/1_4965417544946024681-225x300.jpg 225w, https:\/\/juacontecimentos.com.br\/site\/wp-content\/uploads\/2019\/07\/1_4965417544946024681-768x1024.jpg 768w\" sizes=\"auto, (max-width: 3024px) 100vw, 3024px\" \/> <img loading=\"lazy\" decoding=\"async\" class=\"alignnone wp-image-7229 size-full\" src=\"http:\/\/juacontecimentos.com.br\/site\/wp-content\/uploads\/2019\/07\/1_4965417544946024682.jpg\" alt=\"\" width=\"3024\" height=\"4032\" srcset=\"https:\/\/juacontecimentos.com.br\/site\/wp-content\/uploads\/2019\/07\/1_4965417544946024682.jpg 3024w, https:\/\/juacontecimentos.com.br\/site\/wp-content\/uploads\/2019\/07\/1_4965417544946024682-225x300.jpg 225w, https:\/\/juacontecimentos.com.br\/site\/wp-content\/uploads\/2019\/07\/1_4965417544946024682-768x1024.jpg 768w\" sizes=\"auto, (max-width: 3024px) 100vw, 3024px\" \/> <img loading=\"lazy\" decoding=\"async\" class=\"alignnone wp-image-7230 size-full\" src=\"http:\/\/juacontecimentos.com.br\/site\/wp-content\/uploads\/2019\/07\/1_4965417544946024683.jpg\" alt=\"\" width=\"3024\" height=\"4032\" srcset=\"https:\/\/juacontecimentos.com.br\/site\/wp-content\/uploads\/2019\/07\/1_4965417544946024683.jpg 3024w, https:\/\/juacontecimentos.com.br\/site\/wp-content\/uploads\/2019\/07\/1_4965417544946024683-225x300.jpg 225w, https:\/\/juacontecimentos.com.br\/site\/wp-content\/uploads\/2019\/07\/1_4965417544946024683-768x1024.jpg 768w\" sizes=\"auto, (max-width: 3024px) 100vw, 3024px\" \/> <img loading=\"lazy\" decoding=\"async\" class=\"alignnone wp-image-7231 size-full\" src=\"http:\/\/juacontecimentos.com.br\/site\/wp-content\/uploads\/2019\/07\/1_4965417544946024685-1.jpg\" alt=\"\" width=\"3024\" height=\"4032\" srcset=\"https:\/\/juacontecimentos.com.br\/site\/wp-content\/uploads\/2019\/07\/1_4965417544946024685-1.jpg 3024w, https:\/\/juacontecimentos.com.br\/site\/wp-content\/uploads\/2019\/07\/1_4965417544946024685-1-225x300.jpg 225w, https:\/\/juacontecimentos.com.br\/site\/wp-content\/uploads\/2019\/07\/1_4965417544946024685-1-768x1024.jpg 768w\" sizes=\"auto, (max-width: 3024px) 100vw, 3024px\" \/> <img loading=\"lazy\" decoding=\"async\" class=\"alignnone wp-image-7232 size-full\" src=\"http:\/\/juacontecimentos.com.br\/site\/wp-content\/uploads\/2019\/07\/1_4965417544946024685.jpg\" alt=\"\" width=\"3024\" height=\"4032\" srcset=\"https:\/\/juacontecimentos.com.br\/site\/wp-content\/uploads\/2019\/07\/1_4965417544946024685.jpg 3024w, https:\/\/juacontecimentos.com.br\/site\/wp-content\/uploads\/2019\/07\/1_4965417544946024685-225x300.jpg 225w, https:\/\/juacontecimentos.com.br\/site\/wp-content\/uploads\/2019\/07\/1_4965417544946024685-768x1024.jpg 768w\" sizes=\"auto, (max-width: 3024px) 100vw, 3024px\" \/> <img loading=\"lazy\" decoding=\"async\" class=\"alignnone wp-image-7233 size-full\" src=\"http:\/\/juacontecimentos.com.br\/site\/wp-content\/uploads\/2019\/07\/1_4965417544946024686.jpg\" alt=\"\" width=\"3024\" height=\"4032\" srcset=\"https:\/\/juacontecimentos.com.br\/site\/wp-content\/uploads\/2019\/07\/1_4965417544946024686.jpg 3024w, https:\/\/juacontecimentos.com.br\/site\/wp-content\/uploads\/2019\/07\/1_4965417544946024686-225x300.jpg 225w, https:\/\/juacontecimentos.com.br\/site\/wp-content\/uploads\/2019\/07\/1_4965417544946024686-768x1024.jpg 768w\" sizes=\"auto, (max-width: 3024px) 100vw, 3024px\" \/><\/p>\n<p>&nbsp;<\/p>\n<div><\/div>\n<p><\/p>\n<div class=\"fb-video\">\n<blockquote class=\"fb-xfbml-parse-ignore\"><p><a href=\"https:\/\/www.facebook.com\/luizclaudio.elias\/videos\/2391032924299437\/\"><\/a><\/p>\n<p>CHEGANDO NA SESS\u00c3O DA C\u00c2MARA DE VEREADORES DE CATAL\u00c3O ME DEPAREI COM A CADEIRA DO VER. Marciel Mesquita, VAZIA, FUI ATR\u00c1S DELE E OLHA S\u00d3.<\/p>\n<p>Publicado por <a href=\"https:\/\/www.facebook.com\/luizclaudio.elias\">Luiz Claudio Elias<\/a> em Ter\u00e7a-feira, 2 de julho de 2019<\/p><\/blockquote>\n<\/div>\n<p><iframe loading=\"lazy\" width=\"900\" height=\"506\" src=\"https:\/\/www.youtube.com\/embed\/CIFdWNxIv7E?feature=oembed\" frameborder=\"0\" allowfullscreen><\/iframe><\/p>\n<h1 style=\"text-align: center\"><strong>Ainda em plen\u00e1rio, vereadores aprovaram projeto para Educa\u00e7\u00e3o<\/strong><\/h1>\n<p>Na primeira sess\u00e3o extraordin\u00e1ria do ano, os vereadores aprovaram quatro projetos, outros dois foram retirados da Pauta. O primeiro que foi analisado e aprovado por unanimidade \u00e9 o do Executivo, que prev\u00ea a contrata\u00e7\u00e3o de pessoal para o setor de Educa\u00e7\u00e3o por tempo determinado.<\/p>\n<p>O projeto foi votado em regime de urg\u00eancia e a expectativa \u00e9 de contratar at\u00e9 30 Professores para a rede municipal de Ensino, com sal\u00e1rio de R$ 1.918,00, 12 Merendeiras e 12 Auxiliares de servi\u00e7os gerais, ambos com sal\u00e1rios de R$ 988,00, quitados pelo Fundo Municipal de Ensino.<\/p>\n<p>Com aus\u00eancia dos vereadores Rodrig\u00e3o, Deusmar, Marciel e Marcelo Mendon\u00e7a, a Casa aprovou tamb\u00e9m o projeto de Lei da vereadora Ros\u00e2ngela da Adisgo, que nomina de Dea Ramos de Paula, a rua entre a Nassim Agel e Nicolau Abr\u00e3o (dos trilhos) em frente ao pr\u00e9dio da Prefeitura, no centro de Catal\u00e3o. \u201cEssa homenagem \u00e9 um reconhecimento por tudo o que dona Dea foi em vida. Uma pessoa s\u00e9ria e boa de cora\u00e7\u00e3o\u201d, disse Ros\u00e2ngela ao contar que ela foi uma das fundadoras da Associa\u00e7\u00e3o dos Diab\u00e9ticos do Sudeste Goiano e a respons\u00e1vel pela cria\u00e7\u00e3o da Cozinha Diet, projeto que at\u00e9 hoje \u00e9 desenvolvido na entidade. O projeto foi aprovado tamb\u00e9m por unanimidade.<\/p>\n<p>Os vereadores aprovaram ainda o projeto de Decreto Legislativo tamb\u00e9m da vereadora Ros\u00e2ngela, que concede t\u00edtulo de cidad\u00e3 catalana \u00e0 Nunila Ferreira de Oliveira. Ela \u00e9 enfermeira, nascida em Itau\u00e7u e professora de UFCat.<\/p>\n<p>Outro projeto de Decreto Legislativo aprovado na sess\u00e3o foi o de n\u00ba 15, que concede \u00e0 Dra. Angelane Maria Silva Barcelos Machado, o t\u00edtulo de cidad\u00e3o Catalana. Ela \u00e9 nascida em Campina Verde (MG), mas mora em Catal\u00e3o h\u00e1 quase 30 anos. M\u00e9dica Anestesiologista, ela atende em um hospital particular da cidade, mas j\u00e1 trabalhou no Materno Infantil. \u201cDra. Angelane \u00e9 uma pessoa que tem nos ajudado como pode. Ela \u00e9 uma pessoa am\u00e1vel\u201d, disse Silvinha autora do projeto.<\/p>\n<p>Na sess\u00e3o, n\u00e3o houve leitura e discuss\u00e3o de requerimentos e mo\u00e7\u00f5es. Ao final, o presidente Ca\u00e7ula (Helson Barbosa de Souza) abriu espa\u00e7o para os assuntos particulares. Os projetos em sua \u00edntegra podem ser vistos atrav\u00e9s do site: www.camaracatalao.go.gov.br, no Menu Mat\u00e9ria Legislativa e clicando na foto do vereador escolhido.<\/p>\n<p>Fonte: Ascom \/ C\u00e2mara de Catal\u00e3o<br \/>\n<\/p>\n","protected":false},"excerpt":{"rendered":"<p>\u201cMarc\u00e3o da Coruja acha que a administra\u00e7\u00e3o p\u00fablica \u00e9 um circo. Fica brincando de vai e volta. O que est\u00e1 por tr\u00e1z dessa brincadeira de mal gosto, do Marc\u00e3o da Coruja entre secretaria da Agricultura e C\u00e2mara de Vereadores\u201d? Na tarde do dia (2) de julho, os parlamentares da C\u00e2mara Municipal de Vereadores de Catal\u00e3o,<\/p>\n","protected":false},"author":2,"featured_media":7225,"comment_status":"open","ping_status":"open","sticky":false,"template":"","format":"standard","meta":{"footnotes":""},"categories":[27,22,26,23],"tags":[],"class_list":["post-7224","post","type-post","status-publish","format-standard","has-post-thumbnail","hentry","category-brasil","category-catalao","category-destaque","category-goias"],"yoast_head":"<!-- This site is optimized with the Yoast SEO plugin v25.8 - https:\/\/yoast.com\/wordpress\/plugins\/seo\/ -->\n<title>C\u00e2mara de Catal\u00e3o teve nova troca de cadeira entre Marc\u00e3o da Coruja e Maciel do tudo Caipira - Jornal Ultimos Acontecimentos<\/title>\n<meta name=\"robots\" content=\"index, follow, max-snippet:-1, max-image-preview:large, max-video-preview:-1\" \/>\n<link rel=\"canonical\" href=\"https:\/\/juacontecimentos.com.br\/site\/camara-de-catalao-teve-nova-troca-de-cadeira-entre-marcao-da-coruja-e-maciel-do-tudo-caipira\/\" \/>\n<meta property=\"og:locale\" content=\"pt_BR\" \/>\n<meta property=\"og:type\" content=\"article\" \/>\n<meta property=\"og:title\" content=\"C\u00e2mara de Catal\u00e3o teve nova troca de cadeira entre Marc\u00e3o da Coruja e Maciel do tudo Caipira - Jornal Ultimos Acontecimentos\" \/>\n<meta property=\"og:description\" content=\"\u201cMarc\u00e3o da Coruja acha que a administra\u00e7\u00e3o p\u00fablica \u00e9 um circo. Fica brincando de vai e volta. O que est\u00e1 por tr\u00e1z dessa brincadeira de mal gosto, do Marc\u00e3o da Coruja entre secretaria da Agricultura e C\u00e2mara de Vereadores\u201d? Na tarde do dia (2) de julho, os parlamentares da C\u00e2mara Municipal de Vereadores de Catal\u00e3o,\" \/>\n<meta property=\"og:url\" content=\"https:\/\/juacontecimentos.com.br\/site\/camara-de-catalao-teve-nova-troca-de-cadeira-entre-marcao-da-coruja-e-maciel-do-tudo-caipira\/\" \/>\n<meta property=\"og:site_name\" content=\"Jornal Ultimos Acontecimentos\" \/>\n<meta property=\"article:publisher\" content=\"https:\/\/www.facebook.com\/jultimosacontecimentos\/\" \/>\n<meta property=\"article:published_time\" content=\"2019-07-03T22:48:19+00:00\" \/>\n<meta property=\"og:image\" content=\"https:\/\/juacontecimentos.com.br\/site\/wp-content\/uploads\/2019\/07\/426786eb-6ae9-4887-adb4-c6b8a45d0923-e1562169910247.jpg\" \/>\n\t<meta property=\"og:image:width\" content=\"1000\" \/>\n\t<meta property=\"og:image:height\" content=\"750\" \/>\n\t<meta property=\"og:image:type\" content=\"image\/jpeg\" \/>\n<meta name=\"author\" content=\"Reginaldo Ribeiro\" \/>\n<meta name=\"twitter:card\" content=\"summary_large_image\" \/>\n<meta name=\"twitter:label1\" content=\"Escrito por\" \/>\n\t<meta name=\"twitter:data1\" content=\"Reginaldo Ribeiro\" \/>\n\t<meta name=\"twitter:label2\" content=\"Est. tempo de leitura\" \/>\n\t<meta name=\"twitter:data2\" content=\"4 minutos\" \/>\n<script type=\"application\/ld+json\" class=\"yoast-schema-graph\">{\"@context\":\"https:\/\/schema.org\",\"@graph\":[{\"@type\":\"Article\",\"@id\":\"https:\/\/juacontecimentos.com.br\/site\/camara-de-catalao-teve-nova-troca-de-cadeira-entre-marcao-da-coruja-e-maciel-do-tudo-caipira\/#article\",\"isPartOf\":{\"@id\":\"https:\/\/juacontecimentos.com.br\/site\/camara-de-catalao-teve-nova-troca-de-cadeira-entre-marcao-da-coruja-e-maciel-do-tudo-caipira\/\"},\"author\":{\"name\":\"Reginaldo Ribeiro\",\"@id\":\"https:\/\/juacontecimentos.com.br\/site\/#\/schema\/person\/082a54e6d3fdd7a633291428521c9669\"},\"headline\":\"C\u00e2mara de Catal\u00e3o teve nova troca de cadeira entre Marc\u00e3o da Coruja e Maciel do tudo Caipira\",\"datePublished\":\"2019-07-03T22:48:19+00:00\",\"mainEntityOfPage\":{\"@id\":\"https:\/\/juacontecimentos.com.br\/site\/camara-de-catalao-teve-nova-troca-de-cadeira-entre-marcao-da-coruja-e-maciel-do-tudo-caipira\/\"},\"wordCount\":780,\"commentCount\":0,\"publisher\":{\"@id\":\"https:\/\/juacontecimentos.com.br\/site\/#organization\"},\"image\":{\"@id\":\"https:\/\/juacontecimentos.com.br\/site\/camara-de-catalao-teve-nova-troca-de-cadeira-entre-marcao-da-coruja-e-maciel-do-tudo-caipira\/#primaryimage\"},\"thumbnailUrl\":\"https:\/\/juacontecimentos.com.br\/site\/wp-content\/uploads\/2019\/07\/426786eb-6ae9-4887-adb4-c6b8a45d0923-e1562169910247.jpg\",\"articleSection\":[\"Brasil\",\"Catal\u00e3o\",\"Destaque\",\"Goi\u00e1s\"],\"inLanguage\":\"pt-BR\"},{\"@type\":\"WebPage\",\"@id\":\"https:\/\/juacontecimentos.com.br\/site\/camara-de-catalao-teve-nova-troca-de-cadeira-entre-marcao-da-coruja-e-maciel-do-tudo-caipira\/\",\"url\":\"https:\/\/juacontecimentos.com.br\/site\/camara-de-catalao-teve-nova-troca-de-cadeira-entre-marcao-da-coruja-e-maciel-do-tudo-caipira\/\",\"name\":\"C\u00e2mara de Catal\u00e3o teve nova troca de cadeira entre Marc\u00e3o da Coruja e Maciel do tudo Caipira - Jornal Ultimos Acontecimentos\",\"isPartOf\":{\"@id\":\"https:\/\/juacontecimentos.com.br\/site\/#website\"},\"primaryImageOfPage\":{\"@id\":\"https:\/\/juacontecimentos.com.br\/site\/camara-de-catalao-teve-nova-troca-de-cadeira-entre-marcao-da-coruja-e-maciel-do-tudo-caipira\/#primaryimage\"},\"image\":{\"@id\":\"https:\/\/juacontecimentos.com.br\/site\/camara-de-catalao-teve-nova-troca-de-cadeira-entre-marcao-da-coruja-e-maciel-do-tudo-caipira\/#primaryimage\"},\"thumbnailUrl\":\"https:\/\/juacontecimentos.com.br\/site\/wp-content\/uploads\/2019\/07\/426786eb-6ae9-4887-adb4-c6b8a45d0923-e1562169910247.jpg\",\"datePublished\":\"2019-07-03T22:48:19+00:00\",\"breadcrumb\":{\"@id\":\"https:\/\/juacontecimentos.com.br\/site\/camara-de-catalao-teve-nova-troca-de-cadeira-entre-marcao-da-coruja-e-maciel-do-tudo-caipira\/#breadcrumb\"},\"inLanguage\":\"pt-BR\",\"potentialAction\":[{\"@type\":\"ReadAction\",\"target\":[\"https:\/\/juacontecimentos.com.br\/site\/camara-de-catalao-teve-nova-troca-de-cadeira-entre-marcao-da-coruja-e-maciel-do-tudo-caipira\/\"]}]},{\"@type\":\"ImageObject\",\"inLanguage\":\"pt-BR\",\"@id\":\"https:\/\/juacontecimentos.com.br\/site\/camara-de-catalao-teve-nova-troca-de-cadeira-entre-marcao-da-coruja-e-maciel-do-tudo-caipira\/#primaryimage\",\"url\":\"https:\/\/juacontecimentos.com.br\/site\/wp-content\/uploads\/2019\/07\/426786eb-6ae9-4887-adb4-c6b8a45d0923-e1562169910247.jpg\",\"contentUrl\":\"https:\/\/juacontecimentos.com.br\/site\/wp-content\/uploads\/2019\/07\/426786eb-6ae9-4887-adb4-c6b8a45d0923-e1562169910247.jpg\",\"width\":1000,\"height\":750},{\"@type\":\"BreadcrumbList\",\"@id\":\"https:\/\/juacontecimentos.com.br\/site\/camara-de-catalao-teve-nova-troca-de-cadeira-entre-marcao-da-coruja-e-maciel-do-tudo-caipira\/#breadcrumb\",\"itemListElement\":[{\"@type\":\"ListItem\",\"position\":1,\"name\":\"In\u00edcio\",\"item\":\"https:\/\/juacontecimentos.com.br\/site\/\"},{\"@type\":\"ListItem\",\"position\":2,\"name\":\"C\u00e2mara de Catal\u00e3o teve nova troca de cadeira entre Marc\u00e3o da Coruja e Maciel do tudo Caipira\"}]},{\"@type\":\"WebSite\",\"@id\":\"https:\/\/juacontecimentos.com.br\/site\/#website\",\"url\":\"https:\/\/juacontecimentos.com.br\/site\/\",\"name\":\"Jornal Ultimos Acontecimentos\",\"description\":\"Catal\u00e3o e regi\u00e3o\",\"publisher\":{\"@id\":\"https:\/\/juacontecimentos.com.br\/site\/#organization\"},\"potentialAction\":[{\"@type\":\"SearchAction\",\"target\":{\"@type\":\"EntryPoint\",\"urlTemplate\":\"https:\/\/juacontecimentos.com.br\/site\/?s={search_term_string}\"},\"query-input\":{\"@type\":\"PropertyValueSpecification\",\"valueRequired\":true,\"valueName\":\"search_term_string\"}}],\"inLanguage\":\"pt-BR\"},{\"@type\":\"Organization\",\"@id\":\"https:\/\/juacontecimentos.com.br\/site\/#organization\",\"name\":\"Jornal Ultimos Acontecimentos\",\"url\":\"https:\/\/juacontecimentos.com.br\/site\/\",\"logo\":{\"@type\":\"ImageObject\",\"inLanguage\":\"pt-BR\",\"@id\":\"https:\/\/juacontecimentos.com.br\/site\/#\/schema\/logo\/image\/\",\"url\":\"https:\/\/juacontecimentos.com.br\/site\/wp-content\/uploads\/2023\/04\/Logo_Site.png\",\"contentUrl\":\"https:\/\/juacontecimentos.com.br\/site\/wp-content\/uploads\/2023\/04\/Logo_Site.png\",\"width\":2476,\"height\":530,\"caption\":\"Jornal Ultimos Acontecimentos\"},\"image\":{\"@id\":\"https:\/\/juacontecimentos.com.br\/site\/#\/schema\/logo\/image\/\"},\"sameAs\":[\"https:\/\/www.facebook.com\/jultimosacontecimentos\/\"]},{\"@type\":\"Person\",\"@id\":\"https:\/\/juacontecimentos.com.br\/site\/#\/schema\/person\/082a54e6d3fdd7a633291428521c9669\",\"name\":\"Reginaldo Ribeiro\",\"image\":{\"@type\":\"ImageObject\",\"inLanguage\":\"pt-BR\",\"@id\":\"https:\/\/juacontecimentos.com.br\/site\/#\/schema\/person\/image\/\",\"url\":\"https:\/\/secure.gravatar.com\/avatar\/5c16c6837c3490270a74d888c2a845728f06bdde1f8761de1de1d1d1ef82d12f?s=96&d=mm&r=g\",\"contentUrl\":\"https:\/\/secure.gravatar.com\/avatar\/5c16c6837c3490270a74d888c2a845728f06bdde1f8761de1de1d1d1ef82d12f?s=96&d=mm&r=g\",\"caption\":\"Reginaldo Ribeiro\"}}]}<\/script>\n<!-- \/ Yoast SEO plugin. -->","yoast_head_json":{"title":"C\u00e2mara de Catal\u00e3o teve nova troca de cadeira entre Marc\u00e3o da Coruja e Maciel do tudo Caipira - Jornal Ultimos Acontecimentos","robots":{"index":"index","follow":"follow","max-snippet":"max-snippet:-1","max-image-preview":"max-image-preview:large","max-video-preview":"max-video-preview:-1"},"canonical":"https:\/\/juacontecimentos.com.br\/site\/camara-de-catalao-teve-nova-troca-de-cadeira-entre-marcao-da-coruja-e-maciel-do-tudo-caipira\/","og_locale":"pt_BR","og_type":"article","og_title":"C\u00e2mara de Catal\u00e3o teve nova troca de cadeira entre Marc\u00e3o da Coruja e Maciel do tudo Caipira - Jornal Ultimos Acontecimentos","og_description":"\u201cMarc\u00e3o da Coruja acha que a administra\u00e7\u00e3o p\u00fablica \u00e9 um circo. Fica brincando de vai e volta. O que est\u00e1 por tr\u00e1z dessa brincadeira de mal gosto, do Marc\u00e3o da Coruja entre secretaria da Agricultura e C\u00e2mara de Vereadores\u201d? Na tarde do dia (2) de julho, os parlamentares da C\u00e2mara Municipal de Vereadores de Catal\u00e3o,","og_url":"https:\/\/juacontecimentos.com.br\/site\/camara-de-catalao-teve-nova-troca-de-cadeira-entre-marcao-da-coruja-e-maciel-do-tudo-caipira\/","og_site_name":"Jornal Ultimos Acontecimentos","article_publisher":"https:\/\/www.facebook.com\/jultimosacontecimentos\/","article_published_time":"2019-07-03T22:48:19+00:00","og_image":[{"width":1000,"height":750,"url":"https:\/\/juacontecimentos.com.br\/site\/wp-content\/uploads\/2019\/07\/426786eb-6ae9-4887-adb4-c6b8a45d0923-e1562169910247.jpg","type":"image\/jpeg"}],"author":"Reginaldo Ribeiro","twitter_card":"summary_large_image","twitter_misc":{"Escrito por":"Reginaldo Ribeiro","Est. tempo de leitura":"4 minutos"},"schema":{"@context":"https:\/\/schema.org","@graph":[{"@type":"Article","@id":"https:\/\/juacontecimentos.com.br\/site\/camara-de-catalao-teve-nova-troca-de-cadeira-entre-marcao-da-coruja-e-maciel-do-tudo-caipira\/#article","isPartOf":{"@id":"https:\/\/juacontecimentos.com.br\/site\/camara-de-catalao-teve-nova-troca-de-cadeira-entre-marcao-da-coruja-e-maciel-do-tudo-caipira\/"},"author":{"name":"Reginaldo Ribeiro","@id":"https:\/\/juacontecimentos.com.br\/site\/#\/schema\/person\/082a54e6d3fdd7a633291428521c9669"},"headline":"C\u00e2mara de Catal\u00e3o teve nova troca de cadeira entre Marc\u00e3o da Coruja e Maciel do tudo Caipira","datePublished":"2019-07-03T22:48:19+00:00","mainEntityOfPage":{"@id":"https:\/\/juacontecimentos.com.br\/site\/camara-de-catalao-teve-nova-troca-de-cadeira-entre-marcao-da-coruja-e-maciel-do-tudo-caipira\/"},"wordCount":780,"commentCount":0,"publisher":{"@id":"https:\/\/juacontecimentos.com.br\/site\/#organization"},"image":{"@id":"https:\/\/juacontecimentos.com.br\/site\/camara-de-catalao-teve-nova-troca-de-cadeira-entre-marcao-da-coruja-e-maciel-do-tudo-caipira\/#primaryimage"},"thumbnailUrl":"https:\/\/juacontecimentos.com.br\/site\/wp-content\/uploads\/2019\/07\/426786eb-6ae9-4887-adb4-c6b8a45d0923-e1562169910247.jpg","articleSection":["Brasil","Catal\u00e3o","Destaque","Goi\u00e1s"],"inLanguage":"pt-BR"},{"@type":"WebPage","@id":"https:\/\/juacontecimentos.com.br\/site\/camara-de-catalao-teve-nova-troca-de-cadeira-entre-marcao-da-coruja-e-maciel-do-tudo-caipira\/","url":"https:\/\/juacontecimentos.com.br\/site\/camara-de-catalao-teve-nova-troca-de-cadeira-entre-marcao-da-coruja-e-maciel-do-tudo-caipira\/","name":"C\u00e2mara de Catal\u00e3o teve nova troca de cadeira entre Marc\u00e3o da Coruja e Maciel do tudo Caipira - Jornal Ultimos Acontecimentos","isPartOf":{"@id":"https:\/\/juacontecimentos.com.br\/site\/#website"},"primaryImageOfPage":{"@id":"https:\/\/juacontecimentos.com.br\/site\/camara-de-catalao-teve-nova-troca-de-cadeira-entre-marcao-da-coruja-e-maciel-do-tudo-caipira\/#primaryimage"},"image":{"@id":"https:\/\/juacontecimentos.com.br\/site\/camara-de-catalao-teve-nova-troca-de-cadeira-entre-marcao-da-coruja-e-maciel-do-tudo-caipira\/#primaryimage"},"thumbnailUrl":"https:\/\/juacontecimentos.com.br\/site\/wp-content\/uploads\/2019\/07\/426786eb-6ae9-4887-adb4-c6b8a45d0923-e1562169910247.jpg","datePublished":"2019-07-03T22:48:19+00:00","breadcrumb":{"@id":"https:\/\/juacontecimentos.com.br\/site\/camara-de-catalao-teve-nova-troca-de-cadeira-entre-marcao-da-coruja-e-maciel-do-tudo-caipira\/#breadcrumb"},"inLanguage":"pt-BR","potentialAction":[{"@type":"ReadAction","target":["https:\/\/juacontecimentos.com.br\/site\/camara-de-catalao-teve-nova-troca-de-cadeira-entre-marcao-da-coruja-e-maciel-do-tudo-caipira\/"]}]},{"@type":"ImageObject","inLanguage":"pt-BR","@id":"https:\/\/juacontecimentos.com.br\/site\/camara-de-catalao-teve-nova-troca-de-cadeira-entre-marcao-da-coruja-e-maciel-do-tudo-caipira\/#primaryimage","url":"https:\/\/juacontecimentos.com.br\/site\/wp-content\/uploads\/2019\/07\/426786eb-6ae9-4887-adb4-c6b8a45d0923-e1562169910247.jpg","contentUrl":"https:\/\/juacontecimentos.com.br\/site\/wp-content\/uploads\/2019\/07\/426786eb-6ae9-4887-adb4-c6b8a45d0923-e1562169910247.jpg","width":1000,"height":750},{"@type":"BreadcrumbList","@id":"https:\/\/juacontecimentos.com.br\/site\/camara-de-catalao-teve-nova-troca-de-cadeira-entre-marcao-da-coruja-e-maciel-do-tudo-caipira\/#breadcrumb","itemListElement":[{"@type":"ListItem","position":1,"name":"In\u00edcio","item":"https:\/\/juacontecimentos.com.br\/site\/"},{"@type":"ListItem","position":2,"name":"C\u00e2mara de Catal\u00e3o teve nova troca de cadeira entre Marc\u00e3o da Coruja e Maciel do tudo Caipira"}]},{"@type":"WebSite","@id":"https:\/\/juacontecimentos.com.br\/site\/#website","url":"https:\/\/juacontecimentos.com.br\/site\/","name":"Jornal Ultimos Acontecimentos","description":"Catal\u00e3o e regi\u00e3o","publisher":{"@id":"https:\/\/juacontecimentos.com.br\/site\/#organization"},"potentialAction":[{"@type":"SearchAction","target":{"@type":"EntryPoint","urlTemplate":"https:\/\/juacontecimentos.com.br\/site\/?s={search_term_string}"},"query-input":{"@type":"PropertyValueSpecification","valueRequired":true,"valueName":"search_term_string"}}],"inLanguage":"pt-BR"},{"@type":"Organization","@id":"https:\/\/juacontecimentos.com.br\/site\/#organization","name":"Jornal Ultimos Acontecimentos","url":"https:\/\/juacontecimentos.com.br\/site\/","logo":{"@type":"ImageObject","inLanguage":"pt-BR","@id":"https:\/\/juacontecimentos.com.br\/site\/#\/schema\/logo\/image\/","url":"https:\/\/juacontecimentos.com.br\/site\/wp-content\/uploads\/2023\/04\/Logo_Site.png","contentUrl":"https:\/\/juacontecimentos.com.br\/site\/wp-content\/uploads\/2023\/04\/Logo_Site.png","width":2476,"height":530,"caption":"Jornal Ultimos Acontecimentos"},"image":{"@id":"https:\/\/juacontecimentos.com.br\/site\/#\/schema\/logo\/image\/"},"sameAs":["https:\/\/www.facebook.com\/jultimosacontecimentos\/"]},{"@type":"Person","@id":"https:\/\/juacontecimentos.com.br\/site\/#\/schema\/person\/082a54e6d3fdd7a633291428521c9669","name":"Reginaldo Ribeiro","image":{"@type":"ImageObject","inLanguage":"pt-BR","@id":"https:\/\/juacontecimentos.com.br\/site\/#\/schema\/person\/image\/","url":"https:\/\/secure.gravatar.com\/avatar\/5c16c6837c3490270a74d888c2a845728f06bdde1f8761de1de1d1d1ef82d12f?s=96&d=mm&r=g","contentUrl":"https:\/\/secure.gravatar.com\/avatar\/5c16c6837c3490270a74d888c2a845728f06bdde1f8761de1de1d1d1ef82d12f?s=96&d=mm&r=g","caption":"Reginaldo Ribeiro"}}]}},"_links":{"self":[{"href":"https:\/\/juacontecimentos.com.br\/site\/wp-json\/wp\/v2\/posts\/7224","targetHints":{"allow":["GET"]}}],"collection":[{"href":"https:\/\/juacontecimentos.com.br\/site\/wp-json\/wp\/v2\/posts"}],"about":[{"href":"https:\/\/juacontecimentos.com.br\/site\/wp-json\/wp\/v2\/types\/post"}],"author":[{"embeddable":true,"href":"https:\/\/juacontecimentos.com.br\/site\/wp-json\/wp\/v2\/users\/2"}],"replies":[{"embeddable":true,"href":"https:\/\/juacontecimentos.com.br\/site\/wp-json\/wp\/v2\/comments?post=7224"}],"version-history":[{"count":2,"href":"https:\/\/juacontecimentos.com.br\/site\/wp-json\/wp\/v2\/posts\/7224\/revisions"}],"predecessor-version":[{"id":7235,"href":"https:\/\/juacontecimentos.com.br\/site\/wp-json\/wp\/v2\/posts\/7224\/revisions\/7235"}],"wp:featuredmedia":[{"embeddable":true,"href":"https:\/\/juacontecimentos.com.br\/site\/wp-json\/wp\/v2\/media\/7225"}],"wp:attachment":[{"href":"https:\/\/juacontecimentos.com.br\/site\/wp-json\/wp\/v2\/media?parent=7224"}],"wp:term":[{"taxonomy":"category","embeddable":true,"href":"https:\/\/juacontecimentos.com.br\/site\/wp-json\/wp\/v2\/categories?post=7224"},{"taxonomy":"post_tag","embeddable":true,"href":"https:\/\/juacontecimentos.com.br\/site\/wp-json\/wp\/v2\/tags?post=7224"}],"curies":[{"name":"wp","href":"https:\/\/api.w.org\/{rel}","templated":true}]}}