{"id":7304,"date":"2019-07-16T06:03:17","date_gmt":"2019-07-16T09:03:17","guid":{"rendered":"http:\/\/juacontecimentos.com.br\/site\/?p=7304"},"modified":"2019-07-16T06:03:17","modified_gmt":"2019-07-16T09:03:17","slug":"parentes-de-trabalhadores-que-morreram-em-brumadinho-irao-receber-r-700-mil-de-indenizacao","status":"publish","type":"post","link":"https:\/\/juacontecimentos.com.br\/site\/parentes-de-trabalhadores-que-morreram-em-brumadinho-irao-receber-r-700-mil-de-indenizacao\/","title":{"rendered":"Parentes de trabalhadores que morreram em Brumadinho ir\u00e3o receber R$ 700 mil de indeniza\u00e7\u00e3o"},"content":{"rendered":"<p>O Minist\u00e9rio P\u00fablico do Trabalho (MPT) e a Vale S.A assinaram um acordo em que se estabeleceu quais obriga\u00e7\u00f5es que a empresa dever\u00e1 assumir para reparar os danos morais e materiais decorrentes do rompimento da barragem de C\u00f3rrego do Feij\u00e3o, em Brumadinho. O documento foi homologado nesta segunda-feira (15), na 5\u00aa Vara do Trabalho de Betim.<\/p>\n<p>De acordo com o MPT, c\u00f4njuge ou companheiro, filho, m\u00e3e e pai de trabalhador que morreu na trag\u00e9dia v\u00e3o receber individualmente R$ 700 mil, sendo R$ 500 mil para reparar o dano moral e R$ 200 mil a t\u00edtulo de seguro adicional por acidente de trabalho. Irm\u00e3os das v\u00edtimas receber\u00e3o individualmente R$ 150 mil por dano moral.<\/p>\n<p>No caso da repara\u00e7\u00e3o de dano material, o dependente do falecido receber\u00e1 pens\u00e3o mensal vital\u00edcia. O acordo fixa indeniza\u00e7\u00e3o m\u00ednima de R$ 800 mil, ainda que a renda mensal acumulada do trabalhador falecido n\u00e3o alcance tal proje\u00e7\u00e3o, de acordo com o MPT.<\/p>\n<p>Para o pagamento antecipado da indeniza\u00e7\u00e3o, em \u00fanica parcela, ser\u00e1 aplicado des\u00e1gio de 6% ao ano. A previs\u00e3o \u00e9 que o\u00a0dano moral coletivo seja\u00a0reparado com o pagamento de R$ 400 milh\u00f5es\u00a0no dia 6 de agosto de 2019.<\/p>\n<p><strong>Plano de sa\u00fade<\/strong><\/p>\n<p>A empresa dever\u00e1 arcar tamb\u00e9m com plano m\u00e9dico vital\u00edcio e sem coparticipa\u00e7\u00e3o para os c\u00f4njuges de empregados pr\u00f3prios e terceirizados. O plano tamb\u00e9m dever\u00e1 ser pago para filhos dos trabalhadores at\u00e9 a idade de 25 anos. Para pais e m\u00e3es de falecidos, o acordo contempla atendimento m\u00e9dico, psicol\u00f3gico, psiqui\u00e1trico p\u00f3s traum\u00e1tico na rede credenciada at\u00e9 a alta m\u00e9dica.<\/p>\n<p>O acordo tamb\u00e9m prev\u00ea estabilidade no emprego de tr\u00eas anos para o empregados da Vale e terceirizados que estavam trabalhando na Mina de C\u00f3rrego do Feij\u00e3o, na data do desastre, em 25 de janeiro deste ano. A mineradora ter\u00e1 de arcar ainda com pagamento de aux\u00edlio creche, no valor de R$ 920, para filhos com at\u00e9 3 anos de idade, e aux\u00edlio educa\u00e7\u00e3o, no valor de R$ 998, para filhos com at\u00e9 25 anos de idade.<\/p>\n<p>A trag\u00e9dia em Brumadinho provocou ao menos a morte de 248 pessoas. Outras 22 permanecem desaparecidas.<\/p>\n<p>Por meio de nota, a Vale confirmou todas as informa\u00e7\u00f5es divulgadas pelo MPT. A mineradora informou tamb\u00e9m que o\u00a0acordo determinou a libera\u00e7\u00e3o do valor de R$ 1,6 bilh\u00e3o inicialmente bloqueado da Vale.<br \/>\n<\/p>\n","protected":false},"excerpt":{"rendered":"<p>O Minist\u00e9rio P\u00fablico do Trabalho (MPT) e a Vale S.A assinaram um acordo em que se estabeleceu quais obriga\u00e7\u00f5es que a empresa dever\u00e1 assumir para reparar os danos morais e materiais decorrentes do rompimento da barragem de C\u00f3rrego do Feij\u00e3o, em Brumadinho. O documento foi homologado nesta segunda-feira (15), na 5\u00aa Vara do Trabalho de<\/p>\n","protected":false},"author":2,"featured_media":7305,"comment_status":"open","ping_status":"open","sticky":false,"template":"","format":"standard","meta":{"footnotes":""},"categories":[27,22,26,23],"tags":[],"class_list":["post-7304","post","type-post","status-publish","format-standard","has-post-thumbnail","hentry","category-brasil","category-catalao","category-destaque","category-goias"],"yoast_head":"<!-- This site is optimized with the Yoast SEO plugin v25.8 - https:\/\/yoast.com\/wordpress\/plugins\/seo\/ -->\n<title>Parentes de trabalhadores que morreram em Brumadinho ir\u00e3o receber R$ 700 mil de indeniza\u00e7\u00e3o - Jornal Ultimos Acontecimentos<\/title>\n<meta name=\"robots\" content=\"index, follow, max-snippet:-1, max-image-preview:large, max-video-preview:-1\" \/>\n<link rel=\"canonical\" href=\"https:\/\/juacontecimentos.com.br\/site\/parentes-de-trabalhadores-que-morreram-em-brumadinho-irao-receber-r-700-mil-de-indenizacao\/\" \/>\n<meta property=\"og:locale\" content=\"pt_BR\" \/>\n<meta property=\"og:type\" content=\"article\" \/>\n<meta property=\"og:title\" content=\"Parentes de trabalhadores que morreram em Brumadinho ir\u00e3o receber R$ 700 mil de indeniza\u00e7\u00e3o - Jornal Ultimos Acontecimentos\" \/>\n<meta property=\"og:description\" content=\"O Minist\u00e9rio P\u00fablico do Trabalho (MPT) e a Vale S.A assinaram um acordo em que se estabeleceu quais obriga\u00e7\u00f5es que a empresa dever\u00e1 assumir para reparar os danos morais e materiais decorrentes do rompimento da barragem de C\u00f3rrego do Feij\u00e3o, em Brumadinho. O documento foi homologado nesta segunda-feira (15), na 5\u00aa Vara do Trabalho de\" \/>\n<meta property=\"og:url\" content=\"https:\/\/juacontecimentos.com.br\/site\/parentes-de-trabalhadores-que-morreram-em-brumadinho-irao-receber-r-700-mil-de-indenizacao\/\" \/>\n<meta property=\"og:site_name\" content=\"Jornal Ultimos Acontecimentos\" \/>\n<meta property=\"article:publisher\" content=\"https:\/\/www.facebook.com\/jultimosacontecimentos\/\" \/>\n<meta property=\"article:published_time\" content=\"2019-07-16T09:03:17+00:00\" \/>\n<meta property=\"og:image\" content=\"https:\/\/juacontecimentos.com.br\/site\/wp-content\/uploads\/2019\/07\/images.jpeg\" \/>\n\t<meta property=\"og:image:width\" content=\"678\" \/>\n\t<meta property=\"og:image:height\" content=\"452\" \/>\n\t<meta property=\"og:image:type\" content=\"image\/jpeg\" \/>\n<meta name=\"author\" content=\"Reginaldo Ribeiro\" \/>\n<meta name=\"twitter:card\" content=\"summary_large_image\" \/>\n<meta name=\"twitter:label1\" content=\"Escrito por\" \/>\n\t<meta name=\"twitter:data1\" content=\"Reginaldo Ribeiro\" \/>\n\t<meta name=\"twitter:label2\" content=\"Est. tempo de leitura\" \/>\n\t<meta name=\"twitter:data2\" content=\"2 minutos\" \/>\n<script type=\"application\/ld+json\" class=\"yoast-schema-graph\">{\"@context\":\"https:\/\/schema.org\",\"@graph\":[{\"@type\":\"Article\",\"@id\":\"https:\/\/juacontecimentos.com.br\/site\/parentes-de-trabalhadores-que-morreram-em-brumadinho-irao-receber-r-700-mil-de-indenizacao\/#article\",\"isPartOf\":{\"@id\":\"https:\/\/juacontecimentos.com.br\/site\/parentes-de-trabalhadores-que-morreram-em-brumadinho-irao-receber-r-700-mil-de-indenizacao\/\"},\"author\":{\"name\":\"Reginaldo Ribeiro\",\"@id\":\"https:\/\/juacontecimentos.com.br\/site\/#\/schema\/person\/082a54e6d3fdd7a633291428521c9669\"},\"headline\":\"Parentes de trabalhadores que morreram em Brumadinho ir\u00e3o receber R$ 700 mil de indeniza\u00e7\u00e3o\",\"datePublished\":\"2019-07-16T09:03:17+00:00\",\"mainEntityOfPage\":{\"@id\":\"https:\/\/juacontecimentos.com.br\/site\/parentes-de-trabalhadores-que-morreram-em-brumadinho-irao-receber-r-700-mil-de-indenizacao\/\"},\"wordCount\":427,\"commentCount\":0,\"publisher\":{\"@id\":\"https:\/\/juacontecimentos.com.br\/site\/#organization\"},\"image\":{\"@id\":\"https:\/\/juacontecimentos.com.br\/site\/parentes-de-trabalhadores-que-morreram-em-brumadinho-irao-receber-r-700-mil-de-indenizacao\/#primaryimage\"},\"thumbnailUrl\":\"https:\/\/juacontecimentos.com.br\/site\/wp-content\/uploads\/2019\/07\/images.jpeg\",\"articleSection\":[\"Brasil\",\"Catal\u00e3o\",\"Destaque\",\"Goi\u00e1s\"],\"inLanguage\":\"pt-BR\"},{\"@type\":\"WebPage\",\"@id\":\"https:\/\/juacontecimentos.com.br\/site\/parentes-de-trabalhadores-que-morreram-em-brumadinho-irao-receber-r-700-mil-de-indenizacao\/\",\"url\":\"https:\/\/juacontecimentos.com.br\/site\/parentes-de-trabalhadores-que-morreram-em-brumadinho-irao-receber-r-700-mil-de-indenizacao\/\",\"name\":\"Parentes de trabalhadores que morreram em Brumadinho ir\u00e3o receber R$ 700 mil de indeniza\u00e7\u00e3o - Jornal Ultimos Acontecimentos\",\"isPartOf\":{\"@id\":\"https:\/\/juacontecimentos.com.br\/site\/#website\"},\"primaryImageOfPage\":{\"@id\":\"https:\/\/juacontecimentos.com.br\/site\/parentes-de-trabalhadores-que-morreram-em-brumadinho-irao-receber-r-700-mil-de-indenizacao\/#primaryimage\"},\"image\":{\"@id\":\"https:\/\/juacontecimentos.com.br\/site\/parentes-de-trabalhadores-que-morreram-em-brumadinho-irao-receber-r-700-mil-de-indenizacao\/#primaryimage\"},\"thumbnailUrl\":\"https:\/\/juacontecimentos.com.br\/site\/wp-content\/uploads\/2019\/07\/images.jpeg\",\"datePublished\":\"2019-07-16T09:03:17+00:00\",\"breadcrumb\":{\"@id\":\"https:\/\/juacontecimentos.com.br\/site\/parentes-de-trabalhadores-que-morreram-em-brumadinho-irao-receber-r-700-mil-de-indenizacao\/#breadcrumb\"},\"inLanguage\":\"pt-BR\",\"potentialAction\":[{\"@type\":\"ReadAction\",\"target\":[\"https:\/\/juacontecimentos.com.br\/site\/parentes-de-trabalhadores-que-morreram-em-brumadinho-irao-receber-r-700-mil-de-indenizacao\/\"]}]},{\"@type\":\"ImageObject\",\"inLanguage\":\"pt-BR\",\"@id\":\"https:\/\/juacontecimentos.com.br\/site\/parentes-de-trabalhadores-que-morreram-em-brumadinho-irao-receber-r-700-mil-de-indenizacao\/#primaryimage\",\"url\":\"https:\/\/juacontecimentos.com.br\/site\/wp-content\/uploads\/2019\/07\/images.jpeg\",\"contentUrl\":\"https:\/\/juacontecimentos.com.br\/site\/wp-content\/uploads\/2019\/07\/images.jpeg\",\"width\":678,\"height\":452},{\"@type\":\"BreadcrumbList\",\"@id\":\"https:\/\/juacontecimentos.com.br\/site\/parentes-de-trabalhadores-que-morreram-em-brumadinho-irao-receber-r-700-mil-de-indenizacao\/#breadcrumb\",\"itemListElement\":[{\"@type\":\"ListItem\",\"position\":1,\"name\":\"In\u00edcio\",\"item\":\"https:\/\/juacontecimentos.com.br\/site\/\"},{\"@type\":\"ListItem\",\"position\":2,\"name\":\"Parentes de trabalhadores que morreram em Brumadinho ir\u00e3o receber R$ 700 mil de indeniza\u00e7\u00e3o\"}]},{\"@type\":\"WebSite\",\"@id\":\"https:\/\/juacontecimentos.com.br\/site\/#website\",\"url\":\"https:\/\/juacontecimentos.com.br\/site\/\",\"name\":\"Jornal Ultimos Acontecimentos\",\"description\":\"Catal\u00e3o e regi\u00e3o\",\"publisher\":{\"@id\":\"https:\/\/juacontecimentos.com.br\/site\/#organization\"},\"potentialAction\":[{\"@type\":\"SearchAction\",\"target\":{\"@type\":\"EntryPoint\",\"urlTemplate\":\"https:\/\/juacontecimentos.com.br\/site\/?s={search_term_string}\"},\"query-input\":{\"@type\":\"PropertyValueSpecification\",\"valueRequired\":true,\"valueName\":\"search_term_string\"}}],\"inLanguage\":\"pt-BR\"},{\"@type\":\"Organization\",\"@id\":\"https:\/\/juacontecimentos.com.br\/site\/#organization\",\"name\":\"Jornal Ultimos Acontecimentos\",\"url\":\"https:\/\/juacontecimentos.com.br\/site\/\",\"logo\":{\"@type\":\"ImageObject\",\"inLanguage\":\"pt-BR\",\"@id\":\"https:\/\/juacontecimentos.com.br\/site\/#\/schema\/logo\/image\/\",\"url\":\"https:\/\/juacontecimentos.com.br\/site\/wp-content\/uploads\/2023\/04\/Logo_Site.png\",\"contentUrl\":\"https:\/\/juacontecimentos.com.br\/site\/wp-content\/uploads\/2023\/04\/Logo_Site.png\",\"width\":2476,\"height\":530,\"caption\":\"Jornal Ultimos Acontecimentos\"},\"image\":{\"@id\":\"https:\/\/juacontecimentos.com.br\/site\/#\/schema\/logo\/image\/\"},\"sameAs\":[\"https:\/\/www.facebook.com\/jultimosacontecimentos\/\"]},{\"@type\":\"Person\",\"@id\":\"https:\/\/juacontecimentos.com.br\/site\/#\/schema\/person\/082a54e6d3fdd7a633291428521c9669\",\"name\":\"Reginaldo Ribeiro\",\"image\":{\"@type\":\"ImageObject\",\"inLanguage\":\"pt-BR\",\"@id\":\"https:\/\/juacontecimentos.com.br\/site\/#\/schema\/person\/image\/\",\"url\":\"https:\/\/secure.gravatar.com\/avatar\/5c16c6837c3490270a74d888c2a845728f06bdde1f8761de1de1d1d1ef82d12f?s=96&d=mm&r=g\",\"contentUrl\":\"https:\/\/secure.gravatar.com\/avatar\/5c16c6837c3490270a74d888c2a845728f06bdde1f8761de1de1d1d1ef82d12f?s=96&d=mm&r=g\",\"caption\":\"Reginaldo Ribeiro\"}}]}<\/script>\n<!-- \/ Yoast SEO plugin. -->","yoast_head_json":{"title":"Parentes de trabalhadores que morreram em Brumadinho ir\u00e3o receber R$ 700 mil de indeniza\u00e7\u00e3o - Jornal Ultimos Acontecimentos","robots":{"index":"index","follow":"follow","max-snippet":"max-snippet:-1","max-image-preview":"max-image-preview:large","max-video-preview":"max-video-preview:-1"},"canonical":"https:\/\/juacontecimentos.com.br\/site\/parentes-de-trabalhadores-que-morreram-em-brumadinho-irao-receber-r-700-mil-de-indenizacao\/","og_locale":"pt_BR","og_type":"article","og_title":"Parentes de trabalhadores que morreram em Brumadinho ir\u00e3o receber R$ 700 mil de indeniza\u00e7\u00e3o - Jornal Ultimos Acontecimentos","og_description":"O Minist\u00e9rio P\u00fablico do Trabalho (MPT) e a Vale S.A assinaram um acordo em que se estabeleceu quais obriga\u00e7\u00f5es que a empresa dever\u00e1 assumir para reparar os danos morais e materiais decorrentes do rompimento da barragem de C\u00f3rrego do Feij\u00e3o, em Brumadinho. O documento foi homologado nesta segunda-feira (15), na 5\u00aa Vara do Trabalho de","og_url":"https:\/\/juacontecimentos.com.br\/site\/parentes-de-trabalhadores-que-morreram-em-brumadinho-irao-receber-r-700-mil-de-indenizacao\/","og_site_name":"Jornal Ultimos Acontecimentos","article_publisher":"https:\/\/www.facebook.com\/jultimosacontecimentos\/","article_published_time":"2019-07-16T09:03:17+00:00","og_image":[{"width":678,"height":452,"url":"https:\/\/juacontecimentos.com.br\/site\/wp-content\/uploads\/2019\/07\/images.jpeg","type":"image\/jpeg"}],"author":"Reginaldo Ribeiro","twitter_card":"summary_large_image","twitter_misc":{"Escrito por":"Reginaldo Ribeiro","Est. tempo de leitura":"2 minutos"},"schema":{"@context":"https:\/\/schema.org","@graph":[{"@type":"Article","@id":"https:\/\/juacontecimentos.com.br\/site\/parentes-de-trabalhadores-que-morreram-em-brumadinho-irao-receber-r-700-mil-de-indenizacao\/#article","isPartOf":{"@id":"https:\/\/juacontecimentos.com.br\/site\/parentes-de-trabalhadores-que-morreram-em-brumadinho-irao-receber-r-700-mil-de-indenizacao\/"},"author":{"name":"Reginaldo Ribeiro","@id":"https:\/\/juacontecimentos.com.br\/site\/#\/schema\/person\/082a54e6d3fdd7a633291428521c9669"},"headline":"Parentes de trabalhadores que morreram em Brumadinho ir\u00e3o receber R$ 700 mil de indeniza\u00e7\u00e3o","datePublished":"2019-07-16T09:03:17+00:00","mainEntityOfPage":{"@id":"https:\/\/juacontecimentos.com.br\/site\/parentes-de-trabalhadores-que-morreram-em-brumadinho-irao-receber-r-700-mil-de-indenizacao\/"},"wordCount":427,"commentCount":0,"publisher":{"@id":"https:\/\/juacontecimentos.com.br\/site\/#organization"},"image":{"@id":"https:\/\/juacontecimentos.com.br\/site\/parentes-de-trabalhadores-que-morreram-em-brumadinho-irao-receber-r-700-mil-de-indenizacao\/#primaryimage"},"thumbnailUrl":"https:\/\/juacontecimentos.com.br\/site\/wp-content\/uploads\/2019\/07\/images.jpeg","articleSection":["Brasil","Catal\u00e3o","Destaque","Goi\u00e1s"],"inLanguage":"pt-BR"},{"@type":"WebPage","@id":"https:\/\/juacontecimentos.com.br\/site\/parentes-de-trabalhadores-que-morreram-em-brumadinho-irao-receber-r-700-mil-de-indenizacao\/","url":"https:\/\/juacontecimentos.com.br\/site\/parentes-de-trabalhadores-que-morreram-em-brumadinho-irao-receber-r-700-mil-de-indenizacao\/","name":"Parentes de trabalhadores que morreram em Brumadinho ir\u00e3o receber R$ 700 mil de indeniza\u00e7\u00e3o - Jornal Ultimos Acontecimentos","isPartOf":{"@id":"https:\/\/juacontecimentos.com.br\/site\/#website"},"primaryImageOfPage":{"@id":"https:\/\/juacontecimentos.com.br\/site\/parentes-de-trabalhadores-que-morreram-em-brumadinho-irao-receber-r-700-mil-de-indenizacao\/#primaryimage"},"image":{"@id":"https:\/\/juacontecimentos.com.br\/site\/parentes-de-trabalhadores-que-morreram-em-brumadinho-irao-receber-r-700-mil-de-indenizacao\/#primaryimage"},"thumbnailUrl":"https:\/\/juacontecimentos.com.br\/site\/wp-content\/uploads\/2019\/07\/images.jpeg","datePublished":"2019-07-16T09:03:17+00:00","breadcrumb":{"@id":"https:\/\/juacontecimentos.com.br\/site\/parentes-de-trabalhadores-que-morreram-em-brumadinho-irao-receber-r-700-mil-de-indenizacao\/#breadcrumb"},"inLanguage":"pt-BR","potentialAction":[{"@type":"ReadAction","target":["https:\/\/juacontecimentos.com.br\/site\/parentes-de-trabalhadores-que-morreram-em-brumadinho-irao-receber-r-700-mil-de-indenizacao\/"]}]},{"@type":"ImageObject","inLanguage":"pt-BR","@id":"https:\/\/juacontecimentos.com.br\/site\/parentes-de-trabalhadores-que-morreram-em-brumadinho-irao-receber-r-700-mil-de-indenizacao\/#primaryimage","url":"https:\/\/juacontecimentos.com.br\/site\/wp-content\/uploads\/2019\/07\/images.jpeg","contentUrl":"https:\/\/juacontecimentos.com.br\/site\/wp-content\/uploads\/2019\/07\/images.jpeg","width":678,"height":452},{"@type":"BreadcrumbList","@id":"https:\/\/juacontecimentos.com.br\/site\/parentes-de-trabalhadores-que-morreram-em-brumadinho-irao-receber-r-700-mil-de-indenizacao\/#breadcrumb","itemListElement":[{"@type":"ListItem","position":1,"name":"In\u00edcio","item":"https:\/\/juacontecimentos.com.br\/site\/"},{"@type":"ListItem","position":2,"name":"Parentes de trabalhadores que morreram em Brumadinho ir\u00e3o receber R$ 700 mil de indeniza\u00e7\u00e3o"}]},{"@type":"WebSite","@id":"https:\/\/juacontecimentos.com.br\/site\/#website","url":"https:\/\/juacontecimentos.com.br\/site\/","name":"Jornal Ultimos Acontecimentos","description":"Catal\u00e3o e regi\u00e3o","publisher":{"@id":"https:\/\/juacontecimentos.com.br\/site\/#organization"},"potentialAction":[{"@type":"SearchAction","target":{"@type":"EntryPoint","urlTemplate":"https:\/\/juacontecimentos.com.br\/site\/?s={search_term_string}"},"query-input":{"@type":"PropertyValueSpecification","valueRequired":true,"valueName":"search_term_string"}}],"inLanguage":"pt-BR"},{"@type":"Organization","@id":"https:\/\/juacontecimentos.com.br\/site\/#organization","name":"Jornal Ultimos Acontecimentos","url":"https:\/\/juacontecimentos.com.br\/site\/","logo":{"@type":"ImageObject","inLanguage":"pt-BR","@id":"https:\/\/juacontecimentos.com.br\/site\/#\/schema\/logo\/image\/","url":"https:\/\/juacontecimentos.com.br\/site\/wp-content\/uploads\/2023\/04\/Logo_Site.png","contentUrl":"https:\/\/juacontecimentos.com.br\/site\/wp-content\/uploads\/2023\/04\/Logo_Site.png","width":2476,"height":530,"caption":"Jornal Ultimos Acontecimentos"},"image":{"@id":"https:\/\/juacontecimentos.com.br\/site\/#\/schema\/logo\/image\/"},"sameAs":["https:\/\/www.facebook.com\/jultimosacontecimentos\/"]},{"@type":"Person","@id":"https:\/\/juacontecimentos.com.br\/site\/#\/schema\/person\/082a54e6d3fdd7a633291428521c9669","name":"Reginaldo Ribeiro","image":{"@type":"ImageObject","inLanguage":"pt-BR","@id":"https:\/\/juacontecimentos.com.br\/site\/#\/schema\/person\/image\/","url":"https:\/\/secure.gravatar.com\/avatar\/5c16c6837c3490270a74d888c2a845728f06bdde1f8761de1de1d1d1ef82d12f?s=96&d=mm&r=g","contentUrl":"https:\/\/secure.gravatar.com\/avatar\/5c16c6837c3490270a74d888c2a845728f06bdde1f8761de1de1d1d1ef82d12f?s=96&d=mm&r=g","caption":"Reginaldo Ribeiro"}}]}},"_links":{"self":[{"href":"https:\/\/juacontecimentos.com.br\/site\/wp-json\/wp\/v2\/posts\/7304","targetHints":{"allow":["GET"]}}],"collection":[{"href":"https:\/\/juacontecimentos.com.br\/site\/wp-json\/wp\/v2\/posts"}],"about":[{"href":"https:\/\/juacontecimentos.com.br\/site\/wp-json\/wp\/v2\/types\/post"}],"author":[{"embeddable":true,"href":"https:\/\/juacontecimentos.com.br\/site\/wp-json\/wp\/v2\/users\/2"}],"replies":[{"embeddable":true,"href":"https:\/\/juacontecimentos.com.br\/site\/wp-json\/wp\/v2\/comments?post=7304"}],"version-history":[{"count":1,"href":"https:\/\/juacontecimentos.com.br\/site\/wp-json\/wp\/v2\/posts\/7304\/revisions"}],"predecessor-version":[{"id":7306,"href":"https:\/\/juacontecimentos.com.br\/site\/wp-json\/wp\/v2\/posts\/7304\/revisions\/7306"}],"wp:featuredmedia":[{"embeddable":true,"href":"https:\/\/juacontecimentos.com.br\/site\/wp-json\/wp\/v2\/media\/7305"}],"wp:attachment":[{"href":"https:\/\/juacontecimentos.com.br\/site\/wp-json\/wp\/v2\/media?parent=7304"}],"wp:term":[{"taxonomy":"category","embeddable":true,"href":"https:\/\/juacontecimentos.com.br\/site\/wp-json\/wp\/v2\/categories?post=7304"},{"taxonomy":"post_tag","embeddable":true,"href":"https:\/\/juacontecimentos.com.br\/site\/wp-json\/wp\/v2\/tags?post=7304"}],"curies":[{"name":"wp","href":"https:\/\/api.w.org\/{rel}","templated":true}]}}