{"id":7354,"date":"2019-07-21T06:03:04","date_gmt":"2019-07-21T09:03:04","guid":{"rendered":"http:\/\/juacontecimentos.com.br\/site\/?p=7354"},"modified":"2019-07-21T06:03:04","modified_gmt":"2019-07-21T09:03:04","slug":"o-caiado-da-campanha-de-governador-nao-e-o-caiado-do-governo-dizem-deputados","status":"publish","type":"post","link":"https:\/\/juacontecimentos.com.br\/site\/o-caiado-da-campanha-de-governador-nao-e-o-caiado-do-governo-dizem-deputados\/","title":{"rendered":"O Caiado da campanha de governador n\u00e3o \u00e9 o Caiado do governo, dizem deputados"},"content":{"rendered":"<p><strong>Situa\u00e7\u00e3o de Caiado \u00e9 grave. Se fosse uma empresa, o governo estaria \u00e0s portas, n\u00e3o de uma recupera\u00e7\u00e3o judicial, e sim de uma fal\u00eancia<\/strong><\/p>\n<p>O governador de Goi\u00e1s, Ronaldo Caiado (DEM), parece, de algum modo, um personagem de Fi\u00f3dor Dostoi\u00e9vski ou G\u00f3gol. Parece um pol\u00edtico dual. Porque, na campanha, apresentou uma programa para desenvolver o Estado, mas, uma vez no governo, suas ideias se tornaram outras \u2014 como tem apontado os deputados Major Ara\u00fajo (quase-PSL), Delegado Waldir Soares (PSL), Cl\u00e1udio Meirelles (PTC) e Talles Barreto (PSDB), os tr\u00eas primeiros afastados do gestor estadual e o quarto \u00e9 opositor. At\u00e9 o deputado federal Jos\u00e9 Nelto, do Podemos, embora mais moderado, faz cr\u00edticas ao governo do Estado \u2014 sobretudo porque n\u00e3o prioriza os \u201ccompanheiros\u201d, e sim \u201cestrangeiros\u201d, que, se deixados, na Pra\u00e7a da Nova Su\u00ed\u00e7a, \u201cn\u00e3o conseguiriam voltar sozinhos para o Centro Administrativo\u201d.<\/p>\n<div class=\"wp-caption aligncenter\"><img loading=\"lazy\" decoding=\"async\" class=\"size-large wp-image-180141 jetpack-lazy-image jetpack-lazy-image--handled\" src=\"https:\/\/i1.wp.com\/www.jornalopcao.com.br\/wp-content\/uploads\/2019\/04\/Ronaldo-Caiado-Foto-Divulga%C3%A7%C3%A3o-Governo-de-Goi%C3%A1s-2-editada-620x350.jpg?resize=620%2C350&amp;ssl=1\" srcset=\"https:\/\/i0.wp.com\/www.jornalopcao.com.br\/wp-content\/uploads\/2019\/04\/Ronaldo-Caiado-Foto-Divulga\u00e7\u00e3o-Governo-de-Goi\u00e1s-2-editada.jpg?w=620&amp;ssl=1 620w, https:\/\/i0.wp.com\/www.jornalopcao.com.br\/wp-content\/uploads\/2019\/04\/Ronaldo-Caiado-Foto-Divulga\u00e7\u00e3o-Governo-de-Goi\u00e1s-2-editada.jpg?resize=300%2C169&amp;ssl=1 300w, https:\/\/i0.wp.com\/www.jornalopcao.com.br\/wp-content\/uploads\/2019\/04\/Ronaldo-Caiado-Foto-Divulga\u00e7\u00e3o-Governo-de-Goi\u00e1s-2-editada.jpg?resize=600%2C339&amp;ssl=1 600w\" alt=\"\" width=\"620\" height=\"350\" \/><\/p>\n<p class=\"wp-caption-text\">Ronaldo Caiado: o governo est\u00e1 sem rumo, segundo deputados | Foto: Divulga\u00e7\u00e3o<\/p>\n<\/div>\n<p>A campanha de Ronaldo Caiado apresentou um programa de desenvolvimento que prometia dias melhores para os goianos, inclusive para os funcion\u00e1rios p\u00fablicos. Por\u00e9m, segundo os deputados, uma vez no poder, o governador decidiu mudar de rumo e fazer outro governo \u2014 implac\u00e1vel.<\/p>\n<p>Caiadistas dizem que, quando era candidato, Ronaldo Caiado n\u00e3o sabia qual era o quadro real do governo de Goi\u00e1s. Mas, como dizem os deputados, se tinha na vice Lincoln Tejota, filho do conselheiro do TCE, Sebasti\u00e3o Tejota, \u00e9 prov\u00e1vel que o l\u00edder do DEM tinha informa\u00e7\u00f5es suficientes sobre a situa\u00e7\u00e3o financeira do governo. Por exemplo, a respeito da folha de pagamento do funcionalismo, que estrangula as finan\u00e7as do Estado.<\/p>\n<div class=\"wp-caption aligncenter\"><img loading=\"lazy\" decoding=\"async\" class=\"size-large wp-image-188766 jetpack-lazy-image jetpack-lazy-image--handled\" src=\"https:\/\/i1.wp.com\/www.jornalopcao.com.br\/wp-content\/uploads\/2019\/06\/ClaudioMeirelles406-3.jpeg?resize=620%2C350&amp;ssl=1\" srcset=\"https:\/\/i1.wp.com\/www.jornalopcao.com.br\/wp-content\/uploads\/2019\/06\/ClaudioMeirelles406-3.jpeg?w=620&amp;ssl=1 620w, https:\/\/i1.wp.com\/www.jornalopcao.com.br\/wp-content\/uploads\/2019\/06\/ClaudioMeirelles406-3.jpeg?resize=300%2C169&amp;ssl=1 300w, https:\/\/i1.wp.com\/www.jornalopcao.com.br\/wp-content\/uploads\/2019\/06\/ClaudioMeirelles406-3.jpeg?resize=768%2C433&amp;ssl=1 768w\" alt=\"\" width=\"620\" height=\"350\" \/><\/p>\n<p class=\"wp-caption-text\">Cl\u00e1udio Meirelles, deputado estadual, avalia que 2019 pode ser um ano perdido | Foto: F\u00e1bio Costa\/jornal Op\u00e7\u00e3o<\/p>\n<\/div>\n<p>No poder, insistem deputados, Ronaldo Caiado se tornou \u201co governador dos cortes\u201d. \u201cFalou uma coisa e faz outra\u201d, costuma dizer Cl\u00e1udio Meirelles. Talles Barreto alertou que, se se fiasse \u00fanica e exclusivamente no governo federal, o governador n\u00e3o conseguiria retirar Goi\u00e1s da crise. At\u00e9 o prefeito de Catal\u00e3o, Adib Elias, aconselhou a se buscar solu\u00e7\u00f5es locais. Mesmo assim, o gestor estadual optou por buscar sa\u00eddas em Bras\u00edlia, tanto que a secret\u00e1ria da Economia, Cristiane Schmidt, s\u00f3 permanece no cargo porque Ronaldo Caiado acredita que o governo federal vai, na hora ag\u00e1, \u201csalv\u00e1-lo\u201d. Schmidt, conhecida como \u201cDama do N\u00e3o\u201d, teria sido indicada pelo ministro da Economia, Paulo Guedes. Mas, como secret\u00e1ria, que entende pouco de Fisco e arrecada\u00e7\u00e3o, at\u00e9 agora n\u00e3o conseguiu nada de concreto no governo federal. Hoje, no governo, ningu\u00e9m acredita que conseguir\u00e1 \u201csalvar\u201d o governo e, portanto, Goi\u00e1s. Para evitar que o governo quebre, radicalizou na quest\u00e3o dos incentivos fiscais e pretende tomar medidas duras contra os funcion\u00e1rios p\u00fablicos.<\/p>\n<p>Como o Tesouro Nacional afirma que, tecnicamente, Goi\u00e1s n\u00e3o tem direito ao Regime de Recupera\u00e7\u00e3o Especial \u2014 em suma, deixar de pagar suas d\u00edvidas por alguns meses, e abrindo a possibilidade de demitir servidores, inclusive efetivos \u2014, a situa\u00e7\u00e3o de Ronaldo Caiado, apesar da liminar do Supremo Tribunal Federal, \u00e9 grav\u00edssima. Se fosse uma empresa, o governo de Goi\u00e1s estaria \u00e0s portas, n\u00e3o de uma recupera\u00e7\u00e3o judicial, e sim de uma fal\u00eancia.<\/p>\n<div class=\"wp-caption aligncenter\"><img loading=\"lazy\" decoding=\"async\" class=\"size-large wp-image-180126 jetpack-lazy-image jetpack-lazy-image--handled\" src=\"https:\/\/i2.wp.com\/www.jornalopcao.com.br\/wp-content\/uploads\/2019\/04\/TallesBarreto-1.jpeg?resize=620%2C350&amp;ssl=1\" srcset=\"https:\/\/i2.wp.com\/www.jornalopcao.com.br\/wp-content\/uploads\/2019\/04\/TallesBarreto-1.jpeg?w=620&amp;ssl=1 620w, https:\/\/i2.wp.com\/www.jornalopcao.com.br\/wp-content\/uploads\/2019\/04\/TallesBarreto-1.jpeg?resize=300%2C169&amp;ssl=1 300w, https:\/\/i2.wp.com\/www.jornalopcao.com.br\/wp-content\/uploads\/2019\/04\/TallesBarreto-1.jpeg?resize=768%2C433&amp;ssl=1 768w\" alt=\"\" width=\"620\" height=\"350\" \/><\/p>\n<p class=\"wp-caption-text\">Talles Barreto: governo de Caiado est\u00e1 sem rumo | Foto: Fernando Leite\/Jornal Op\u00e7\u00e3o<\/p>\n<\/div>\n<p>Sem o Regime de Recupera\u00e7\u00e3o Especial, e mesmo com ele, o governo de Ronaldo Caiado est\u00e1 em maus-len\u00e7\u00f3is. Os goianos, sobretudo os funcion\u00e1rios p\u00fablicos, ter\u00e3o dias dif\u00edceis pela frente.<\/p>\n<p>No momento, Ronaldo Caiado culpa o governo anterior pelo descalabro, e tem certa raz\u00e3o. Mas \u00e9 preciso dizer que, apesar de tudo, Goi\u00e1s vinha funcionando e, assim que ele assumir, as coisas pioraram. Sinal de falta de tino administrativo? O fato objetivo, segundo parlamentares da oposi\u00e7\u00e3o e at\u00e9 mesmo aliados, \u00e9 que o governo est\u00e1 sem rumo.<\/p>\n<p>O que fazer? O primeiro passo \u00e9 n\u00e3o culpar apenas governos passados, assumir que os problemas agora s\u00e3o do governo atual e administr\u00e1-los. Ronaldo Caiado corre o risco de passar quatro anos fazendo cortes-ajustes e, mesmo assim, entregar o governo com problemas s\u00e9rios. E, para piorar, pode n\u00e3o conseguir a reelei\u00e7\u00e3o. Tal o volume do desgaste administrativo.<br \/>\n<\/p>\n","protected":false},"excerpt":{"rendered":"<p>Situa\u00e7\u00e3o de Caiado \u00e9 grave. Se fosse uma empresa, o governo estaria \u00e0s portas, n\u00e3o de uma recupera\u00e7\u00e3o judicial, e sim de uma fal\u00eancia O governador de Goi\u00e1s, Ronaldo Caiado (DEM), parece, de algum modo, um personagem de Fi\u00f3dor Dostoi\u00e9vski ou G\u00f3gol. Parece um pol\u00edtico dual. Porque, na campanha, apresentou uma programa para desenvolver o<\/p>\n","protected":false},"author":2,"featured_media":7355,"comment_status":"open","ping_status":"open","sticky":false,"template":"","format":"standard","meta":{"footnotes":""},"categories":[27,22,26,23],"tags":[],"class_list":["post-7354","post","type-post","status-publish","format-standard","has-post-thumbnail","hentry","category-brasil","category-catalao","category-destaque","category-goias"],"yoast_head":"<!-- This site is optimized with the Yoast SEO plugin v25.8 - https:\/\/yoast.com\/wordpress\/plugins\/seo\/ -->\n<title>O Caiado da campanha de governador n\u00e3o \u00e9 o Caiado do governo, dizem deputados - Jornal Ultimos Acontecimentos<\/title>\n<meta name=\"robots\" content=\"index, follow, max-snippet:-1, max-image-preview:large, max-video-preview:-1\" \/>\n<link rel=\"canonical\" href=\"https:\/\/juacontecimentos.com.br\/site\/o-caiado-da-campanha-de-governador-nao-e-o-caiado-do-governo-dizem-deputados\/\" \/>\n<meta property=\"og:locale\" content=\"pt_BR\" \/>\n<meta property=\"og:type\" content=\"article\" \/>\n<meta property=\"og:title\" content=\"O Caiado da campanha de governador n\u00e3o \u00e9 o Caiado do governo, dizem deputados - Jornal Ultimos Acontecimentos\" \/>\n<meta property=\"og:description\" content=\"Situa\u00e7\u00e3o de Caiado \u00e9 grave. Se fosse uma empresa, o governo estaria \u00e0s portas, n\u00e3o de uma recupera\u00e7\u00e3o judicial, e sim de uma fal\u00eancia O governador de Goi\u00e1s, Ronaldo Caiado (DEM), parece, de algum modo, um personagem de Fi\u00f3dor Dostoi\u00e9vski ou G\u00f3gol. Parece um pol\u00edtico dual. Porque, na campanha, apresentou uma programa para desenvolver o\" \/>\n<meta property=\"og:url\" content=\"https:\/\/juacontecimentos.com.br\/site\/o-caiado-da-campanha-de-governador-nao-e-o-caiado-do-governo-dizem-deputados\/\" \/>\n<meta property=\"og:site_name\" content=\"Jornal Ultimos Acontecimentos\" \/>\n<meta property=\"article:publisher\" content=\"https:\/\/www.facebook.com\/jultimosacontecimentos\/\" \/>\n<meta property=\"article:published_time\" content=\"2019-07-21T09:03:04+00:00\" \/>\n<meta property=\"og:image\" content=\"https:\/\/juacontecimentos.com.br\/site\/wp-content\/uploads\/2019\/07\/Ronaldo-Caiado-Foto-Divulga\u00e7\u00e3o-Governo-de-Goi\u00e1s-2-editada.jpg\" \/>\n\t<meta property=\"og:image:width\" content=\"620\" \/>\n\t<meta property=\"og:image:height\" content=\"350\" \/>\n\t<meta property=\"og:image:type\" content=\"image\/jpeg\" \/>\n<meta name=\"author\" content=\"Reginaldo Ribeiro\" \/>\n<meta name=\"twitter:card\" content=\"summary_large_image\" \/>\n<meta name=\"twitter:label1\" content=\"Escrito por\" \/>\n\t<meta name=\"twitter:data1\" content=\"Reginaldo Ribeiro\" \/>\n\t<meta name=\"twitter:label2\" content=\"Est. tempo de leitura\" \/>\n\t<meta name=\"twitter:data2\" content=\"4 minutos\" \/>\n<script type=\"application\/ld+json\" class=\"yoast-schema-graph\">{\"@context\":\"https:\/\/schema.org\",\"@graph\":[{\"@type\":\"Article\",\"@id\":\"https:\/\/juacontecimentos.com.br\/site\/o-caiado-da-campanha-de-governador-nao-e-o-caiado-do-governo-dizem-deputados\/#article\",\"isPartOf\":{\"@id\":\"https:\/\/juacontecimentos.com.br\/site\/o-caiado-da-campanha-de-governador-nao-e-o-caiado-do-governo-dizem-deputados\/\"},\"author\":{\"name\":\"Reginaldo Ribeiro\",\"@id\":\"https:\/\/juacontecimentos.com.br\/site\/#\/schema\/person\/082a54e6d3fdd7a633291428521c9669\"},\"headline\":\"O Caiado da campanha de governador n\u00e3o \u00e9 o Caiado do governo, dizem deputados\",\"datePublished\":\"2019-07-21T09:03:04+00:00\",\"mainEntityOfPage\":{\"@id\":\"https:\/\/juacontecimentos.com.br\/site\/o-caiado-da-campanha-de-governador-nao-e-o-caiado-do-governo-dizem-deputados\/\"},\"wordCount\":747,\"commentCount\":0,\"publisher\":{\"@id\":\"https:\/\/juacontecimentos.com.br\/site\/#organization\"},\"image\":{\"@id\":\"https:\/\/juacontecimentos.com.br\/site\/o-caiado-da-campanha-de-governador-nao-e-o-caiado-do-governo-dizem-deputados\/#primaryimage\"},\"thumbnailUrl\":\"https:\/\/juacontecimentos.com.br\/site\/wp-content\/uploads\/2019\/07\/Ronaldo-Caiado-Foto-Divulga\u00e7\u00e3o-Governo-de-Goi\u00e1s-2-editada.jpg\",\"articleSection\":[\"Brasil\",\"Catal\u00e3o\",\"Destaque\",\"Goi\u00e1s\"],\"inLanguage\":\"pt-BR\"},{\"@type\":\"WebPage\",\"@id\":\"https:\/\/juacontecimentos.com.br\/site\/o-caiado-da-campanha-de-governador-nao-e-o-caiado-do-governo-dizem-deputados\/\",\"url\":\"https:\/\/juacontecimentos.com.br\/site\/o-caiado-da-campanha-de-governador-nao-e-o-caiado-do-governo-dizem-deputados\/\",\"name\":\"O Caiado da campanha de governador n\u00e3o \u00e9 o Caiado do governo, dizem deputados - Jornal Ultimos Acontecimentos\",\"isPartOf\":{\"@id\":\"https:\/\/juacontecimentos.com.br\/site\/#website\"},\"primaryImageOfPage\":{\"@id\":\"https:\/\/juacontecimentos.com.br\/site\/o-caiado-da-campanha-de-governador-nao-e-o-caiado-do-governo-dizem-deputados\/#primaryimage\"},\"image\":{\"@id\":\"https:\/\/juacontecimentos.com.br\/site\/o-caiado-da-campanha-de-governador-nao-e-o-caiado-do-governo-dizem-deputados\/#primaryimage\"},\"thumbnailUrl\":\"https:\/\/juacontecimentos.com.br\/site\/wp-content\/uploads\/2019\/07\/Ronaldo-Caiado-Foto-Divulga\u00e7\u00e3o-Governo-de-Goi\u00e1s-2-editada.jpg\",\"datePublished\":\"2019-07-21T09:03:04+00:00\",\"breadcrumb\":{\"@id\":\"https:\/\/juacontecimentos.com.br\/site\/o-caiado-da-campanha-de-governador-nao-e-o-caiado-do-governo-dizem-deputados\/#breadcrumb\"},\"inLanguage\":\"pt-BR\",\"potentialAction\":[{\"@type\":\"ReadAction\",\"target\":[\"https:\/\/juacontecimentos.com.br\/site\/o-caiado-da-campanha-de-governador-nao-e-o-caiado-do-governo-dizem-deputados\/\"]}]},{\"@type\":\"ImageObject\",\"inLanguage\":\"pt-BR\",\"@id\":\"https:\/\/juacontecimentos.com.br\/site\/o-caiado-da-campanha-de-governador-nao-e-o-caiado-do-governo-dizem-deputados\/#primaryimage\",\"url\":\"https:\/\/juacontecimentos.com.br\/site\/wp-content\/uploads\/2019\/07\/Ronaldo-Caiado-Foto-Divulga\u00e7\u00e3o-Governo-de-Goi\u00e1s-2-editada.jpg\",\"contentUrl\":\"https:\/\/juacontecimentos.com.br\/site\/wp-content\/uploads\/2019\/07\/Ronaldo-Caiado-Foto-Divulga\u00e7\u00e3o-Governo-de-Goi\u00e1s-2-editada.jpg\",\"width\":620,\"height\":350},{\"@type\":\"BreadcrumbList\",\"@id\":\"https:\/\/juacontecimentos.com.br\/site\/o-caiado-da-campanha-de-governador-nao-e-o-caiado-do-governo-dizem-deputados\/#breadcrumb\",\"itemListElement\":[{\"@type\":\"ListItem\",\"position\":1,\"name\":\"In\u00edcio\",\"item\":\"https:\/\/juacontecimentos.com.br\/site\/\"},{\"@type\":\"ListItem\",\"position\":2,\"name\":\"O Caiado da campanha de governador n\u00e3o \u00e9 o Caiado do governo, dizem deputados\"}]},{\"@type\":\"WebSite\",\"@id\":\"https:\/\/juacontecimentos.com.br\/site\/#website\",\"url\":\"https:\/\/juacontecimentos.com.br\/site\/\",\"name\":\"Jornal Ultimos Acontecimentos\",\"description\":\"Catal\u00e3o e regi\u00e3o\",\"publisher\":{\"@id\":\"https:\/\/juacontecimentos.com.br\/site\/#organization\"},\"potentialAction\":[{\"@type\":\"SearchAction\",\"target\":{\"@type\":\"EntryPoint\",\"urlTemplate\":\"https:\/\/juacontecimentos.com.br\/site\/?s={search_term_string}\"},\"query-input\":{\"@type\":\"PropertyValueSpecification\",\"valueRequired\":true,\"valueName\":\"search_term_string\"}}],\"inLanguage\":\"pt-BR\"},{\"@type\":\"Organization\",\"@id\":\"https:\/\/juacontecimentos.com.br\/site\/#organization\",\"name\":\"Jornal Ultimos Acontecimentos\",\"url\":\"https:\/\/juacontecimentos.com.br\/site\/\",\"logo\":{\"@type\":\"ImageObject\",\"inLanguage\":\"pt-BR\",\"@id\":\"https:\/\/juacontecimentos.com.br\/site\/#\/schema\/logo\/image\/\",\"url\":\"https:\/\/juacontecimentos.com.br\/site\/wp-content\/uploads\/2023\/04\/Logo_Site.png\",\"contentUrl\":\"https:\/\/juacontecimentos.com.br\/site\/wp-content\/uploads\/2023\/04\/Logo_Site.png\",\"width\":2476,\"height\":530,\"caption\":\"Jornal Ultimos Acontecimentos\"},\"image\":{\"@id\":\"https:\/\/juacontecimentos.com.br\/site\/#\/schema\/logo\/image\/\"},\"sameAs\":[\"https:\/\/www.facebook.com\/jultimosacontecimentos\/\"]},{\"@type\":\"Person\",\"@id\":\"https:\/\/juacontecimentos.com.br\/site\/#\/schema\/person\/082a54e6d3fdd7a633291428521c9669\",\"name\":\"Reginaldo Ribeiro\",\"image\":{\"@type\":\"ImageObject\",\"inLanguage\":\"pt-BR\",\"@id\":\"https:\/\/juacontecimentos.com.br\/site\/#\/schema\/person\/image\/\",\"url\":\"https:\/\/secure.gravatar.com\/avatar\/5c16c6837c3490270a74d888c2a845728f06bdde1f8761de1de1d1d1ef82d12f?s=96&d=mm&r=g\",\"contentUrl\":\"https:\/\/secure.gravatar.com\/avatar\/5c16c6837c3490270a74d888c2a845728f06bdde1f8761de1de1d1d1ef82d12f?s=96&d=mm&r=g\",\"caption\":\"Reginaldo Ribeiro\"}}]}<\/script>\n<!-- \/ Yoast SEO plugin. -->","yoast_head_json":{"title":"O Caiado da campanha de governador n\u00e3o \u00e9 o Caiado do governo, dizem deputados - Jornal Ultimos Acontecimentos","robots":{"index":"index","follow":"follow","max-snippet":"max-snippet:-1","max-image-preview":"max-image-preview:large","max-video-preview":"max-video-preview:-1"},"canonical":"https:\/\/juacontecimentos.com.br\/site\/o-caiado-da-campanha-de-governador-nao-e-o-caiado-do-governo-dizem-deputados\/","og_locale":"pt_BR","og_type":"article","og_title":"O Caiado da campanha de governador n\u00e3o \u00e9 o Caiado do governo, dizem deputados - Jornal Ultimos Acontecimentos","og_description":"Situa\u00e7\u00e3o de Caiado \u00e9 grave. Se fosse uma empresa, o governo estaria \u00e0s portas, n\u00e3o de uma recupera\u00e7\u00e3o judicial, e sim de uma fal\u00eancia O governador de Goi\u00e1s, Ronaldo Caiado (DEM), parece, de algum modo, um personagem de Fi\u00f3dor Dostoi\u00e9vski ou G\u00f3gol. Parece um pol\u00edtico dual. Porque, na campanha, apresentou uma programa para desenvolver o","og_url":"https:\/\/juacontecimentos.com.br\/site\/o-caiado-da-campanha-de-governador-nao-e-o-caiado-do-governo-dizem-deputados\/","og_site_name":"Jornal Ultimos Acontecimentos","article_publisher":"https:\/\/www.facebook.com\/jultimosacontecimentos\/","article_published_time":"2019-07-21T09:03:04+00:00","og_image":[{"width":620,"height":350,"url":"https:\/\/juacontecimentos.com.br\/site\/wp-content\/uploads\/2019\/07\/Ronaldo-Caiado-Foto-Divulga\u00e7\u00e3o-Governo-de-Goi\u00e1s-2-editada.jpg","type":"image\/jpeg"}],"author":"Reginaldo Ribeiro","twitter_card":"summary_large_image","twitter_misc":{"Escrito por":"Reginaldo Ribeiro","Est. tempo de leitura":"4 minutos"},"schema":{"@context":"https:\/\/schema.org","@graph":[{"@type":"Article","@id":"https:\/\/juacontecimentos.com.br\/site\/o-caiado-da-campanha-de-governador-nao-e-o-caiado-do-governo-dizem-deputados\/#article","isPartOf":{"@id":"https:\/\/juacontecimentos.com.br\/site\/o-caiado-da-campanha-de-governador-nao-e-o-caiado-do-governo-dizem-deputados\/"},"author":{"name":"Reginaldo Ribeiro","@id":"https:\/\/juacontecimentos.com.br\/site\/#\/schema\/person\/082a54e6d3fdd7a633291428521c9669"},"headline":"O Caiado da campanha de governador n\u00e3o \u00e9 o Caiado do governo, dizem deputados","datePublished":"2019-07-21T09:03:04+00:00","mainEntityOfPage":{"@id":"https:\/\/juacontecimentos.com.br\/site\/o-caiado-da-campanha-de-governador-nao-e-o-caiado-do-governo-dizem-deputados\/"},"wordCount":747,"commentCount":0,"publisher":{"@id":"https:\/\/juacontecimentos.com.br\/site\/#organization"},"image":{"@id":"https:\/\/juacontecimentos.com.br\/site\/o-caiado-da-campanha-de-governador-nao-e-o-caiado-do-governo-dizem-deputados\/#primaryimage"},"thumbnailUrl":"https:\/\/juacontecimentos.com.br\/site\/wp-content\/uploads\/2019\/07\/Ronaldo-Caiado-Foto-Divulga\u00e7\u00e3o-Governo-de-Goi\u00e1s-2-editada.jpg","articleSection":["Brasil","Catal\u00e3o","Destaque","Goi\u00e1s"],"inLanguage":"pt-BR"},{"@type":"WebPage","@id":"https:\/\/juacontecimentos.com.br\/site\/o-caiado-da-campanha-de-governador-nao-e-o-caiado-do-governo-dizem-deputados\/","url":"https:\/\/juacontecimentos.com.br\/site\/o-caiado-da-campanha-de-governador-nao-e-o-caiado-do-governo-dizem-deputados\/","name":"O Caiado da campanha de governador n\u00e3o \u00e9 o Caiado do governo, dizem deputados - Jornal Ultimos Acontecimentos","isPartOf":{"@id":"https:\/\/juacontecimentos.com.br\/site\/#website"},"primaryImageOfPage":{"@id":"https:\/\/juacontecimentos.com.br\/site\/o-caiado-da-campanha-de-governador-nao-e-o-caiado-do-governo-dizem-deputados\/#primaryimage"},"image":{"@id":"https:\/\/juacontecimentos.com.br\/site\/o-caiado-da-campanha-de-governador-nao-e-o-caiado-do-governo-dizem-deputados\/#primaryimage"},"thumbnailUrl":"https:\/\/juacontecimentos.com.br\/site\/wp-content\/uploads\/2019\/07\/Ronaldo-Caiado-Foto-Divulga\u00e7\u00e3o-Governo-de-Goi\u00e1s-2-editada.jpg","datePublished":"2019-07-21T09:03:04+00:00","breadcrumb":{"@id":"https:\/\/juacontecimentos.com.br\/site\/o-caiado-da-campanha-de-governador-nao-e-o-caiado-do-governo-dizem-deputados\/#breadcrumb"},"inLanguage":"pt-BR","potentialAction":[{"@type":"ReadAction","target":["https:\/\/juacontecimentos.com.br\/site\/o-caiado-da-campanha-de-governador-nao-e-o-caiado-do-governo-dizem-deputados\/"]}]},{"@type":"ImageObject","inLanguage":"pt-BR","@id":"https:\/\/juacontecimentos.com.br\/site\/o-caiado-da-campanha-de-governador-nao-e-o-caiado-do-governo-dizem-deputados\/#primaryimage","url":"https:\/\/juacontecimentos.com.br\/site\/wp-content\/uploads\/2019\/07\/Ronaldo-Caiado-Foto-Divulga\u00e7\u00e3o-Governo-de-Goi\u00e1s-2-editada.jpg","contentUrl":"https:\/\/juacontecimentos.com.br\/site\/wp-content\/uploads\/2019\/07\/Ronaldo-Caiado-Foto-Divulga\u00e7\u00e3o-Governo-de-Goi\u00e1s-2-editada.jpg","width":620,"height":350},{"@type":"BreadcrumbList","@id":"https:\/\/juacontecimentos.com.br\/site\/o-caiado-da-campanha-de-governador-nao-e-o-caiado-do-governo-dizem-deputados\/#breadcrumb","itemListElement":[{"@type":"ListItem","position":1,"name":"In\u00edcio","item":"https:\/\/juacontecimentos.com.br\/site\/"},{"@type":"ListItem","position":2,"name":"O Caiado da campanha de governador n\u00e3o \u00e9 o Caiado do governo, dizem deputados"}]},{"@type":"WebSite","@id":"https:\/\/juacontecimentos.com.br\/site\/#website","url":"https:\/\/juacontecimentos.com.br\/site\/","name":"Jornal Ultimos Acontecimentos","description":"Catal\u00e3o e regi\u00e3o","publisher":{"@id":"https:\/\/juacontecimentos.com.br\/site\/#organization"},"potentialAction":[{"@type":"SearchAction","target":{"@type":"EntryPoint","urlTemplate":"https:\/\/juacontecimentos.com.br\/site\/?s={search_term_string}"},"query-input":{"@type":"PropertyValueSpecification","valueRequired":true,"valueName":"search_term_string"}}],"inLanguage":"pt-BR"},{"@type":"Organization","@id":"https:\/\/juacontecimentos.com.br\/site\/#organization","name":"Jornal Ultimos Acontecimentos","url":"https:\/\/juacontecimentos.com.br\/site\/","logo":{"@type":"ImageObject","inLanguage":"pt-BR","@id":"https:\/\/juacontecimentos.com.br\/site\/#\/schema\/logo\/image\/","url":"https:\/\/juacontecimentos.com.br\/site\/wp-content\/uploads\/2023\/04\/Logo_Site.png","contentUrl":"https:\/\/juacontecimentos.com.br\/site\/wp-content\/uploads\/2023\/04\/Logo_Site.png","width":2476,"height":530,"caption":"Jornal Ultimos Acontecimentos"},"image":{"@id":"https:\/\/juacontecimentos.com.br\/site\/#\/schema\/logo\/image\/"},"sameAs":["https:\/\/www.facebook.com\/jultimosacontecimentos\/"]},{"@type":"Person","@id":"https:\/\/juacontecimentos.com.br\/site\/#\/schema\/person\/082a54e6d3fdd7a633291428521c9669","name":"Reginaldo Ribeiro","image":{"@type":"ImageObject","inLanguage":"pt-BR","@id":"https:\/\/juacontecimentos.com.br\/site\/#\/schema\/person\/image\/","url":"https:\/\/secure.gravatar.com\/avatar\/5c16c6837c3490270a74d888c2a845728f06bdde1f8761de1de1d1d1ef82d12f?s=96&d=mm&r=g","contentUrl":"https:\/\/secure.gravatar.com\/avatar\/5c16c6837c3490270a74d888c2a845728f06bdde1f8761de1de1d1d1ef82d12f?s=96&d=mm&r=g","caption":"Reginaldo Ribeiro"}}]}},"_links":{"self":[{"href":"https:\/\/juacontecimentos.com.br\/site\/wp-json\/wp\/v2\/posts\/7354","targetHints":{"allow":["GET"]}}],"collection":[{"href":"https:\/\/juacontecimentos.com.br\/site\/wp-json\/wp\/v2\/posts"}],"about":[{"href":"https:\/\/juacontecimentos.com.br\/site\/wp-json\/wp\/v2\/types\/post"}],"author":[{"embeddable":true,"href":"https:\/\/juacontecimentos.com.br\/site\/wp-json\/wp\/v2\/users\/2"}],"replies":[{"embeddable":true,"href":"https:\/\/juacontecimentos.com.br\/site\/wp-json\/wp\/v2\/comments?post=7354"}],"version-history":[{"count":1,"href":"https:\/\/juacontecimentos.com.br\/site\/wp-json\/wp\/v2\/posts\/7354\/revisions"}],"predecessor-version":[{"id":7356,"href":"https:\/\/juacontecimentos.com.br\/site\/wp-json\/wp\/v2\/posts\/7354\/revisions\/7356"}],"wp:featuredmedia":[{"embeddable":true,"href":"https:\/\/juacontecimentos.com.br\/site\/wp-json\/wp\/v2\/media\/7355"}],"wp:attachment":[{"href":"https:\/\/juacontecimentos.com.br\/site\/wp-json\/wp\/v2\/media?parent=7354"}],"wp:term":[{"taxonomy":"category","embeddable":true,"href":"https:\/\/juacontecimentos.com.br\/site\/wp-json\/wp\/v2\/categories?post=7354"},{"taxonomy":"post_tag","embeddable":true,"href":"https:\/\/juacontecimentos.com.br\/site\/wp-json\/wp\/v2\/tags?post=7354"}],"curies":[{"name":"wp","href":"https:\/\/api.w.org\/{rel}","templated":true}]}}