{"id":7360,"date":"2019-07-21T06:14:54","date_gmt":"2019-07-21T09:14:54","guid":{"rendered":"http:\/\/juacontecimentos.com.br\/site\/?p=7360"},"modified":"2019-07-21T06:14:54","modified_gmt":"2019-07-21T09:14:54","slug":"racismo-governador-do-maranhao-estuda-processar-bolsonaro","status":"publish","type":"post","link":"https:\/\/juacontecimentos.com.br\/site\/racismo-governador-do-maranhao-estuda-processar-bolsonaro\/","title":{"rendered":"Racismo? Governador do Maranh\u00e3o estuda processar Bolsonaro"},"content":{"rendered":"<p>Na sexta-feira (19\/07) antes do caf\u00e9 da manh\u00e3 com jornalistas internacionais come\u00e7ar, Bolsonaro disparou: &#8220;Dentre os governadores de &#8216;para\u00edba&#8217;, o pior de todos \u00e9 o do Maranh\u00e3o&#8221; e emendou: &#8220;N\u00e3o tem nem que ter papo com esse cara&#8221;. O presidente da Rep\u00fablica conversava com seu ministro da Casa Civil, Onyx Lorenzoni. O &#8216;para\u00edba&#8217; governador do Maranh\u00e3o \u00e9 Fl\u00e1vio Dino, do PC do B, partido de oposi\u00e7\u00e3o a Bolsonaro. Nesse s\u00e1bado (20\/07) concedeu entrevista e disse que avalia tomar provid\u00eancias junto a Procuradoria Geral da Rep\u00fablica &#8220;para apurar a atitude&#8221; de Bolsonaro.<\/p>\n<p>Em entrevista \u00e0 \u00c9poca, Dino afirmou que a declara\u00e7\u00e3o \u00e9 criminosa. &#8220;Configura um crime, previsto na lei que trata de racismo&#8221;. Para ele, um presidente dizer o que disse pode estimular outros a fazerem o mesmo. &#8220;Est\u00e1 praticando e incentivando que outros pratiquem o crime de racismo&#8221;, salientou.<\/p>\n<p>Fl\u00e1vio cobra explica\u00e7\u00f5es de Bolsonaro. &#8220;Se ele n\u00e3o se explicar, vamos tomar provid\u00eancias junto \u00e0 PGR para apurar a atitude dele&#8221;, explicou. Questionado se a declara\u00e7\u00e3o configura racismo, o governador do Maranh\u00e3o ressaltou que n\u00e3o apenas era um ato de racismo como tamb\u00e9m de amea\u00e7a. &#8220;Pode configurar tamb\u00e9m o crime de amea\u00e7a, ao dar uma determina\u00e7\u00e3o a um subordinado dele, o Onyx Lorenzoni, que n\u00e3o d\u00ea recursos &#8220;a esse cara&#8221; e emendou re-lembrando que mesmo na ditadura militar, o presidente Jo\u00e3o Figueiredo mantinha rela\u00e7\u00e3o com diversos governadores da oposi\u00e7\u00e3o. Citou Franco Montoro, do PSDB e Leonel Brizola do PDT, como exemplos. &#8220;\u00c9 at\u00edpico que ele determine ao ministro que coordena o governo que persiga um governador. Porque isso?&#8221;, concluiu.<br \/>\n<\/p>\n","protected":false},"excerpt":{"rendered":"<p>Na sexta-feira (19\/07) antes do caf\u00e9 da manh\u00e3 com jornalistas internacionais come\u00e7ar, Bolsonaro disparou: &#8220;Dentre os governadores de &#8216;para\u00edba&#8217;, o pior de todos \u00e9 o do Maranh\u00e3o&#8221; e emendou: &#8220;N\u00e3o tem nem que ter papo com esse cara&#8221;. O presidente da Rep\u00fablica conversava com seu ministro da Casa Civil, Onyx Lorenzoni. O &#8216;para\u00edba&#8217; governador do<\/p>\n","protected":false},"author":2,"featured_media":7361,"comment_status":"open","ping_status":"open","sticky":false,"template":"","format":"standard","meta":{"footnotes":""},"categories":[27,22,26,23],"tags":[],"class_list":["post-7360","post","type-post","status-publish","format-standard","has-post-thumbnail","hentry","category-brasil","category-catalao","category-destaque","category-goias"],"yoast_head":"<!-- This site is optimized with the Yoast SEO plugin v25.8 - https:\/\/yoast.com\/wordpress\/plugins\/seo\/ -->\n<title>Racismo? Governador do Maranh\u00e3o estuda processar Bolsonaro - Jornal Ultimos Acontecimentos<\/title>\n<meta name=\"robots\" content=\"index, follow, max-snippet:-1, max-image-preview:large, max-video-preview:-1\" \/>\n<link rel=\"canonical\" href=\"https:\/\/juacontecimentos.com.br\/site\/racismo-governador-do-maranhao-estuda-processar-bolsonaro\/\" \/>\n<meta property=\"og:locale\" content=\"pt_BR\" \/>\n<meta property=\"og:type\" content=\"article\" \/>\n<meta property=\"og:title\" content=\"Racismo? Governador do Maranh\u00e3o estuda processar Bolsonaro - Jornal Ultimos Acontecimentos\" \/>\n<meta property=\"og:description\" content=\"Na sexta-feira (19\/07) antes do caf\u00e9 da manh\u00e3 com jornalistas internacionais come\u00e7ar, Bolsonaro disparou: &#8220;Dentre os governadores de &#8216;para\u00edba&#8217;, o pior de todos \u00e9 o do Maranh\u00e3o&#8221; e emendou: &#8220;N\u00e3o tem nem que ter papo com esse cara&#8221;. O presidente da Rep\u00fablica conversava com seu ministro da Casa Civil, Onyx Lorenzoni. O &#8216;para\u00edba&#8217; governador do\" \/>\n<meta property=\"og:url\" content=\"https:\/\/juacontecimentos.com.br\/site\/racismo-governador-do-maranhao-estuda-processar-bolsonaro\/\" \/>\n<meta property=\"og:site_name\" content=\"Jornal Ultimos Acontecimentos\" \/>\n<meta property=\"article:publisher\" content=\"https:\/\/www.facebook.com\/jultimosacontecimentos\/\" \/>\n<meta property=\"article:published_time\" content=\"2019-07-21T09:14:54+00:00\" \/>\n<meta property=\"og:image\" content=\"https:\/\/juacontecimentos.com.br\/site\/wp-content\/uploads\/2019\/07\/governador_do_maranhao_.jpg\" \/>\n\t<meta property=\"og:image:width\" content=\"588\" \/>\n\t<meta property=\"og:image:height\" content=\"336\" \/>\n\t<meta property=\"og:image:type\" content=\"image\/jpeg\" \/>\n<meta name=\"author\" content=\"Reginaldo Ribeiro\" \/>\n<meta name=\"twitter:card\" content=\"summary_large_image\" \/>\n<meta name=\"twitter:label1\" content=\"Escrito por\" \/>\n\t<meta name=\"twitter:data1\" content=\"Reginaldo Ribeiro\" \/>\n\t<meta name=\"twitter:label2\" content=\"Est. tempo de leitura\" \/>\n\t<meta name=\"twitter:data2\" content=\"1 minuto\" \/>\n<script type=\"application\/ld+json\" class=\"yoast-schema-graph\">{\"@context\":\"https:\/\/schema.org\",\"@graph\":[{\"@type\":\"Article\",\"@id\":\"https:\/\/juacontecimentos.com.br\/site\/racismo-governador-do-maranhao-estuda-processar-bolsonaro\/#article\",\"isPartOf\":{\"@id\":\"https:\/\/juacontecimentos.com.br\/site\/racismo-governador-do-maranhao-estuda-processar-bolsonaro\/\"},\"author\":{\"name\":\"Reginaldo Ribeiro\",\"@id\":\"https:\/\/juacontecimentos.com.br\/site\/#\/schema\/person\/082a54e6d3fdd7a633291428521c9669\"},\"headline\":\"Racismo? Governador do Maranh\u00e3o estuda processar Bolsonaro\",\"datePublished\":\"2019-07-21T09:14:54+00:00\",\"mainEntityOfPage\":{\"@id\":\"https:\/\/juacontecimentos.com.br\/site\/racismo-governador-do-maranhao-estuda-processar-bolsonaro\/\"},\"wordCount\":288,\"commentCount\":0,\"publisher\":{\"@id\":\"https:\/\/juacontecimentos.com.br\/site\/#organization\"},\"image\":{\"@id\":\"https:\/\/juacontecimentos.com.br\/site\/racismo-governador-do-maranhao-estuda-processar-bolsonaro\/#primaryimage\"},\"thumbnailUrl\":\"https:\/\/juacontecimentos.com.br\/site\/wp-content\/uploads\/2019\/07\/governador_do_maranhao_.jpg\",\"articleSection\":[\"Brasil\",\"Catal\u00e3o\",\"Destaque\",\"Goi\u00e1s\"],\"inLanguage\":\"pt-BR\"},{\"@type\":\"WebPage\",\"@id\":\"https:\/\/juacontecimentos.com.br\/site\/racismo-governador-do-maranhao-estuda-processar-bolsonaro\/\",\"url\":\"https:\/\/juacontecimentos.com.br\/site\/racismo-governador-do-maranhao-estuda-processar-bolsonaro\/\",\"name\":\"Racismo? Governador do Maranh\u00e3o estuda processar Bolsonaro - Jornal Ultimos Acontecimentos\",\"isPartOf\":{\"@id\":\"https:\/\/juacontecimentos.com.br\/site\/#website\"},\"primaryImageOfPage\":{\"@id\":\"https:\/\/juacontecimentos.com.br\/site\/racismo-governador-do-maranhao-estuda-processar-bolsonaro\/#primaryimage\"},\"image\":{\"@id\":\"https:\/\/juacontecimentos.com.br\/site\/racismo-governador-do-maranhao-estuda-processar-bolsonaro\/#primaryimage\"},\"thumbnailUrl\":\"https:\/\/juacontecimentos.com.br\/site\/wp-content\/uploads\/2019\/07\/governador_do_maranhao_.jpg\",\"datePublished\":\"2019-07-21T09:14:54+00:00\",\"breadcrumb\":{\"@id\":\"https:\/\/juacontecimentos.com.br\/site\/racismo-governador-do-maranhao-estuda-processar-bolsonaro\/#breadcrumb\"},\"inLanguage\":\"pt-BR\",\"potentialAction\":[{\"@type\":\"ReadAction\",\"target\":[\"https:\/\/juacontecimentos.com.br\/site\/racismo-governador-do-maranhao-estuda-processar-bolsonaro\/\"]}]},{\"@type\":\"ImageObject\",\"inLanguage\":\"pt-BR\",\"@id\":\"https:\/\/juacontecimentos.com.br\/site\/racismo-governador-do-maranhao-estuda-processar-bolsonaro\/#primaryimage\",\"url\":\"https:\/\/juacontecimentos.com.br\/site\/wp-content\/uploads\/2019\/07\/governador_do_maranhao_.jpg\",\"contentUrl\":\"https:\/\/juacontecimentos.com.br\/site\/wp-content\/uploads\/2019\/07\/governador_do_maranhao_.jpg\",\"width\":588,\"height\":336},{\"@type\":\"BreadcrumbList\",\"@id\":\"https:\/\/juacontecimentos.com.br\/site\/racismo-governador-do-maranhao-estuda-processar-bolsonaro\/#breadcrumb\",\"itemListElement\":[{\"@type\":\"ListItem\",\"position\":1,\"name\":\"In\u00edcio\",\"item\":\"https:\/\/juacontecimentos.com.br\/site\/\"},{\"@type\":\"ListItem\",\"position\":2,\"name\":\"Racismo? Governador do Maranh\u00e3o estuda processar Bolsonaro\"}]},{\"@type\":\"WebSite\",\"@id\":\"https:\/\/juacontecimentos.com.br\/site\/#website\",\"url\":\"https:\/\/juacontecimentos.com.br\/site\/\",\"name\":\"Jornal Ultimos Acontecimentos\",\"description\":\"Catal\u00e3o e regi\u00e3o\",\"publisher\":{\"@id\":\"https:\/\/juacontecimentos.com.br\/site\/#organization\"},\"potentialAction\":[{\"@type\":\"SearchAction\",\"target\":{\"@type\":\"EntryPoint\",\"urlTemplate\":\"https:\/\/juacontecimentos.com.br\/site\/?s={search_term_string}\"},\"query-input\":{\"@type\":\"PropertyValueSpecification\",\"valueRequired\":true,\"valueName\":\"search_term_string\"}}],\"inLanguage\":\"pt-BR\"},{\"@type\":\"Organization\",\"@id\":\"https:\/\/juacontecimentos.com.br\/site\/#organization\",\"name\":\"Jornal Ultimos Acontecimentos\",\"url\":\"https:\/\/juacontecimentos.com.br\/site\/\",\"logo\":{\"@type\":\"ImageObject\",\"inLanguage\":\"pt-BR\",\"@id\":\"https:\/\/juacontecimentos.com.br\/site\/#\/schema\/logo\/image\/\",\"url\":\"https:\/\/juacontecimentos.com.br\/site\/wp-content\/uploads\/2023\/04\/Logo_Site.png\",\"contentUrl\":\"https:\/\/juacontecimentos.com.br\/site\/wp-content\/uploads\/2023\/04\/Logo_Site.png\",\"width\":2476,\"height\":530,\"caption\":\"Jornal Ultimos Acontecimentos\"},\"image\":{\"@id\":\"https:\/\/juacontecimentos.com.br\/site\/#\/schema\/logo\/image\/\"},\"sameAs\":[\"https:\/\/www.facebook.com\/jultimosacontecimentos\/\"]},{\"@type\":\"Person\",\"@id\":\"https:\/\/juacontecimentos.com.br\/site\/#\/schema\/person\/082a54e6d3fdd7a633291428521c9669\",\"name\":\"Reginaldo Ribeiro\",\"image\":{\"@type\":\"ImageObject\",\"inLanguage\":\"pt-BR\",\"@id\":\"https:\/\/juacontecimentos.com.br\/site\/#\/schema\/person\/image\/\",\"url\":\"https:\/\/secure.gravatar.com\/avatar\/5c16c6837c3490270a74d888c2a845728f06bdde1f8761de1de1d1d1ef82d12f?s=96&d=mm&r=g\",\"contentUrl\":\"https:\/\/secure.gravatar.com\/avatar\/5c16c6837c3490270a74d888c2a845728f06bdde1f8761de1de1d1d1ef82d12f?s=96&d=mm&r=g\",\"caption\":\"Reginaldo Ribeiro\"}}]}<\/script>\n<!-- \/ Yoast SEO plugin. -->","yoast_head_json":{"title":"Racismo? Governador do Maranh\u00e3o estuda processar Bolsonaro - Jornal Ultimos Acontecimentos","robots":{"index":"index","follow":"follow","max-snippet":"max-snippet:-1","max-image-preview":"max-image-preview:large","max-video-preview":"max-video-preview:-1"},"canonical":"https:\/\/juacontecimentos.com.br\/site\/racismo-governador-do-maranhao-estuda-processar-bolsonaro\/","og_locale":"pt_BR","og_type":"article","og_title":"Racismo? Governador do Maranh\u00e3o estuda processar Bolsonaro - Jornal Ultimos Acontecimentos","og_description":"Na sexta-feira (19\/07) antes do caf\u00e9 da manh\u00e3 com jornalistas internacionais come\u00e7ar, Bolsonaro disparou: &#8220;Dentre os governadores de &#8216;para\u00edba&#8217;, o pior de todos \u00e9 o do Maranh\u00e3o&#8221; e emendou: &#8220;N\u00e3o tem nem que ter papo com esse cara&#8221;. O presidente da Rep\u00fablica conversava com seu ministro da Casa Civil, Onyx Lorenzoni. O &#8216;para\u00edba&#8217; governador do","og_url":"https:\/\/juacontecimentos.com.br\/site\/racismo-governador-do-maranhao-estuda-processar-bolsonaro\/","og_site_name":"Jornal Ultimos Acontecimentos","article_publisher":"https:\/\/www.facebook.com\/jultimosacontecimentos\/","article_published_time":"2019-07-21T09:14:54+00:00","og_image":[{"width":588,"height":336,"url":"https:\/\/juacontecimentos.com.br\/site\/wp-content\/uploads\/2019\/07\/governador_do_maranhao_.jpg","type":"image\/jpeg"}],"author":"Reginaldo Ribeiro","twitter_card":"summary_large_image","twitter_misc":{"Escrito por":"Reginaldo Ribeiro","Est. tempo de leitura":"1 minuto"},"schema":{"@context":"https:\/\/schema.org","@graph":[{"@type":"Article","@id":"https:\/\/juacontecimentos.com.br\/site\/racismo-governador-do-maranhao-estuda-processar-bolsonaro\/#article","isPartOf":{"@id":"https:\/\/juacontecimentos.com.br\/site\/racismo-governador-do-maranhao-estuda-processar-bolsonaro\/"},"author":{"name":"Reginaldo Ribeiro","@id":"https:\/\/juacontecimentos.com.br\/site\/#\/schema\/person\/082a54e6d3fdd7a633291428521c9669"},"headline":"Racismo? Governador do Maranh\u00e3o estuda processar Bolsonaro","datePublished":"2019-07-21T09:14:54+00:00","mainEntityOfPage":{"@id":"https:\/\/juacontecimentos.com.br\/site\/racismo-governador-do-maranhao-estuda-processar-bolsonaro\/"},"wordCount":288,"commentCount":0,"publisher":{"@id":"https:\/\/juacontecimentos.com.br\/site\/#organization"},"image":{"@id":"https:\/\/juacontecimentos.com.br\/site\/racismo-governador-do-maranhao-estuda-processar-bolsonaro\/#primaryimage"},"thumbnailUrl":"https:\/\/juacontecimentos.com.br\/site\/wp-content\/uploads\/2019\/07\/governador_do_maranhao_.jpg","articleSection":["Brasil","Catal\u00e3o","Destaque","Goi\u00e1s"],"inLanguage":"pt-BR"},{"@type":"WebPage","@id":"https:\/\/juacontecimentos.com.br\/site\/racismo-governador-do-maranhao-estuda-processar-bolsonaro\/","url":"https:\/\/juacontecimentos.com.br\/site\/racismo-governador-do-maranhao-estuda-processar-bolsonaro\/","name":"Racismo? Governador do Maranh\u00e3o estuda processar Bolsonaro - Jornal Ultimos Acontecimentos","isPartOf":{"@id":"https:\/\/juacontecimentos.com.br\/site\/#website"},"primaryImageOfPage":{"@id":"https:\/\/juacontecimentos.com.br\/site\/racismo-governador-do-maranhao-estuda-processar-bolsonaro\/#primaryimage"},"image":{"@id":"https:\/\/juacontecimentos.com.br\/site\/racismo-governador-do-maranhao-estuda-processar-bolsonaro\/#primaryimage"},"thumbnailUrl":"https:\/\/juacontecimentos.com.br\/site\/wp-content\/uploads\/2019\/07\/governador_do_maranhao_.jpg","datePublished":"2019-07-21T09:14:54+00:00","breadcrumb":{"@id":"https:\/\/juacontecimentos.com.br\/site\/racismo-governador-do-maranhao-estuda-processar-bolsonaro\/#breadcrumb"},"inLanguage":"pt-BR","potentialAction":[{"@type":"ReadAction","target":["https:\/\/juacontecimentos.com.br\/site\/racismo-governador-do-maranhao-estuda-processar-bolsonaro\/"]}]},{"@type":"ImageObject","inLanguage":"pt-BR","@id":"https:\/\/juacontecimentos.com.br\/site\/racismo-governador-do-maranhao-estuda-processar-bolsonaro\/#primaryimage","url":"https:\/\/juacontecimentos.com.br\/site\/wp-content\/uploads\/2019\/07\/governador_do_maranhao_.jpg","contentUrl":"https:\/\/juacontecimentos.com.br\/site\/wp-content\/uploads\/2019\/07\/governador_do_maranhao_.jpg","width":588,"height":336},{"@type":"BreadcrumbList","@id":"https:\/\/juacontecimentos.com.br\/site\/racismo-governador-do-maranhao-estuda-processar-bolsonaro\/#breadcrumb","itemListElement":[{"@type":"ListItem","position":1,"name":"In\u00edcio","item":"https:\/\/juacontecimentos.com.br\/site\/"},{"@type":"ListItem","position":2,"name":"Racismo? Governador do Maranh\u00e3o estuda processar Bolsonaro"}]},{"@type":"WebSite","@id":"https:\/\/juacontecimentos.com.br\/site\/#website","url":"https:\/\/juacontecimentos.com.br\/site\/","name":"Jornal Ultimos Acontecimentos","description":"Catal\u00e3o e regi\u00e3o","publisher":{"@id":"https:\/\/juacontecimentos.com.br\/site\/#organization"},"potentialAction":[{"@type":"SearchAction","target":{"@type":"EntryPoint","urlTemplate":"https:\/\/juacontecimentos.com.br\/site\/?s={search_term_string}"},"query-input":{"@type":"PropertyValueSpecification","valueRequired":true,"valueName":"search_term_string"}}],"inLanguage":"pt-BR"},{"@type":"Organization","@id":"https:\/\/juacontecimentos.com.br\/site\/#organization","name":"Jornal Ultimos Acontecimentos","url":"https:\/\/juacontecimentos.com.br\/site\/","logo":{"@type":"ImageObject","inLanguage":"pt-BR","@id":"https:\/\/juacontecimentos.com.br\/site\/#\/schema\/logo\/image\/","url":"https:\/\/juacontecimentos.com.br\/site\/wp-content\/uploads\/2023\/04\/Logo_Site.png","contentUrl":"https:\/\/juacontecimentos.com.br\/site\/wp-content\/uploads\/2023\/04\/Logo_Site.png","width":2476,"height":530,"caption":"Jornal Ultimos Acontecimentos"},"image":{"@id":"https:\/\/juacontecimentos.com.br\/site\/#\/schema\/logo\/image\/"},"sameAs":["https:\/\/www.facebook.com\/jultimosacontecimentos\/"]},{"@type":"Person","@id":"https:\/\/juacontecimentos.com.br\/site\/#\/schema\/person\/082a54e6d3fdd7a633291428521c9669","name":"Reginaldo Ribeiro","image":{"@type":"ImageObject","inLanguage":"pt-BR","@id":"https:\/\/juacontecimentos.com.br\/site\/#\/schema\/person\/image\/","url":"https:\/\/secure.gravatar.com\/avatar\/5c16c6837c3490270a74d888c2a845728f06bdde1f8761de1de1d1d1ef82d12f?s=96&d=mm&r=g","contentUrl":"https:\/\/secure.gravatar.com\/avatar\/5c16c6837c3490270a74d888c2a845728f06bdde1f8761de1de1d1d1ef82d12f?s=96&d=mm&r=g","caption":"Reginaldo Ribeiro"}}]}},"_links":{"self":[{"href":"https:\/\/juacontecimentos.com.br\/site\/wp-json\/wp\/v2\/posts\/7360","targetHints":{"allow":["GET"]}}],"collection":[{"href":"https:\/\/juacontecimentos.com.br\/site\/wp-json\/wp\/v2\/posts"}],"about":[{"href":"https:\/\/juacontecimentos.com.br\/site\/wp-json\/wp\/v2\/types\/post"}],"author":[{"embeddable":true,"href":"https:\/\/juacontecimentos.com.br\/site\/wp-json\/wp\/v2\/users\/2"}],"replies":[{"embeddable":true,"href":"https:\/\/juacontecimentos.com.br\/site\/wp-json\/wp\/v2\/comments?post=7360"}],"version-history":[{"count":1,"href":"https:\/\/juacontecimentos.com.br\/site\/wp-json\/wp\/v2\/posts\/7360\/revisions"}],"predecessor-version":[{"id":7362,"href":"https:\/\/juacontecimentos.com.br\/site\/wp-json\/wp\/v2\/posts\/7360\/revisions\/7362"}],"wp:featuredmedia":[{"embeddable":true,"href":"https:\/\/juacontecimentos.com.br\/site\/wp-json\/wp\/v2\/media\/7361"}],"wp:attachment":[{"href":"https:\/\/juacontecimentos.com.br\/site\/wp-json\/wp\/v2\/media?parent=7360"}],"wp:term":[{"taxonomy":"category","embeddable":true,"href":"https:\/\/juacontecimentos.com.br\/site\/wp-json\/wp\/v2\/categories?post=7360"},{"taxonomy":"post_tag","embeddable":true,"href":"https:\/\/juacontecimentos.com.br\/site\/wp-json\/wp\/v2\/tags?post=7360"}],"curies":[{"name":"wp","href":"https:\/\/api.w.org\/{rel}","templated":true}]}}