{"id":8473,"date":"2019-11-10T21:03:47","date_gmt":"2019-11-10T23:03:47","guid":{"rendered":"http:\/\/juacontecimentos.com.br\/site\/?p=8473"},"modified":"2019-11-10T21:03:47","modified_gmt":"2019-11-10T23:03:47","slug":"pai-do-vereador-tapera-e-homenageado-em-posto-de-saude","status":"publish","type":"post","link":"https:\/\/juacontecimentos.com.br\/site\/pai-do-vereador-tapera-e-homenageado-em-posto-de-saude\/","title":{"rendered":"Pai do vereador Tapera \u00e9 homenageado em Posto de Sa\u00fade"},"content":{"rendered":"<p><img loading=\"lazy\" decoding=\"async\" class=\"alignnone wp-image-8429 size-large\" src=\"http:\/\/juacontecimentos.com.br\/site\/wp-content\/uploads\/2019\/11\/IMG_20191110_105333142_HDR-1024x768.jpg\" alt=\"\" width=\"900\" height=\"675\" \/><\/p>\n<p>Na manh\u00e3 deste domingo (10), foi inaugurado o novo Posto de Sa\u00fade de Campo Alegre de Goi\u00e1s. A nova estrutura p\u00fablica foi inaugurada com o nome \u201cClementino Pereira dos Santos Netto\u201d. O homenageado \u00e9 pai do vereador e presidente da C\u00e2mara de Vereadores &#8211; Celio Pereira dos Santos \u2013 popular C\u00e9lio Tapera.<\/p>\n<p>A inaugura\u00e7\u00e3o contou com a presen\u00e7a do Prefeito Municipal Z\u00e9 Ant\u00f4nio, deputado Federal Adriano do Baldy, primeira-dama Cidinha, Vereadores, Secret\u00e1rios municipais, secret\u00e1ria de sa\u00fade, Meire L\u00facia Pereira<strong>, <\/strong>familiares e mun\u00edcipes.<\/p>\n<p>\u201cTodo mundo conheceu Clementino, o que ele fez pelo nosso munic\u00edpio vai ficar marcado para sempre\u201d, afirmou o vereador Tapera.<\/p>\n<p>A indica\u00e7\u00e3o do nome do senhor Clementino, foi aprovado pelos vereadores em plen\u00e1rio, que tamb\u00e9m fizeram quest\u00e3o de relembrar as a\u00e7\u00f5es do homenageado, com uma vida simples ajudou muitas fam\u00edlias e deixou seu legado.<\/p>\n<p>Texto \/ Fotos: Reginaldo Ribeiro<\/p>\n<p><img loading=\"lazy\" decoding=\"async\" class=\"alignnone wp-image-8417 size-large\" src=\"http:\/\/juacontecimentos.com.br\/site\/wp-content\/uploads\/2019\/11\/IMG_20191110_103451173-1024x768.jpg\" alt=\"\" width=\"900\" height=\"675\" srcset=\"https:\/\/juacontecimentos.com.br\/site\/wp-content\/uploads\/2019\/11\/IMG_20191110_103451173-1024x768.jpg 1024w, https:\/\/juacontecimentos.com.br\/site\/wp-content\/uploads\/2019\/11\/IMG_20191110_103451173-300x225.jpg 300w, https:\/\/juacontecimentos.com.br\/site\/wp-content\/uploads\/2019\/11\/IMG_20191110_103451173-768x576.jpg 768w\" sizes=\"auto, (max-width: 900px) 100vw, 900px\" \/> <img loading=\"lazy\" decoding=\"async\" class=\"alignnone wp-image-8424 size-large\" src=\"http:\/\/juacontecimentos.com.br\/site\/wp-content\/uploads\/2019\/11\/IMG_20191110_104207638-1024x768.jpg\" alt=\"\" width=\"900\" height=\"675\" srcset=\"https:\/\/juacontecimentos.com.br\/site\/wp-content\/uploads\/2019\/11\/IMG_20191110_104207638-1024x768.jpg 1024w, https:\/\/juacontecimentos.com.br\/site\/wp-content\/uploads\/2019\/11\/IMG_20191110_104207638-300x225.jpg 300w, https:\/\/juacontecimentos.com.br\/site\/wp-content\/uploads\/2019\/11\/IMG_20191110_104207638-768x576.jpg 768w\" sizes=\"auto, (max-width: 900px) 100vw, 900px\" \/> <img loading=\"lazy\" decoding=\"async\" class=\"alignnone wp-image-8475 size-large\" src=\"http:\/\/juacontecimentos.com.br\/site\/wp-content\/uploads\/2019\/11\/IMG_20191110_103741741-1-1024x768.jpg\" alt=\"\" width=\"900\" height=\"675\" srcset=\"https:\/\/juacontecimentos.com.br\/site\/wp-content\/uploads\/2019\/11\/IMG_20191110_103741741-1-1024x768.jpg 1024w, https:\/\/juacontecimentos.com.br\/site\/wp-content\/uploads\/2019\/11\/IMG_20191110_103741741-1-300x225.jpg 300w, https:\/\/juacontecimentos.com.br\/site\/wp-content\/uploads\/2019\/11\/IMG_20191110_103741741-1-768x576.jpg 768w\" sizes=\"auto, (max-width: 900px) 100vw, 900px\" \/> <img loading=\"lazy\" decoding=\"async\" class=\"alignnone wp-image-8476 size-large\" src=\"http:\/\/juacontecimentos.com.br\/site\/wp-content\/uploads\/2019\/11\/IMG_20191110_103829172-1-1024x768.jpg\" alt=\"\" width=\"900\" height=\"675\" srcset=\"https:\/\/juacontecimentos.com.br\/site\/wp-content\/uploads\/2019\/11\/IMG_20191110_103829172-1-1024x768.jpg 1024w, https:\/\/juacontecimentos.com.br\/site\/wp-content\/uploads\/2019\/11\/IMG_20191110_103829172-1-300x225.jpg 300w, https:\/\/juacontecimentos.com.br\/site\/wp-content\/uploads\/2019\/11\/IMG_20191110_103829172-1-768x576.jpg 768w\" sizes=\"auto, (max-width: 900px) 100vw, 900px\" \/> <img loading=\"lazy\" decoding=\"async\" class=\"alignnone wp-image-8477 size-large\" src=\"http:\/\/juacontecimentos.com.br\/site\/wp-content\/uploads\/2019\/11\/IMG_20191110_105144895-1024x768.jpg\" alt=\"\" width=\"900\" height=\"675\" srcset=\"https:\/\/juacontecimentos.com.br\/site\/wp-content\/uploads\/2019\/11\/IMG_20191110_105144895-1024x768.jpg 1024w, https:\/\/juacontecimentos.com.br\/site\/wp-content\/uploads\/2019\/11\/IMG_20191110_105144895-300x225.jpg 300w, https:\/\/juacontecimentos.com.br\/site\/wp-content\/uploads\/2019\/11\/IMG_20191110_105144895-768x576.jpg 768w\" sizes=\"auto, (max-width: 900px) 100vw, 900px\" \/> <img loading=\"lazy\" decoding=\"async\" class=\"alignnone wp-image-8478 size-large\" src=\"http:\/\/juacontecimentos.com.br\/site\/wp-content\/uploads\/2019\/11\/IMG_20191110_105148253-1-1024x768.jpg\" alt=\"\" width=\"900\" height=\"675\" srcset=\"https:\/\/juacontecimentos.com.br\/site\/wp-content\/uploads\/2019\/11\/IMG_20191110_105148253-1-1024x768.jpg 1024w, https:\/\/juacontecimentos.com.br\/site\/wp-content\/uploads\/2019\/11\/IMG_20191110_105148253-1-300x225.jpg 300w, https:\/\/juacontecimentos.com.br\/site\/wp-content\/uploads\/2019\/11\/IMG_20191110_105148253-1-768x576.jpg 768w\" sizes=\"auto, (max-width: 900px) 100vw, 900px\" \/> <img loading=\"lazy\" decoding=\"async\" class=\"alignnone wp-image-8480 size-large\" src=\"http:\/\/juacontecimentos.com.br\/site\/wp-content\/uploads\/2019\/11\/IMG_20191110_105226116-1-1024x768.jpg\" alt=\"\" width=\"900\" height=\"675\" srcset=\"https:\/\/juacontecimentos.com.br\/site\/wp-content\/uploads\/2019\/11\/IMG_20191110_105226116-1-1024x768.jpg 1024w, https:\/\/juacontecimentos.com.br\/site\/wp-content\/uploads\/2019\/11\/IMG_20191110_105226116-1-300x225.jpg 300w, https:\/\/juacontecimentos.com.br\/site\/wp-content\/uploads\/2019\/11\/IMG_20191110_105226116-1-768x576.jpg 768w\" sizes=\"auto, (max-width: 900px) 100vw, 900px\" \/> <img loading=\"lazy\" decoding=\"async\" class=\"alignnone wp-image-8481 size-large\" src=\"http:\/\/juacontecimentos.com.br\/site\/wp-content\/uploads\/2019\/11\/IMG_20191110_105234055-1-1024x768.jpg\" alt=\"\" width=\"900\" height=\"675\" srcset=\"https:\/\/juacontecimentos.com.br\/site\/wp-content\/uploads\/2019\/11\/IMG_20191110_105234055-1-1024x768.jpg 1024w, https:\/\/juacontecimentos.com.br\/site\/wp-content\/uploads\/2019\/11\/IMG_20191110_105234055-1-300x225.jpg 300w, https:\/\/juacontecimentos.com.br\/site\/wp-content\/uploads\/2019\/11\/IMG_20191110_105234055-1-768x576.jpg 768w\" sizes=\"auto, (max-width: 900px) 100vw, 900px\" \/> <img loading=\"lazy\" decoding=\"async\" class=\"alignnone wp-image-8482 size-large\" src=\"http:\/\/juacontecimentos.com.br\/site\/wp-content\/uploads\/2019\/11\/IMG_20191110_105239272-1-1024x768.jpg\" alt=\"\" width=\"900\" height=\"675\" srcset=\"https:\/\/juacontecimentos.com.br\/site\/wp-content\/uploads\/2019\/11\/IMG_20191110_105239272-1-1024x768.jpg 1024w, https:\/\/juacontecimentos.com.br\/site\/wp-content\/uploads\/2019\/11\/IMG_20191110_105239272-1-300x225.jpg 300w, https:\/\/juacontecimentos.com.br\/site\/wp-content\/uploads\/2019\/11\/IMG_20191110_105239272-1-768x576.jpg 768w\" sizes=\"auto, (max-width: 900px) 100vw, 900px\" \/> <img loading=\"lazy\" decoding=\"async\" class=\"alignnone wp-image-8484 size-large\" src=\"http:\/\/juacontecimentos.com.br\/site\/wp-content\/uploads\/2019\/11\/IMG_20191110_105335748-1-1024x768.jpg\" alt=\"\" width=\"900\" height=\"675\" srcset=\"https:\/\/juacontecimentos.com.br\/site\/wp-content\/uploads\/2019\/11\/IMG_20191110_105335748-1-1024x768.jpg 1024w, https:\/\/juacontecimentos.com.br\/site\/wp-content\/uploads\/2019\/11\/IMG_20191110_105335748-1-300x225.jpg 300w, https:\/\/juacontecimentos.com.br\/site\/wp-content\/uploads\/2019\/11\/IMG_20191110_105335748-1-768x576.jpg 768w\" sizes=\"auto, (max-width: 900px) 100vw, 900px\" \/> <img loading=\"lazy\" decoding=\"async\" class=\"alignnone wp-image-8485 size-large\" src=\"http:\/\/juacontecimentos.com.br\/site\/wp-content\/uploads\/2019\/11\/IMG_20191110_105503979-1024x768.jpg\" alt=\"\" width=\"900\" height=\"675\" srcset=\"https:\/\/juacontecimentos.com.br\/site\/wp-content\/uploads\/2019\/11\/IMG_20191110_105503979-1024x768.jpg 1024w, https:\/\/juacontecimentos.com.br\/site\/wp-content\/uploads\/2019\/11\/IMG_20191110_105503979-300x225.jpg 300w, https:\/\/juacontecimentos.com.br\/site\/wp-content\/uploads\/2019\/11\/IMG_20191110_105503979-768x576.jpg 768w\" sizes=\"auto, (max-width: 900px) 100vw, 900px\" \/> <img loading=\"lazy\" decoding=\"async\" class=\"alignnone wp-image-8428 size-large\" src=\"http:\/\/juacontecimentos.com.br\/site\/wp-content\/uploads\/2019\/11\/IMG_20191110_105239272-1024x768.jpg\" alt=\"\" width=\"900\" height=\"675\" srcset=\"https:\/\/juacontecimentos.com.br\/site\/wp-content\/uploads\/2019\/11\/IMG_20191110_105239272-1024x768.jpg 1024w, https:\/\/juacontecimentos.com.br\/site\/wp-content\/uploads\/2019\/11\/IMG_20191110_105239272-300x225.jpg 300w, https:\/\/juacontecimentos.com.br\/site\/wp-content\/uploads\/2019\/11\/IMG_20191110_105239272-768x576.jpg 768w\" sizes=\"auto, (max-width: 900px) 100vw, 900px\" \/> <img loading=\"lazy\" decoding=\"async\" class=\"alignnone wp-image-8427 size-large\" src=\"http:\/\/juacontecimentos.com.br\/site\/wp-content\/uploads\/2019\/11\/IMG_20191110_105234055-1024x768.jpg\" alt=\"\" width=\"900\" height=\"675\" srcset=\"https:\/\/juacontecimentos.com.br\/site\/wp-content\/uploads\/2019\/11\/IMG_20191110_105234055-1024x768.jpg 1024w, https:\/\/juacontecimentos.com.br\/site\/wp-content\/uploads\/2019\/11\/IMG_20191110_105234055-300x225.jpg 300w, https:\/\/juacontecimentos.com.br\/site\/wp-content\/uploads\/2019\/11\/IMG_20191110_105234055-768x576.jpg 768w\" sizes=\"auto, (max-width: 900px) 100vw, 900px\" \/> <img loading=\"lazy\" decoding=\"async\" class=\"alignnone wp-image-8426 size-large\" src=\"http:\/\/juacontecimentos.com.br\/site\/wp-content\/uploads\/2019\/11\/IMG_20191110_105226116-1024x768.jpg\" alt=\"\" width=\"900\" height=\"675\" srcset=\"https:\/\/juacontecimentos.com.br\/site\/wp-content\/uploads\/2019\/11\/IMG_20191110_105226116-1024x768.jpg 1024w, https:\/\/juacontecimentos.com.br\/site\/wp-content\/uploads\/2019\/11\/IMG_20191110_105226116-300x225.jpg 300w, https:\/\/juacontecimentos.com.br\/site\/wp-content\/uploads\/2019\/11\/IMG_20191110_105226116-768x576.jpg 768w\" sizes=\"auto, (max-width: 900px) 100vw, 900px\" \/> <img loading=\"lazy\" decoding=\"async\" class=\"alignnone wp-image-8418 size-large\" src=\"http:\/\/juacontecimentos.com.br\/site\/wp-content\/uploads\/2019\/11\/IMG_20191110_103741741-1024x768.jpg\" alt=\"\" width=\"900\" height=\"675\" srcset=\"https:\/\/juacontecimentos.com.br\/site\/wp-content\/uploads\/2019\/11\/IMG_20191110_103741741-1024x768.jpg 1024w, https:\/\/juacontecimentos.com.br\/site\/wp-content\/uploads\/2019\/11\/IMG_20191110_103741741-300x225.jpg 300w, https:\/\/juacontecimentos.com.br\/site\/wp-content\/uploads\/2019\/11\/IMG_20191110_103741741-768x576.jpg 768w\" sizes=\"auto, (max-width: 900px) 100vw, 900px\" \/> <img loading=\"lazy\" decoding=\"async\" class=\"alignnone wp-image-8417 size-large\" src=\"http:\/\/juacontecimentos.com.br\/site\/wp-content\/uploads\/2019\/11\/IMG_20191110_103451173-1024x768.jpg\" alt=\"\" width=\"900\" height=\"675\" srcset=\"https:\/\/juacontecimentos.com.br\/site\/wp-content\/uploads\/2019\/11\/IMG_20191110_103451173-1024x768.jpg 1024w, https:\/\/juacontecimentos.com.br\/site\/wp-content\/uploads\/2019\/11\/IMG_20191110_103451173-300x225.jpg 300w, https:\/\/juacontecimentos.com.br\/site\/wp-content\/uploads\/2019\/11\/IMG_20191110_103451173-768x576.jpg 768w\" sizes=\"auto, (max-width: 900px) 100vw, 900px\" \/><br \/>\n<\/p>\n","protected":false},"excerpt":{"rendered":"<p>Na manh\u00e3 deste domingo (10), foi inaugurado o novo Posto de Sa\u00fade de Campo Alegre de Goi\u00e1s. A nova estrutura p\u00fablica foi inaugurada com o nome \u201cClementino Pereira dos Santos Netto\u201d. O homenageado \u00e9 pai do vereador e presidente da C\u00e2mara de Vereadores &#8211; Celio Pereira dos Santos \u2013 popular C\u00e9lio Tapera. A inaugura\u00e7\u00e3o contou<\/p>\n","protected":false},"author":2,"featured_media":8429,"comment_status":"open","ping_status":"open","sticky":false,"template":"","format":"standard","meta":{"footnotes":""},"categories":[27,22,26,23],"tags":[],"class_list":["post-8473","post","type-post","status-publish","format-standard","has-post-thumbnail","hentry","category-brasil","category-catalao","category-destaque","category-goias"],"yoast_head":"<!-- This site is optimized with the Yoast SEO plugin v25.8 - https:\/\/yoast.com\/wordpress\/plugins\/seo\/ -->\n<title>Pai do vereador Tapera \u00e9 homenageado em Posto de Sa\u00fade - Jornal Ultimos Acontecimentos<\/title>\n<meta name=\"robots\" content=\"index, follow, max-snippet:-1, max-image-preview:large, max-video-preview:-1\" \/>\n<link rel=\"canonical\" href=\"https:\/\/juacontecimentos.com.br\/site\/pai-do-vereador-tapera-e-homenageado-em-posto-de-saude\/\" \/>\n<meta property=\"og:locale\" content=\"pt_BR\" \/>\n<meta property=\"og:type\" content=\"article\" \/>\n<meta property=\"og:title\" content=\"Pai do vereador Tapera \u00e9 homenageado em Posto de Sa\u00fade - Jornal Ultimos Acontecimentos\" \/>\n<meta property=\"og:description\" content=\"Na manh\u00e3 deste domingo (10), foi inaugurado o novo Posto de Sa\u00fade de Campo Alegre de Goi\u00e1s. A nova estrutura p\u00fablica foi inaugurada com o nome \u201cClementino Pereira dos Santos Netto\u201d. O homenageado \u00e9 pai do vereador e presidente da C\u00e2mara de Vereadores &#8211; Celio Pereira dos Santos \u2013 popular C\u00e9lio Tapera. A inaugura\u00e7\u00e3o contou\" \/>\n<meta property=\"og:url\" content=\"https:\/\/juacontecimentos.com.br\/site\/pai-do-vereador-tapera-e-homenageado-em-posto-de-saude\/\" \/>\n<meta property=\"og:site_name\" content=\"Jornal Ultimos Acontecimentos\" \/>\n<meta property=\"article:publisher\" content=\"https:\/\/www.facebook.com\/jultimosacontecimentos\/\" \/>\n<meta property=\"article:published_time\" content=\"2019-11-10T23:03:47+00:00\" \/>\n<meta property=\"og:image\" content=\"https:\/\/juacontecimentos.com.br\/site\/wp-content\/uploads\/2019\/11\/IMG_20191110_105333142_HDR-e1573426660818.jpg\" \/>\n\t<meta property=\"og:image:width\" content=\"1000\" \/>\n\t<meta property=\"og:image:height\" content=\"750\" \/>\n\t<meta property=\"og:image:type\" content=\"image\/jpeg\" \/>\n<meta name=\"author\" content=\"Reginaldo Ribeiro\" \/>\n<meta name=\"twitter:card\" content=\"summary_large_image\" \/>\n<meta name=\"twitter:label1\" content=\"Escrito por\" \/>\n\t<meta name=\"twitter:data1\" content=\"Reginaldo Ribeiro\" \/>\n\t<meta name=\"twitter:label2\" content=\"Est. tempo de leitura\" \/>\n\t<meta name=\"twitter:data2\" content=\"1 minuto\" \/>\n<script type=\"application\/ld+json\" class=\"yoast-schema-graph\">{\"@context\":\"https:\/\/schema.org\",\"@graph\":[{\"@type\":\"Article\",\"@id\":\"https:\/\/juacontecimentos.com.br\/site\/pai-do-vereador-tapera-e-homenageado-em-posto-de-saude\/#article\",\"isPartOf\":{\"@id\":\"https:\/\/juacontecimentos.com.br\/site\/pai-do-vereador-tapera-e-homenageado-em-posto-de-saude\/\"},\"author\":{\"name\":\"Reginaldo Ribeiro\",\"@id\":\"https:\/\/juacontecimentos.com.br\/site\/#\/schema\/person\/082a54e6d3fdd7a633291428521c9669\"},\"headline\":\"Pai do vereador Tapera \u00e9 homenageado em Posto de Sa\u00fade\",\"datePublished\":\"2019-11-10T23:03:47+00:00\",\"mainEntityOfPage\":{\"@id\":\"https:\/\/juacontecimentos.com.br\/site\/pai-do-vereador-tapera-e-homenageado-em-posto-de-saude\/\"},\"wordCount\":167,\"commentCount\":0,\"publisher\":{\"@id\":\"https:\/\/juacontecimentos.com.br\/site\/#organization\"},\"image\":{\"@id\":\"https:\/\/juacontecimentos.com.br\/site\/pai-do-vereador-tapera-e-homenageado-em-posto-de-saude\/#primaryimage\"},\"thumbnailUrl\":\"https:\/\/juacontecimentos.com.br\/site\/wp-content\/uploads\/2019\/11\/IMG_20191110_105333142_HDR-e1573426660818.jpg\",\"articleSection\":[\"Brasil\",\"Catal\u00e3o\",\"Destaque\",\"Goi\u00e1s\"],\"inLanguage\":\"pt-BR\"},{\"@type\":\"WebPage\",\"@id\":\"https:\/\/juacontecimentos.com.br\/site\/pai-do-vereador-tapera-e-homenageado-em-posto-de-saude\/\",\"url\":\"https:\/\/juacontecimentos.com.br\/site\/pai-do-vereador-tapera-e-homenageado-em-posto-de-saude\/\",\"name\":\"Pai do vereador Tapera \u00e9 homenageado em Posto de Sa\u00fade - Jornal Ultimos Acontecimentos\",\"isPartOf\":{\"@id\":\"https:\/\/juacontecimentos.com.br\/site\/#website\"},\"primaryImageOfPage\":{\"@id\":\"https:\/\/juacontecimentos.com.br\/site\/pai-do-vereador-tapera-e-homenageado-em-posto-de-saude\/#primaryimage\"},\"image\":{\"@id\":\"https:\/\/juacontecimentos.com.br\/site\/pai-do-vereador-tapera-e-homenageado-em-posto-de-saude\/#primaryimage\"},\"thumbnailUrl\":\"https:\/\/juacontecimentos.com.br\/site\/wp-content\/uploads\/2019\/11\/IMG_20191110_105333142_HDR-e1573426660818.jpg\",\"datePublished\":\"2019-11-10T23:03:47+00:00\",\"breadcrumb\":{\"@id\":\"https:\/\/juacontecimentos.com.br\/site\/pai-do-vereador-tapera-e-homenageado-em-posto-de-saude\/#breadcrumb\"},\"inLanguage\":\"pt-BR\",\"potentialAction\":[{\"@type\":\"ReadAction\",\"target\":[\"https:\/\/juacontecimentos.com.br\/site\/pai-do-vereador-tapera-e-homenageado-em-posto-de-saude\/\"]}]},{\"@type\":\"ImageObject\",\"inLanguage\":\"pt-BR\",\"@id\":\"https:\/\/juacontecimentos.com.br\/site\/pai-do-vereador-tapera-e-homenageado-em-posto-de-saude\/#primaryimage\",\"url\":\"https:\/\/juacontecimentos.com.br\/site\/wp-content\/uploads\/2019\/11\/IMG_20191110_105333142_HDR-e1573426660818.jpg\",\"contentUrl\":\"https:\/\/juacontecimentos.com.br\/site\/wp-content\/uploads\/2019\/11\/IMG_20191110_105333142_HDR-e1573426660818.jpg\",\"width\":1000,\"height\":750},{\"@type\":\"BreadcrumbList\",\"@id\":\"https:\/\/juacontecimentos.com.br\/site\/pai-do-vereador-tapera-e-homenageado-em-posto-de-saude\/#breadcrumb\",\"itemListElement\":[{\"@type\":\"ListItem\",\"position\":1,\"name\":\"In\u00edcio\",\"item\":\"https:\/\/juacontecimentos.com.br\/site\/\"},{\"@type\":\"ListItem\",\"position\":2,\"name\":\"Pai do vereador Tapera \u00e9 homenageado em Posto de Sa\u00fade\"}]},{\"@type\":\"WebSite\",\"@id\":\"https:\/\/juacontecimentos.com.br\/site\/#website\",\"url\":\"https:\/\/juacontecimentos.com.br\/site\/\",\"name\":\"Jornal Ultimos Acontecimentos\",\"description\":\"Catal\u00e3o e regi\u00e3o\",\"publisher\":{\"@id\":\"https:\/\/juacontecimentos.com.br\/site\/#organization\"},\"potentialAction\":[{\"@type\":\"SearchAction\",\"target\":{\"@type\":\"EntryPoint\",\"urlTemplate\":\"https:\/\/juacontecimentos.com.br\/site\/?s={search_term_string}\"},\"query-input\":{\"@type\":\"PropertyValueSpecification\",\"valueRequired\":true,\"valueName\":\"search_term_string\"}}],\"inLanguage\":\"pt-BR\"},{\"@type\":\"Organization\",\"@id\":\"https:\/\/juacontecimentos.com.br\/site\/#organization\",\"name\":\"Jornal Ultimos Acontecimentos\",\"url\":\"https:\/\/juacontecimentos.com.br\/site\/\",\"logo\":{\"@type\":\"ImageObject\",\"inLanguage\":\"pt-BR\",\"@id\":\"https:\/\/juacontecimentos.com.br\/site\/#\/schema\/logo\/image\/\",\"url\":\"https:\/\/juacontecimentos.com.br\/site\/wp-content\/uploads\/2023\/04\/Logo_Site.png\",\"contentUrl\":\"https:\/\/juacontecimentos.com.br\/site\/wp-content\/uploads\/2023\/04\/Logo_Site.png\",\"width\":2476,\"height\":530,\"caption\":\"Jornal Ultimos Acontecimentos\"},\"image\":{\"@id\":\"https:\/\/juacontecimentos.com.br\/site\/#\/schema\/logo\/image\/\"},\"sameAs\":[\"https:\/\/www.facebook.com\/jultimosacontecimentos\/\"]},{\"@type\":\"Person\",\"@id\":\"https:\/\/juacontecimentos.com.br\/site\/#\/schema\/person\/082a54e6d3fdd7a633291428521c9669\",\"name\":\"Reginaldo Ribeiro\",\"image\":{\"@type\":\"ImageObject\",\"inLanguage\":\"pt-BR\",\"@id\":\"https:\/\/juacontecimentos.com.br\/site\/#\/schema\/person\/image\/\",\"url\":\"https:\/\/secure.gravatar.com\/avatar\/5c16c6837c3490270a74d888c2a845728f06bdde1f8761de1de1d1d1ef82d12f?s=96&d=mm&r=g\",\"contentUrl\":\"https:\/\/secure.gravatar.com\/avatar\/5c16c6837c3490270a74d888c2a845728f06bdde1f8761de1de1d1d1ef82d12f?s=96&d=mm&r=g\",\"caption\":\"Reginaldo Ribeiro\"}}]}<\/script>\n<!-- \/ Yoast SEO plugin. -->","yoast_head_json":{"title":"Pai do vereador Tapera \u00e9 homenageado em Posto de Sa\u00fade - Jornal Ultimos Acontecimentos","robots":{"index":"index","follow":"follow","max-snippet":"max-snippet:-1","max-image-preview":"max-image-preview:large","max-video-preview":"max-video-preview:-1"},"canonical":"https:\/\/juacontecimentos.com.br\/site\/pai-do-vereador-tapera-e-homenageado-em-posto-de-saude\/","og_locale":"pt_BR","og_type":"article","og_title":"Pai do vereador Tapera \u00e9 homenageado em Posto de Sa\u00fade - Jornal Ultimos Acontecimentos","og_description":"Na manh\u00e3 deste domingo (10), foi inaugurado o novo Posto de Sa\u00fade de Campo Alegre de Goi\u00e1s. A nova estrutura p\u00fablica foi inaugurada com o nome \u201cClementino Pereira dos Santos Netto\u201d. O homenageado \u00e9 pai do vereador e presidente da C\u00e2mara de Vereadores &#8211; Celio Pereira dos Santos \u2013 popular C\u00e9lio Tapera. A inaugura\u00e7\u00e3o contou","og_url":"https:\/\/juacontecimentos.com.br\/site\/pai-do-vereador-tapera-e-homenageado-em-posto-de-saude\/","og_site_name":"Jornal Ultimos Acontecimentos","article_publisher":"https:\/\/www.facebook.com\/jultimosacontecimentos\/","article_published_time":"2019-11-10T23:03:47+00:00","og_image":[{"width":1000,"height":750,"url":"https:\/\/juacontecimentos.com.br\/site\/wp-content\/uploads\/2019\/11\/IMG_20191110_105333142_HDR-e1573426660818.jpg","type":"image\/jpeg"}],"author":"Reginaldo Ribeiro","twitter_card":"summary_large_image","twitter_misc":{"Escrito por":"Reginaldo Ribeiro","Est. tempo de leitura":"1 minuto"},"schema":{"@context":"https:\/\/schema.org","@graph":[{"@type":"Article","@id":"https:\/\/juacontecimentos.com.br\/site\/pai-do-vereador-tapera-e-homenageado-em-posto-de-saude\/#article","isPartOf":{"@id":"https:\/\/juacontecimentos.com.br\/site\/pai-do-vereador-tapera-e-homenageado-em-posto-de-saude\/"},"author":{"name":"Reginaldo Ribeiro","@id":"https:\/\/juacontecimentos.com.br\/site\/#\/schema\/person\/082a54e6d3fdd7a633291428521c9669"},"headline":"Pai do vereador Tapera \u00e9 homenageado em Posto de Sa\u00fade","datePublished":"2019-11-10T23:03:47+00:00","mainEntityOfPage":{"@id":"https:\/\/juacontecimentos.com.br\/site\/pai-do-vereador-tapera-e-homenageado-em-posto-de-saude\/"},"wordCount":167,"commentCount":0,"publisher":{"@id":"https:\/\/juacontecimentos.com.br\/site\/#organization"},"image":{"@id":"https:\/\/juacontecimentos.com.br\/site\/pai-do-vereador-tapera-e-homenageado-em-posto-de-saude\/#primaryimage"},"thumbnailUrl":"https:\/\/juacontecimentos.com.br\/site\/wp-content\/uploads\/2019\/11\/IMG_20191110_105333142_HDR-e1573426660818.jpg","articleSection":["Brasil","Catal\u00e3o","Destaque","Goi\u00e1s"],"inLanguage":"pt-BR"},{"@type":"WebPage","@id":"https:\/\/juacontecimentos.com.br\/site\/pai-do-vereador-tapera-e-homenageado-em-posto-de-saude\/","url":"https:\/\/juacontecimentos.com.br\/site\/pai-do-vereador-tapera-e-homenageado-em-posto-de-saude\/","name":"Pai do vereador Tapera \u00e9 homenageado em Posto de Sa\u00fade - Jornal Ultimos Acontecimentos","isPartOf":{"@id":"https:\/\/juacontecimentos.com.br\/site\/#website"},"primaryImageOfPage":{"@id":"https:\/\/juacontecimentos.com.br\/site\/pai-do-vereador-tapera-e-homenageado-em-posto-de-saude\/#primaryimage"},"image":{"@id":"https:\/\/juacontecimentos.com.br\/site\/pai-do-vereador-tapera-e-homenageado-em-posto-de-saude\/#primaryimage"},"thumbnailUrl":"https:\/\/juacontecimentos.com.br\/site\/wp-content\/uploads\/2019\/11\/IMG_20191110_105333142_HDR-e1573426660818.jpg","datePublished":"2019-11-10T23:03:47+00:00","breadcrumb":{"@id":"https:\/\/juacontecimentos.com.br\/site\/pai-do-vereador-tapera-e-homenageado-em-posto-de-saude\/#breadcrumb"},"inLanguage":"pt-BR","potentialAction":[{"@type":"ReadAction","target":["https:\/\/juacontecimentos.com.br\/site\/pai-do-vereador-tapera-e-homenageado-em-posto-de-saude\/"]}]},{"@type":"ImageObject","inLanguage":"pt-BR","@id":"https:\/\/juacontecimentos.com.br\/site\/pai-do-vereador-tapera-e-homenageado-em-posto-de-saude\/#primaryimage","url":"https:\/\/juacontecimentos.com.br\/site\/wp-content\/uploads\/2019\/11\/IMG_20191110_105333142_HDR-e1573426660818.jpg","contentUrl":"https:\/\/juacontecimentos.com.br\/site\/wp-content\/uploads\/2019\/11\/IMG_20191110_105333142_HDR-e1573426660818.jpg","width":1000,"height":750},{"@type":"BreadcrumbList","@id":"https:\/\/juacontecimentos.com.br\/site\/pai-do-vereador-tapera-e-homenageado-em-posto-de-saude\/#breadcrumb","itemListElement":[{"@type":"ListItem","position":1,"name":"In\u00edcio","item":"https:\/\/juacontecimentos.com.br\/site\/"},{"@type":"ListItem","position":2,"name":"Pai do vereador Tapera \u00e9 homenageado em Posto de Sa\u00fade"}]},{"@type":"WebSite","@id":"https:\/\/juacontecimentos.com.br\/site\/#website","url":"https:\/\/juacontecimentos.com.br\/site\/","name":"Jornal Ultimos Acontecimentos","description":"Catal\u00e3o e regi\u00e3o","publisher":{"@id":"https:\/\/juacontecimentos.com.br\/site\/#organization"},"potentialAction":[{"@type":"SearchAction","target":{"@type":"EntryPoint","urlTemplate":"https:\/\/juacontecimentos.com.br\/site\/?s={search_term_string}"},"query-input":{"@type":"PropertyValueSpecification","valueRequired":true,"valueName":"search_term_string"}}],"inLanguage":"pt-BR"},{"@type":"Organization","@id":"https:\/\/juacontecimentos.com.br\/site\/#organization","name":"Jornal Ultimos Acontecimentos","url":"https:\/\/juacontecimentos.com.br\/site\/","logo":{"@type":"ImageObject","inLanguage":"pt-BR","@id":"https:\/\/juacontecimentos.com.br\/site\/#\/schema\/logo\/image\/","url":"https:\/\/juacontecimentos.com.br\/site\/wp-content\/uploads\/2023\/04\/Logo_Site.png","contentUrl":"https:\/\/juacontecimentos.com.br\/site\/wp-content\/uploads\/2023\/04\/Logo_Site.png","width":2476,"height":530,"caption":"Jornal Ultimos Acontecimentos"},"image":{"@id":"https:\/\/juacontecimentos.com.br\/site\/#\/schema\/logo\/image\/"},"sameAs":["https:\/\/www.facebook.com\/jultimosacontecimentos\/"]},{"@type":"Person","@id":"https:\/\/juacontecimentos.com.br\/site\/#\/schema\/person\/082a54e6d3fdd7a633291428521c9669","name":"Reginaldo Ribeiro","image":{"@type":"ImageObject","inLanguage":"pt-BR","@id":"https:\/\/juacontecimentos.com.br\/site\/#\/schema\/person\/image\/","url":"https:\/\/secure.gravatar.com\/avatar\/5c16c6837c3490270a74d888c2a845728f06bdde1f8761de1de1d1d1ef82d12f?s=96&d=mm&r=g","contentUrl":"https:\/\/secure.gravatar.com\/avatar\/5c16c6837c3490270a74d888c2a845728f06bdde1f8761de1de1d1d1ef82d12f?s=96&d=mm&r=g","caption":"Reginaldo Ribeiro"}}]}},"_links":{"self":[{"href":"https:\/\/juacontecimentos.com.br\/site\/wp-json\/wp\/v2\/posts\/8473","targetHints":{"allow":["GET"]}}],"collection":[{"href":"https:\/\/juacontecimentos.com.br\/site\/wp-json\/wp\/v2\/posts"}],"about":[{"href":"https:\/\/juacontecimentos.com.br\/site\/wp-json\/wp\/v2\/types\/post"}],"author":[{"embeddable":true,"href":"https:\/\/juacontecimentos.com.br\/site\/wp-json\/wp\/v2\/users\/2"}],"replies":[{"embeddable":true,"href":"https:\/\/juacontecimentos.com.br\/site\/wp-json\/wp\/v2\/comments?post=8473"}],"version-history":[{"count":1,"href":"https:\/\/juacontecimentos.com.br\/site\/wp-json\/wp\/v2\/posts\/8473\/revisions"}],"predecessor-version":[{"id":8486,"href":"https:\/\/juacontecimentos.com.br\/site\/wp-json\/wp\/v2\/posts\/8473\/revisions\/8486"}],"wp:featuredmedia":[{"embeddable":true,"href":"https:\/\/juacontecimentos.com.br\/site\/wp-json\/wp\/v2\/media\/8429"}],"wp:attachment":[{"href":"https:\/\/juacontecimentos.com.br\/site\/wp-json\/wp\/v2\/media?parent=8473"}],"wp:term":[{"taxonomy":"category","embeddable":true,"href":"https:\/\/juacontecimentos.com.br\/site\/wp-json\/wp\/v2\/categories?post=8473"},{"taxonomy":"post_tag","embeddable":true,"href":"https:\/\/juacontecimentos.com.br\/site\/wp-json\/wp\/v2\/tags?post=8473"}],"curies":[{"name":"wp","href":"https:\/\/api.w.org\/{rel}","templated":true}]}}