{"id":8924,"date":"2020-01-03T11:52:08","date_gmt":"2020-01-03T13:52:08","guid":{"rendered":"http:\/\/juacontecimentos.com.br\/site\/?p=8924"},"modified":"2020-01-03T11:52:26","modified_gmt":"2020-01-03T13:52:26","slug":"eduardo-prado-nao-votaria-uma-virgula-diferente","status":"publish","type":"post","link":"https:\/\/juacontecimentos.com.br\/site\/eduardo-prado-nao-votaria-uma-virgula-diferente\/","title":{"rendered":"Eduardo Prado: &#8220;N\u00e3o votaria uma v\u00edrgula diferente\u201d"},"content":{"rendered":"<p class=\"p1\">O deputado Eduardo Prado (PV) comentou nesta quinta-feira (2) a decis\u00e3o judicial que suspendeu os efeitos da PEC da Previd\u00eancia. O parlamentar votou contra a proposta.<\/p>\n<p class=\"p3\"><span class=\"s2\">\u201cN\u00e3o votaria uma v\u00edrgula diferente. Sei do valor do servidor p\u00fablico, principalmente dos que ganham pouco, como educadores, profissionais da Sa\u00fade\u201d, disse nas redes sociais.<\/span><\/p>\n<p class=\"p3\"><span class=\"s2\">Prado compunha a base do governador Ronaldo (DEM) na Assembleia Legislativa e, com o voto contr\u00e1rio, foi exclu\u00eddo da bancada. A m\u00e3e e 23 aliados do parlamentar foram demitidos de cargos comissionados no governo por Caiado.<\/span><\/p>\n<p><\/p>\n","protected":false},"excerpt":{"rendered":"<p>O deputado Eduardo Prado (PV) comentou nesta quinta-feira (2) a decis\u00e3o judicial que suspendeu os efeitos da PEC da Previd\u00eancia. O parlamentar votou contra a proposta. \u201cN\u00e3o votaria uma v\u00edrgula diferente. Sei do valor do servidor p\u00fablico, principalmente dos que ganham pouco, como educadores, profissionais da Sa\u00fade\u201d, disse nas redes sociais. Prado compunha a base<\/p>\n","protected":false},"author":2,"featured_media":8925,"comment_status":"open","ping_status":"open","sticky":false,"template":"","format":"standard","meta":{"footnotes":""},"categories":[27,22,26,23],"tags":[],"class_list":["post-8924","post","type-post","status-publish","format-standard","has-post-thumbnail","hentry","category-brasil","category-catalao","category-destaque","category-goias"],"yoast_head":"<!-- This site is optimized with the Yoast SEO plugin v25.8 - https:\/\/yoast.com\/wordpress\/plugins\/seo\/ -->\n<title>Eduardo Prado: &quot;N\u00e3o votaria uma v\u00edrgula diferente\u201d - Jornal Ultimos Acontecimentos<\/title>\n<meta name=\"robots\" content=\"index, follow, max-snippet:-1, max-image-preview:large, max-video-preview:-1\" \/>\n<link rel=\"canonical\" href=\"https:\/\/juacontecimentos.com.br\/site\/eduardo-prado-nao-votaria-uma-virgula-diferente\/\" \/>\n<meta property=\"og:locale\" content=\"pt_BR\" \/>\n<meta property=\"og:type\" content=\"article\" \/>\n<meta property=\"og:title\" content=\"Eduardo Prado: &quot;N\u00e3o votaria uma v\u00edrgula diferente\u201d - Jornal Ultimos Acontecimentos\" \/>\n<meta property=\"og:description\" content=\"O deputado Eduardo Prado (PV) comentou nesta quinta-feira (2) a decis\u00e3o judicial que suspendeu os efeitos da PEC da Previd\u00eancia. O parlamentar votou contra a proposta. \u201cN\u00e3o votaria uma v\u00edrgula diferente. Sei do valor do servidor p\u00fablico, principalmente dos que ganham pouco, como educadores, profissionais da Sa\u00fade\u201d, disse nas redes sociais. Prado compunha a base\" \/>\n<meta property=\"og:url\" content=\"https:\/\/juacontecimentos.com.br\/site\/eduardo-prado-nao-votaria-uma-virgula-diferente\/\" \/>\n<meta property=\"og:site_name\" content=\"Jornal Ultimos Acontecimentos\" \/>\n<meta property=\"article:publisher\" content=\"https:\/\/www.facebook.com\/jultimosacontecimentos\/\" \/>\n<meta property=\"article:published_time\" content=\"2020-01-03T13:52:08+00:00\" \/>\n<meta property=\"article:modified_time\" content=\"2020-01-03T13:52:26+00:00\" \/>\n<meta property=\"og:image\" content=\"https:\/\/juacontecimentos.com.br\/site\/wp-content\/uploads\/2020\/01\/24FED85C-0804-46DD-98EC-8E02BF957341.jpeg\" \/>\n\t<meta property=\"og:image:width\" content=\"696\" \/>\n\t<meta property=\"og:image:height\" content=\"440\" \/>\n\t<meta property=\"og:image:type\" content=\"image\/jpeg\" \/>\n<meta name=\"author\" content=\"Reginaldo Ribeiro\" \/>\n<meta name=\"twitter:card\" content=\"summary_large_image\" \/>\n<meta name=\"twitter:label1\" content=\"Escrito por\" \/>\n\t<meta name=\"twitter:data1\" content=\"Reginaldo Ribeiro\" \/>\n<script type=\"application\/ld+json\" class=\"yoast-schema-graph\">{\"@context\":\"https:\/\/schema.org\",\"@graph\":[{\"@type\":\"Article\",\"@id\":\"https:\/\/juacontecimentos.com.br\/site\/eduardo-prado-nao-votaria-uma-virgula-diferente\/#article\",\"isPartOf\":{\"@id\":\"https:\/\/juacontecimentos.com.br\/site\/eduardo-prado-nao-votaria-uma-virgula-diferente\/\"},\"author\":{\"name\":\"Reginaldo Ribeiro\",\"@id\":\"https:\/\/juacontecimentos.com.br\/site\/#\/schema\/person\/082a54e6d3fdd7a633291428521c9669\"},\"headline\":\"Eduardo Prado: &#8220;N\u00e3o votaria uma v\u00edrgula diferente\u201d\",\"datePublished\":\"2020-01-03T13:52:08+00:00\",\"dateModified\":\"2020-01-03T13:52:26+00:00\",\"mainEntityOfPage\":{\"@id\":\"https:\/\/juacontecimentos.com.br\/site\/eduardo-prado-nao-votaria-uma-virgula-diferente\/\"},\"wordCount\":103,\"commentCount\":0,\"publisher\":{\"@id\":\"https:\/\/juacontecimentos.com.br\/site\/#organization\"},\"image\":{\"@id\":\"https:\/\/juacontecimentos.com.br\/site\/eduardo-prado-nao-votaria-uma-virgula-diferente\/#primaryimage\"},\"thumbnailUrl\":\"https:\/\/juacontecimentos.com.br\/site\/wp-content\/uploads\/2020\/01\/24FED85C-0804-46DD-98EC-8E02BF957341.jpeg\",\"articleSection\":[\"Brasil\",\"Catal\u00e3o\",\"Destaque\",\"Goi\u00e1s\"],\"inLanguage\":\"pt-BR\"},{\"@type\":\"WebPage\",\"@id\":\"https:\/\/juacontecimentos.com.br\/site\/eduardo-prado-nao-votaria-uma-virgula-diferente\/\",\"url\":\"https:\/\/juacontecimentos.com.br\/site\/eduardo-prado-nao-votaria-uma-virgula-diferente\/\",\"name\":\"Eduardo Prado: \\\"N\u00e3o votaria uma v\u00edrgula diferente\u201d - Jornal Ultimos Acontecimentos\",\"isPartOf\":{\"@id\":\"https:\/\/juacontecimentos.com.br\/site\/#website\"},\"primaryImageOfPage\":{\"@id\":\"https:\/\/juacontecimentos.com.br\/site\/eduardo-prado-nao-votaria-uma-virgula-diferente\/#primaryimage\"},\"image\":{\"@id\":\"https:\/\/juacontecimentos.com.br\/site\/eduardo-prado-nao-votaria-uma-virgula-diferente\/#primaryimage\"},\"thumbnailUrl\":\"https:\/\/juacontecimentos.com.br\/site\/wp-content\/uploads\/2020\/01\/24FED85C-0804-46DD-98EC-8E02BF957341.jpeg\",\"datePublished\":\"2020-01-03T13:52:08+00:00\",\"dateModified\":\"2020-01-03T13:52:26+00:00\",\"breadcrumb\":{\"@id\":\"https:\/\/juacontecimentos.com.br\/site\/eduardo-prado-nao-votaria-uma-virgula-diferente\/#breadcrumb\"},\"inLanguage\":\"pt-BR\",\"potentialAction\":[{\"@type\":\"ReadAction\",\"target\":[\"https:\/\/juacontecimentos.com.br\/site\/eduardo-prado-nao-votaria-uma-virgula-diferente\/\"]}]},{\"@type\":\"ImageObject\",\"inLanguage\":\"pt-BR\",\"@id\":\"https:\/\/juacontecimentos.com.br\/site\/eduardo-prado-nao-votaria-uma-virgula-diferente\/#primaryimage\",\"url\":\"https:\/\/juacontecimentos.com.br\/site\/wp-content\/uploads\/2020\/01\/24FED85C-0804-46DD-98EC-8E02BF957341.jpeg\",\"contentUrl\":\"https:\/\/juacontecimentos.com.br\/site\/wp-content\/uploads\/2020\/01\/24FED85C-0804-46DD-98EC-8E02BF957341.jpeg\",\"width\":696,\"height\":440},{\"@type\":\"BreadcrumbList\",\"@id\":\"https:\/\/juacontecimentos.com.br\/site\/eduardo-prado-nao-votaria-uma-virgula-diferente\/#breadcrumb\",\"itemListElement\":[{\"@type\":\"ListItem\",\"position\":1,\"name\":\"In\u00edcio\",\"item\":\"https:\/\/juacontecimentos.com.br\/site\/\"},{\"@type\":\"ListItem\",\"position\":2,\"name\":\"Eduardo Prado: &#8220;N\u00e3o votaria uma v\u00edrgula diferente\u201d\"}]},{\"@type\":\"WebSite\",\"@id\":\"https:\/\/juacontecimentos.com.br\/site\/#website\",\"url\":\"https:\/\/juacontecimentos.com.br\/site\/\",\"name\":\"Jornal Ultimos Acontecimentos\",\"description\":\"Catal\u00e3o e regi\u00e3o\",\"publisher\":{\"@id\":\"https:\/\/juacontecimentos.com.br\/site\/#organization\"},\"potentialAction\":[{\"@type\":\"SearchAction\",\"target\":{\"@type\":\"EntryPoint\",\"urlTemplate\":\"https:\/\/juacontecimentos.com.br\/site\/?s={search_term_string}\"},\"query-input\":{\"@type\":\"PropertyValueSpecification\",\"valueRequired\":true,\"valueName\":\"search_term_string\"}}],\"inLanguage\":\"pt-BR\"},{\"@type\":\"Organization\",\"@id\":\"https:\/\/juacontecimentos.com.br\/site\/#organization\",\"name\":\"Jornal Ultimos Acontecimentos\",\"url\":\"https:\/\/juacontecimentos.com.br\/site\/\",\"logo\":{\"@type\":\"ImageObject\",\"inLanguage\":\"pt-BR\",\"@id\":\"https:\/\/juacontecimentos.com.br\/site\/#\/schema\/logo\/image\/\",\"url\":\"https:\/\/juacontecimentos.com.br\/site\/wp-content\/uploads\/2023\/04\/Logo_Site.png\",\"contentUrl\":\"https:\/\/juacontecimentos.com.br\/site\/wp-content\/uploads\/2023\/04\/Logo_Site.png\",\"width\":2476,\"height\":530,\"caption\":\"Jornal Ultimos Acontecimentos\"},\"image\":{\"@id\":\"https:\/\/juacontecimentos.com.br\/site\/#\/schema\/logo\/image\/\"},\"sameAs\":[\"https:\/\/www.facebook.com\/jultimosacontecimentos\/\"]},{\"@type\":\"Person\",\"@id\":\"https:\/\/juacontecimentos.com.br\/site\/#\/schema\/person\/082a54e6d3fdd7a633291428521c9669\",\"name\":\"Reginaldo Ribeiro\",\"image\":{\"@type\":\"ImageObject\",\"inLanguage\":\"pt-BR\",\"@id\":\"https:\/\/juacontecimentos.com.br\/site\/#\/schema\/person\/image\/\",\"url\":\"https:\/\/secure.gravatar.com\/avatar\/5c16c6837c3490270a74d888c2a845728f06bdde1f8761de1de1d1d1ef82d12f?s=96&d=mm&r=g\",\"contentUrl\":\"https:\/\/secure.gravatar.com\/avatar\/5c16c6837c3490270a74d888c2a845728f06bdde1f8761de1de1d1d1ef82d12f?s=96&d=mm&r=g\",\"caption\":\"Reginaldo Ribeiro\"}}]}<\/script>\n<!-- \/ Yoast SEO plugin. -->","yoast_head_json":{"title":"Eduardo Prado: \"N\u00e3o votaria uma v\u00edrgula diferente\u201d - Jornal Ultimos Acontecimentos","robots":{"index":"index","follow":"follow","max-snippet":"max-snippet:-1","max-image-preview":"max-image-preview:large","max-video-preview":"max-video-preview:-1"},"canonical":"https:\/\/juacontecimentos.com.br\/site\/eduardo-prado-nao-votaria-uma-virgula-diferente\/","og_locale":"pt_BR","og_type":"article","og_title":"Eduardo Prado: \"N\u00e3o votaria uma v\u00edrgula diferente\u201d - Jornal Ultimos Acontecimentos","og_description":"O deputado Eduardo Prado (PV) comentou nesta quinta-feira (2) a decis\u00e3o judicial que suspendeu os efeitos da PEC da Previd\u00eancia. O parlamentar votou contra a proposta. \u201cN\u00e3o votaria uma v\u00edrgula diferente. Sei do valor do servidor p\u00fablico, principalmente dos que ganham pouco, como educadores, profissionais da Sa\u00fade\u201d, disse nas redes sociais. Prado compunha a base","og_url":"https:\/\/juacontecimentos.com.br\/site\/eduardo-prado-nao-votaria-uma-virgula-diferente\/","og_site_name":"Jornal Ultimos Acontecimentos","article_publisher":"https:\/\/www.facebook.com\/jultimosacontecimentos\/","article_published_time":"2020-01-03T13:52:08+00:00","article_modified_time":"2020-01-03T13:52:26+00:00","og_image":[{"width":696,"height":440,"url":"https:\/\/juacontecimentos.com.br\/site\/wp-content\/uploads\/2020\/01\/24FED85C-0804-46DD-98EC-8E02BF957341.jpeg","type":"image\/jpeg"}],"author":"Reginaldo Ribeiro","twitter_card":"summary_large_image","twitter_misc":{"Escrito por":"Reginaldo Ribeiro"},"schema":{"@context":"https:\/\/schema.org","@graph":[{"@type":"Article","@id":"https:\/\/juacontecimentos.com.br\/site\/eduardo-prado-nao-votaria-uma-virgula-diferente\/#article","isPartOf":{"@id":"https:\/\/juacontecimentos.com.br\/site\/eduardo-prado-nao-votaria-uma-virgula-diferente\/"},"author":{"name":"Reginaldo Ribeiro","@id":"https:\/\/juacontecimentos.com.br\/site\/#\/schema\/person\/082a54e6d3fdd7a633291428521c9669"},"headline":"Eduardo Prado: &#8220;N\u00e3o votaria uma v\u00edrgula diferente\u201d","datePublished":"2020-01-03T13:52:08+00:00","dateModified":"2020-01-03T13:52:26+00:00","mainEntityOfPage":{"@id":"https:\/\/juacontecimentos.com.br\/site\/eduardo-prado-nao-votaria-uma-virgula-diferente\/"},"wordCount":103,"commentCount":0,"publisher":{"@id":"https:\/\/juacontecimentos.com.br\/site\/#organization"},"image":{"@id":"https:\/\/juacontecimentos.com.br\/site\/eduardo-prado-nao-votaria-uma-virgula-diferente\/#primaryimage"},"thumbnailUrl":"https:\/\/juacontecimentos.com.br\/site\/wp-content\/uploads\/2020\/01\/24FED85C-0804-46DD-98EC-8E02BF957341.jpeg","articleSection":["Brasil","Catal\u00e3o","Destaque","Goi\u00e1s"],"inLanguage":"pt-BR"},{"@type":"WebPage","@id":"https:\/\/juacontecimentos.com.br\/site\/eduardo-prado-nao-votaria-uma-virgula-diferente\/","url":"https:\/\/juacontecimentos.com.br\/site\/eduardo-prado-nao-votaria-uma-virgula-diferente\/","name":"Eduardo Prado: \"N\u00e3o votaria uma v\u00edrgula diferente\u201d - Jornal Ultimos Acontecimentos","isPartOf":{"@id":"https:\/\/juacontecimentos.com.br\/site\/#website"},"primaryImageOfPage":{"@id":"https:\/\/juacontecimentos.com.br\/site\/eduardo-prado-nao-votaria-uma-virgula-diferente\/#primaryimage"},"image":{"@id":"https:\/\/juacontecimentos.com.br\/site\/eduardo-prado-nao-votaria-uma-virgula-diferente\/#primaryimage"},"thumbnailUrl":"https:\/\/juacontecimentos.com.br\/site\/wp-content\/uploads\/2020\/01\/24FED85C-0804-46DD-98EC-8E02BF957341.jpeg","datePublished":"2020-01-03T13:52:08+00:00","dateModified":"2020-01-03T13:52:26+00:00","breadcrumb":{"@id":"https:\/\/juacontecimentos.com.br\/site\/eduardo-prado-nao-votaria-uma-virgula-diferente\/#breadcrumb"},"inLanguage":"pt-BR","potentialAction":[{"@type":"ReadAction","target":["https:\/\/juacontecimentos.com.br\/site\/eduardo-prado-nao-votaria-uma-virgula-diferente\/"]}]},{"@type":"ImageObject","inLanguage":"pt-BR","@id":"https:\/\/juacontecimentos.com.br\/site\/eduardo-prado-nao-votaria-uma-virgula-diferente\/#primaryimage","url":"https:\/\/juacontecimentos.com.br\/site\/wp-content\/uploads\/2020\/01\/24FED85C-0804-46DD-98EC-8E02BF957341.jpeg","contentUrl":"https:\/\/juacontecimentos.com.br\/site\/wp-content\/uploads\/2020\/01\/24FED85C-0804-46DD-98EC-8E02BF957341.jpeg","width":696,"height":440},{"@type":"BreadcrumbList","@id":"https:\/\/juacontecimentos.com.br\/site\/eduardo-prado-nao-votaria-uma-virgula-diferente\/#breadcrumb","itemListElement":[{"@type":"ListItem","position":1,"name":"In\u00edcio","item":"https:\/\/juacontecimentos.com.br\/site\/"},{"@type":"ListItem","position":2,"name":"Eduardo Prado: &#8220;N\u00e3o votaria uma v\u00edrgula diferente\u201d"}]},{"@type":"WebSite","@id":"https:\/\/juacontecimentos.com.br\/site\/#website","url":"https:\/\/juacontecimentos.com.br\/site\/","name":"Jornal Ultimos Acontecimentos","description":"Catal\u00e3o e regi\u00e3o","publisher":{"@id":"https:\/\/juacontecimentos.com.br\/site\/#organization"},"potentialAction":[{"@type":"SearchAction","target":{"@type":"EntryPoint","urlTemplate":"https:\/\/juacontecimentos.com.br\/site\/?s={search_term_string}"},"query-input":{"@type":"PropertyValueSpecification","valueRequired":true,"valueName":"search_term_string"}}],"inLanguage":"pt-BR"},{"@type":"Organization","@id":"https:\/\/juacontecimentos.com.br\/site\/#organization","name":"Jornal Ultimos Acontecimentos","url":"https:\/\/juacontecimentos.com.br\/site\/","logo":{"@type":"ImageObject","inLanguage":"pt-BR","@id":"https:\/\/juacontecimentos.com.br\/site\/#\/schema\/logo\/image\/","url":"https:\/\/juacontecimentos.com.br\/site\/wp-content\/uploads\/2023\/04\/Logo_Site.png","contentUrl":"https:\/\/juacontecimentos.com.br\/site\/wp-content\/uploads\/2023\/04\/Logo_Site.png","width":2476,"height":530,"caption":"Jornal Ultimos Acontecimentos"},"image":{"@id":"https:\/\/juacontecimentos.com.br\/site\/#\/schema\/logo\/image\/"},"sameAs":["https:\/\/www.facebook.com\/jultimosacontecimentos\/"]},{"@type":"Person","@id":"https:\/\/juacontecimentos.com.br\/site\/#\/schema\/person\/082a54e6d3fdd7a633291428521c9669","name":"Reginaldo Ribeiro","image":{"@type":"ImageObject","inLanguage":"pt-BR","@id":"https:\/\/juacontecimentos.com.br\/site\/#\/schema\/person\/image\/","url":"https:\/\/secure.gravatar.com\/avatar\/5c16c6837c3490270a74d888c2a845728f06bdde1f8761de1de1d1d1ef82d12f?s=96&d=mm&r=g","contentUrl":"https:\/\/secure.gravatar.com\/avatar\/5c16c6837c3490270a74d888c2a845728f06bdde1f8761de1de1d1d1ef82d12f?s=96&d=mm&r=g","caption":"Reginaldo Ribeiro"}}]}},"_links":{"self":[{"href":"https:\/\/juacontecimentos.com.br\/site\/wp-json\/wp\/v2\/posts\/8924","targetHints":{"allow":["GET"]}}],"collection":[{"href":"https:\/\/juacontecimentos.com.br\/site\/wp-json\/wp\/v2\/posts"}],"about":[{"href":"https:\/\/juacontecimentos.com.br\/site\/wp-json\/wp\/v2\/types\/post"}],"author":[{"embeddable":true,"href":"https:\/\/juacontecimentos.com.br\/site\/wp-json\/wp\/v2\/users\/2"}],"replies":[{"embeddable":true,"href":"https:\/\/juacontecimentos.com.br\/site\/wp-json\/wp\/v2\/comments?post=8924"}],"version-history":[{"count":2,"href":"https:\/\/juacontecimentos.com.br\/site\/wp-json\/wp\/v2\/posts\/8924\/revisions"}],"predecessor-version":[{"id":8927,"href":"https:\/\/juacontecimentos.com.br\/site\/wp-json\/wp\/v2\/posts\/8924\/revisions\/8927"}],"wp:featuredmedia":[{"embeddable":true,"href":"https:\/\/juacontecimentos.com.br\/site\/wp-json\/wp\/v2\/media\/8925"}],"wp:attachment":[{"href":"https:\/\/juacontecimentos.com.br\/site\/wp-json\/wp\/v2\/media?parent=8924"}],"wp:term":[{"taxonomy":"category","embeddable":true,"href":"https:\/\/juacontecimentos.com.br\/site\/wp-json\/wp\/v2\/categories?post=8924"},{"taxonomy":"post_tag","embeddable":true,"href":"https:\/\/juacontecimentos.com.br\/site\/wp-json\/wp\/v2\/tags?post=8924"}],"curies":[{"name":"wp","href":"https:\/\/api.w.org\/{rel}","templated":true}]}}