{"id":9016,"date":"2020-01-14T13:28:39","date_gmt":"2020-01-14T15:28:39","guid":{"rendered":"http:\/\/juacontecimentos.com.br\/site\/?p=9016"},"modified":"2020-01-14T13:28:39","modified_gmt":"2020-01-14T15:28:39","slug":"salario-minimo-pode-ter-novo-aumento-em-2020","status":"publish","type":"post","link":"https:\/\/juacontecimentos.com.br\/site\/salario-minimo-pode-ter-novo-aumento-em-2020\/","title":{"rendered":"Sal\u00e1rio m\u00ednimo pode ter novo aumento em 2020"},"content":{"rendered":"<p><strong>Reajuste aprovado no Congresso est\u00e1 abaixo dos \u00edndices de infla\u00e7\u00e3o. Constitui\u00e7\u00e3o prev\u00ea aumento suficiente para manuten\u00e7\u00e3o do poder de compra.<\/strong><\/p>\n<p>O ministro da Economia, Paulo Guedes, deve autorizar um novo aumento do sal\u00e1rio m\u00ednimo para 2020. Isso se deve ao fato de o aumento aprovado pelo Congresso estar abaixo do valor previsto para os \u00edndices de infla\u00e7\u00e3o no fim de dezembro. Com isso, o sal\u00e1rio que subiu para R$1.039 deve chegar a R$1.045, caso seja ajustado ao \u00cdndice Nacional de Pre\u00e7os ao Consumidor (INPC) de 4,48%, divulgado pelo recentemente pelo IBGE.<\/p>\n<p>Se o reajuste for realizado sobre o sal\u00e1rio m\u00ednimo anterior de R$998, a remunera\u00e7\u00e3o dever\u00e1 totalizar R$1.043. A quest\u00e3o foi discutida em uma reuni\u00e3o entre secret\u00e1rios que ocorreu nesta segunda-feira, 13, mas que ainda n\u00e3o chegou at\u00e9 Bolsonaro, que deve avaliar inclusive como ser\u00e1 operacionalizada, caso aprovada. A Constitui\u00e7\u00e3o prev\u00ea que o sal\u00e1rio do trabalhador sofra reajustes peri\u00f3dicos de modo a manter seu poder de compra.<\/p>\n<p>O reajuste do sal\u00e1rio m\u00ednimo para R$1.045 dever\u00e1 onerar a Uni\u00e3o em R$1,5 bilh\u00e3o, j\u00e1 que benef\u00edcios previdenci\u00e1rios, abono salarial, seguro-desemprego e benef\u00edcios assistenciais a idosos e deficientes tamb\u00e9m devem aumentar.<br \/>\n<\/p>\n","protected":false},"excerpt":{"rendered":"<p>Reajuste aprovado no Congresso est\u00e1 abaixo dos \u00edndices de infla\u00e7\u00e3o. Constitui\u00e7\u00e3o prev\u00ea aumento suficiente para manuten\u00e7\u00e3o do poder de compra. O ministro da Economia, Paulo Guedes, deve autorizar um novo aumento do sal\u00e1rio m\u00ednimo para 2020. Isso se deve ao fato de o aumento aprovado pelo Congresso estar abaixo do valor previsto para os \u00edndices<\/p>\n","protected":false},"author":2,"featured_media":9017,"comment_status":"open","ping_status":"open","sticky":false,"template":"","format":"standard","meta":{"footnotes":""},"categories":[27,22,26,23],"tags":[],"class_list":["post-9016","post","type-post","status-publish","format-standard","has-post-thumbnail","hentry","category-brasil","category-catalao","category-destaque","category-goias"],"yoast_head":"<!-- This site is optimized with the Yoast SEO plugin v25.8 - https:\/\/yoast.com\/wordpress\/plugins\/seo\/ -->\n<title>Sal\u00e1rio m\u00ednimo pode ter novo aumento em 2020 - Jornal Ultimos Acontecimentos<\/title>\n<meta name=\"robots\" content=\"index, follow, max-snippet:-1, max-image-preview:large, max-video-preview:-1\" \/>\n<link rel=\"canonical\" href=\"https:\/\/juacontecimentos.com.br\/site\/salario-minimo-pode-ter-novo-aumento-em-2020\/\" \/>\n<meta property=\"og:locale\" content=\"pt_BR\" \/>\n<meta property=\"og:type\" content=\"article\" \/>\n<meta property=\"og:title\" content=\"Sal\u00e1rio m\u00ednimo pode ter novo aumento em 2020 - Jornal Ultimos Acontecimentos\" \/>\n<meta property=\"og:description\" content=\"Reajuste aprovado no Congresso est\u00e1 abaixo dos \u00edndices de infla\u00e7\u00e3o. Constitui\u00e7\u00e3o prev\u00ea aumento suficiente para manuten\u00e7\u00e3o do poder de compra. O ministro da Economia, Paulo Guedes, deve autorizar um novo aumento do sal\u00e1rio m\u00ednimo para 2020. Isso se deve ao fato de o aumento aprovado pelo Congresso estar abaixo do valor previsto para os \u00edndices\" \/>\n<meta property=\"og:url\" content=\"https:\/\/juacontecimentos.com.br\/site\/salario-minimo-pode-ter-novo-aumento-em-2020\/\" \/>\n<meta property=\"og:site_name\" content=\"Jornal Ultimos Acontecimentos\" \/>\n<meta property=\"article:publisher\" content=\"https:\/\/www.facebook.com\/jultimosacontecimentos\/\" \/>\n<meta property=\"article:published_time\" content=\"2020-01-14T15:28:39+00:00\" \/>\n<meta property=\"og:image\" content=\"https:\/\/juacontecimentos.com.br\/site\/wp-content\/uploads\/2020\/01\/salario-minimo-regional-parana-1024x682-1.jpg\" \/>\n\t<meta property=\"og:image:width\" content=\"1024\" \/>\n\t<meta property=\"og:image:height\" content=\"682\" \/>\n\t<meta property=\"og:image:type\" content=\"image\/jpeg\" \/>\n<meta name=\"author\" content=\"Reginaldo Ribeiro\" \/>\n<meta name=\"twitter:card\" content=\"summary_large_image\" \/>\n<meta name=\"twitter:label1\" content=\"Escrito por\" \/>\n\t<meta name=\"twitter:data1\" content=\"Reginaldo Ribeiro\" \/>\n\t<meta name=\"twitter:label2\" content=\"Est. tempo de leitura\" \/>\n\t<meta name=\"twitter:data2\" content=\"1 minuto\" \/>\n<script type=\"application\/ld+json\" class=\"yoast-schema-graph\">{\"@context\":\"https:\/\/schema.org\",\"@graph\":[{\"@type\":\"Article\",\"@id\":\"https:\/\/juacontecimentos.com.br\/site\/salario-minimo-pode-ter-novo-aumento-em-2020\/#article\",\"isPartOf\":{\"@id\":\"https:\/\/juacontecimentos.com.br\/site\/salario-minimo-pode-ter-novo-aumento-em-2020\/\"},\"author\":{\"name\":\"Reginaldo Ribeiro\",\"@id\":\"https:\/\/juacontecimentos.com.br\/site\/#\/schema\/person\/082a54e6d3fdd7a633291428521c9669\"},\"headline\":\"Sal\u00e1rio m\u00ednimo pode ter novo aumento em 2020\",\"datePublished\":\"2020-01-14T15:28:39+00:00\",\"mainEntityOfPage\":{\"@id\":\"https:\/\/juacontecimentos.com.br\/site\/salario-minimo-pode-ter-novo-aumento-em-2020\/\"},\"wordCount\":220,\"commentCount\":0,\"publisher\":{\"@id\":\"https:\/\/juacontecimentos.com.br\/site\/#organization\"},\"image\":{\"@id\":\"https:\/\/juacontecimentos.com.br\/site\/salario-minimo-pode-ter-novo-aumento-em-2020\/#primaryimage\"},\"thumbnailUrl\":\"https:\/\/juacontecimentos.com.br\/site\/wp-content\/uploads\/2020\/01\/salario-minimo-regional-parana-1024x682-1.jpg\",\"articleSection\":[\"Brasil\",\"Catal\u00e3o\",\"Destaque\",\"Goi\u00e1s\"],\"inLanguage\":\"pt-BR\"},{\"@type\":\"WebPage\",\"@id\":\"https:\/\/juacontecimentos.com.br\/site\/salario-minimo-pode-ter-novo-aumento-em-2020\/\",\"url\":\"https:\/\/juacontecimentos.com.br\/site\/salario-minimo-pode-ter-novo-aumento-em-2020\/\",\"name\":\"Sal\u00e1rio m\u00ednimo pode ter novo aumento em 2020 - Jornal Ultimos Acontecimentos\",\"isPartOf\":{\"@id\":\"https:\/\/juacontecimentos.com.br\/site\/#website\"},\"primaryImageOfPage\":{\"@id\":\"https:\/\/juacontecimentos.com.br\/site\/salario-minimo-pode-ter-novo-aumento-em-2020\/#primaryimage\"},\"image\":{\"@id\":\"https:\/\/juacontecimentos.com.br\/site\/salario-minimo-pode-ter-novo-aumento-em-2020\/#primaryimage\"},\"thumbnailUrl\":\"https:\/\/juacontecimentos.com.br\/site\/wp-content\/uploads\/2020\/01\/salario-minimo-regional-parana-1024x682-1.jpg\",\"datePublished\":\"2020-01-14T15:28:39+00:00\",\"breadcrumb\":{\"@id\":\"https:\/\/juacontecimentos.com.br\/site\/salario-minimo-pode-ter-novo-aumento-em-2020\/#breadcrumb\"},\"inLanguage\":\"pt-BR\",\"potentialAction\":[{\"@type\":\"ReadAction\",\"target\":[\"https:\/\/juacontecimentos.com.br\/site\/salario-minimo-pode-ter-novo-aumento-em-2020\/\"]}]},{\"@type\":\"ImageObject\",\"inLanguage\":\"pt-BR\",\"@id\":\"https:\/\/juacontecimentos.com.br\/site\/salario-minimo-pode-ter-novo-aumento-em-2020\/#primaryimage\",\"url\":\"https:\/\/juacontecimentos.com.br\/site\/wp-content\/uploads\/2020\/01\/salario-minimo-regional-parana-1024x682-1.jpg\",\"contentUrl\":\"https:\/\/juacontecimentos.com.br\/site\/wp-content\/uploads\/2020\/01\/salario-minimo-regional-parana-1024x682-1.jpg\",\"width\":1024,\"height\":682},{\"@type\":\"BreadcrumbList\",\"@id\":\"https:\/\/juacontecimentos.com.br\/site\/salario-minimo-pode-ter-novo-aumento-em-2020\/#breadcrumb\",\"itemListElement\":[{\"@type\":\"ListItem\",\"position\":1,\"name\":\"In\u00edcio\",\"item\":\"https:\/\/juacontecimentos.com.br\/site\/\"},{\"@type\":\"ListItem\",\"position\":2,\"name\":\"Sal\u00e1rio m\u00ednimo pode ter novo aumento em 2020\"}]},{\"@type\":\"WebSite\",\"@id\":\"https:\/\/juacontecimentos.com.br\/site\/#website\",\"url\":\"https:\/\/juacontecimentos.com.br\/site\/\",\"name\":\"Jornal Ultimos Acontecimentos\",\"description\":\"Catal\u00e3o e regi\u00e3o\",\"publisher\":{\"@id\":\"https:\/\/juacontecimentos.com.br\/site\/#organization\"},\"potentialAction\":[{\"@type\":\"SearchAction\",\"target\":{\"@type\":\"EntryPoint\",\"urlTemplate\":\"https:\/\/juacontecimentos.com.br\/site\/?s={search_term_string}\"},\"query-input\":{\"@type\":\"PropertyValueSpecification\",\"valueRequired\":true,\"valueName\":\"search_term_string\"}}],\"inLanguage\":\"pt-BR\"},{\"@type\":\"Organization\",\"@id\":\"https:\/\/juacontecimentos.com.br\/site\/#organization\",\"name\":\"Jornal Ultimos Acontecimentos\",\"url\":\"https:\/\/juacontecimentos.com.br\/site\/\",\"logo\":{\"@type\":\"ImageObject\",\"inLanguage\":\"pt-BR\",\"@id\":\"https:\/\/juacontecimentos.com.br\/site\/#\/schema\/logo\/image\/\",\"url\":\"https:\/\/juacontecimentos.com.br\/site\/wp-content\/uploads\/2023\/04\/Logo_Site.png\",\"contentUrl\":\"https:\/\/juacontecimentos.com.br\/site\/wp-content\/uploads\/2023\/04\/Logo_Site.png\",\"width\":2476,\"height\":530,\"caption\":\"Jornal Ultimos Acontecimentos\"},\"image\":{\"@id\":\"https:\/\/juacontecimentos.com.br\/site\/#\/schema\/logo\/image\/\"},\"sameAs\":[\"https:\/\/www.facebook.com\/jultimosacontecimentos\/\"]},{\"@type\":\"Person\",\"@id\":\"https:\/\/juacontecimentos.com.br\/site\/#\/schema\/person\/082a54e6d3fdd7a633291428521c9669\",\"name\":\"Reginaldo Ribeiro\",\"image\":{\"@type\":\"ImageObject\",\"inLanguage\":\"pt-BR\",\"@id\":\"https:\/\/juacontecimentos.com.br\/site\/#\/schema\/person\/image\/\",\"url\":\"https:\/\/secure.gravatar.com\/avatar\/5c16c6837c3490270a74d888c2a845728f06bdde1f8761de1de1d1d1ef82d12f?s=96&d=mm&r=g\",\"contentUrl\":\"https:\/\/secure.gravatar.com\/avatar\/5c16c6837c3490270a74d888c2a845728f06bdde1f8761de1de1d1d1ef82d12f?s=96&d=mm&r=g\",\"caption\":\"Reginaldo Ribeiro\"}}]}<\/script>\n<!-- \/ Yoast SEO plugin. -->","yoast_head_json":{"title":"Sal\u00e1rio m\u00ednimo pode ter novo aumento em 2020 - Jornal Ultimos Acontecimentos","robots":{"index":"index","follow":"follow","max-snippet":"max-snippet:-1","max-image-preview":"max-image-preview:large","max-video-preview":"max-video-preview:-1"},"canonical":"https:\/\/juacontecimentos.com.br\/site\/salario-minimo-pode-ter-novo-aumento-em-2020\/","og_locale":"pt_BR","og_type":"article","og_title":"Sal\u00e1rio m\u00ednimo pode ter novo aumento em 2020 - Jornal Ultimos Acontecimentos","og_description":"Reajuste aprovado no Congresso est\u00e1 abaixo dos \u00edndices de infla\u00e7\u00e3o. Constitui\u00e7\u00e3o prev\u00ea aumento suficiente para manuten\u00e7\u00e3o do poder de compra. O ministro da Economia, Paulo Guedes, deve autorizar um novo aumento do sal\u00e1rio m\u00ednimo para 2020. Isso se deve ao fato de o aumento aprovado pelo Congresso estar abaixo do valor previsto para os \u00edndices","og_url":"https:\/\/juacontecimentos.com.br\/site\/salario-minimo-pode-ter-novo-aumento-em-2020\/","og_site_name":"Jornal Ultimos Acontecimentos","article_publisher":"https:\/\/www.facebook.com\/jultimosacontecimentos\/","article_published_time":"2020-01-14T15:28:39+00:00","og_image":[{"width":1024,"height":682,"url":"https:\/\/juacontecimentos.com.br\/site\/wp-content\/uploads\/2020\/01\/salario-minimo-regional-parana-1024x682-1.jpg","type":"image\/jpeg"}],"author":"Reginaldo Ribeiro","twitter_card":"summary_large_image","twitter_misc":{"Escrito por":"Reginaldo Ribeiro","Est. tempo de leitura":"1 minuto"},"schema":{"@context":"https:\/\/schema.org","@graph":[{"@type":"Article","@id":"https:\/\/juacontecimentos.com.br\/site\/salario-minimo-pode-ter-novo-aumento-em-2020\/#article","isPartOf":{"@id":"https:\/\/juacontecimentos.com.br\/site\/salario-minimo-pode-ter-novo-aumento-em-2020\/"},"author":{"name":"Reginaldo Ribeiro","@id":"https:\/\/juacontecimentos.com.br\/site\/#\/schema\/person\/082a54e6d3fdd7a633291428521c9669"},"headline":"Sal\u00e1rio m\u00ednimo pode ter novo aumento em 2020","datePublished":"2020-01-14T15:28:39+00:00","mainEntityOfPage":{"@id":"https:\/\/juacontecimentos.com.br\/site\/salario-minimo-pode-ter-novo-aumento-em-2020\/"},"wordCount":220,"commentCount":0,"publisher":{"@id":"https:\/\/juacontecimentos.com.br\/site\/#organization"},"image":{"@id":"https:\/\/juacontecimentos.com.br\/site\/salario-minimo-pode-ter-novo-aumento-em-2020\/#primaryimage"},"thumbnailUrl":"https:\/\/juacontecimentos.com.br\/site\/wp-content\/uploads\/2020\/01\/salario-minimo-regional-parana-1024x682-1.jpg","articleSection":["Brasil","Catal\u00e3o","Destaque","Goi\u00e1s"],"inLanguage":"pt-BR"},{"@type":"WebPage","@id":"https:\/\/juacontecimentos.com.br\/site\/salario-minimo-pode-ter-novo-aumento-em-2020\/","url":"https:\/\/juacontecimentos.com.br\/site\/salario-minimo-pode-ter-novo-aumento-em-2020\/","name":"Sal\u00e1rio m\u00ednimo pode ter novo aumento em 2020 - Jornal Ultimos Acontecimentos","isPartOf":{"@id":"https:\/\/juacontecimentos.com.br\/site\/#website"},"primaryImageOfPage":{"@id":"https:\/\/juacontecimentos.com.br\/site\/salario-minimo-pode-ter-novo-aumento-em-2020\/#primaryimage"},"image":{"@id":"https:\/\/juacontecimentos.com.br\/site\/salario-minimo-pode-ter-novo-aumento-em-2020\/#primaryimage"},"thumbnailUrl":"https:\/\/juacontecimentos.com.br\/site\/wp-content\/uploads\/2020\/01\/salario-minimo-regional-parana-1024x682-1.jpg","datePublished":"2020-01-14T15:28:39+00:00","breadcrumb":{"@id":"https:\/\/juacontecimentos.com.br\/site\/salario-minimo-pode-ter-novo-aumento-em-2020\/#breadcrumb"},"inLanguage":"pt-BR","potentialAction":[{"@type":"ReadAction","target":["https:\/\/juacontecimentos.com.br\/site\/salario-minimo-pode-ter-novo-aumento-em-2020\/"]}]},{"@type":"ImageObject","inLanguage":"pt-BR","@id":"https:\/\/juacontecimentos.com.br\/site\/salario-minimo-pode-ter-novo-aumento-em-2020\/#primaryimage","url":"https:\/\/juacontecimentos.com.br\/site\/wp-content\/uploads\/2020\/01\/salario-minimo-regional-parana-1024x682-1.jpg","contentUrl":"https:\/\/juacontecimentos.com.br\/site\/wp-content\/uploads\/2020\/01\/salario-minimo-regional-parana-1024x682-1.jpg","width":1024,"height":682},{"@type":"BreadcrumbList","@id":"https:\/\/juacontecimentos.com.br\/site\/salario-minimo-pode-ter-novo-aumento-em-2020\/#breadcrumb","itemListElement":[{"@type":"ListItem","position":1,"name":"In\u00edcio","item":"https:\/\/juacontecimentos.com.br\/site\/"},{"@type":"ListItem","position":2,"name":"Sal\u00e1rio m\u00ednimo pode ter novo aumento em 2020"}]},{"@type":"WebSite","@id":"https:\/\/juacontecimentos.com.br\/site\/#website","url":"https:\/\/juacontecimentos.com.br\/site\/","name":"Jornal Ultimos Acontecimentos","description":"Catal\u00e3o e regi\u00e3o","publisher":{"@id":"https:\/\/juacontecimentos.com.br\/site\/#organization"},"potentialAction":[{"@type":"SearchAction","target":{"@type":"EntryPoint","urlTemplate":"https:\/\/juacontecimentos.com.br\/site\/?s={search_term_string}"},"query-input":{"@type":"PropertyValueSpecification","valueRequired":true,"valueName":"search_term_string"}}],"inLanguage":"pt-BR"},{"@type":"Organization","@id":"https:\/\/juacontecimentos.com.br\/site\/#organization","name":"Jornal Ultimos Acontecimentos","url":"https:\/\/juacontecimentos.com.br\/site\/","logo":{"@type":"ImageObject","inLanguage":"pt-BR","@id":"https:\/\/juacontecimentos.com.br\/site\/#\/schema\/logo\/image\/","url":"https:\/\/juacontecimentos.com.br\/site\/wp-content\/uploads\/2023\/04\/Logo_Site.png","contentUrl":"https:\/\/juacontecimentos.com.br\/site\/wp-content\/uploads\/2023\/04\/Logo_Site.png","width":2476,"height":530,"caption":"Jornal Ultimos Acontecimentos"},"image":{"@id":"https:\/\/juacontecimentos.com.br\/site\/#\/schema\/logo\/image\/"},"sameAs":["https:\/\/www.facebook.com\/jultimosacontecimentos\/"]},{"@type":"Person","@id":"https:\/\/juacontecimentos.com.br\/site\/#\/schema\/person\/082a54e6d3fdd7a633291428521c9669","name":"Reginaldo Ribeiro","image":{"@type":"ImageObject","inLanguage":"pt-BR","@id":"https:\/\/juacontecimentos.com.br\/site\/#\/schema\/person\/image\/","url":"https:\/\/secure.gravatar.com\/avatar\/5c16c6837c3490270a74d888c2a845728f06bdde1f8761de1de1d1d1ef82d12f?s=96&d=mm&r=g","contentUrl":"https:\/\/secure.gravatar.com\/avatar\/5c16c6837c3490270a74d888c2a845728f06bdde1f8761de1de1d1d1ef82d12f?s=96&d=mm&r=g","caption":"Reginaldo Ribeiro"}}]}},"_links":{"self":[{"href":"https:\/\/juacontecimentos.com.br\/site\/wp-json\/wp\/v2\/posts\/9016","targetHints":{"allow":["GET"]}}],"collection":[{"href":"https:\/\/juacontecimentos.com.br\/site\/wp-json\/wp\/v2\/posts"}],"about":[{"href":"https:\/\/juacontecimentos.com.br\/site\/wp-json\/wp\/v2\/types\/post"}],"author":[{"embeddable":true,"href":"https:\/\/juacontecimentos.com.br\/site\/wp-json\/wp\/v2\/users\/2"}],"replies":[{"embeddable":true,"href":"https:\/\/juacontecimentos.com.br\/site\/wp-json\/wp\/v2\/comments?post=9016"}],"version-history":[{"count":1,"href":"https:\/\/juacontecimentos.com.br\/site\/wp-json\/wp\/v2\/posts\/9016\/revisions"}],"predecessor-version":[{"id":9018,"href":"https:\/\/juacontecimentos.com.br\/site\/wp-json\/wp\/v2\/posts\/9016\/revisions\/9018"}],"wp:featuredmedia":[{"embeddable":true,"href":"https:\/\/juacontecimentos.com.br\/site\/wp-json\/wp\/v2\/media\/9017"}],"wp:attachment":[{"href":"https:\/\/juacontecimentos.com.br\/site\/wp-json\/wp\/v2\/media?parent=9016"}],"wp:term":[{"taxonomy":"category","embeddable":true,"href":"https:\/\/juacontecimentos.com.br\/site\/wp-json\/wp\/v2\/categories?post=9016"},{"taxonomy":"post_tag","embeddable":true,"href":"https:\/\/juacontecimentos.com.br\/site\/wp-json\/wp\/v2\/tags?post=9016"}],"curies":[{"name":"wp","href":"https:\/\/api.w.org\/{rel}","templated":true}]}}