{"id":9098,"date":"2020-01-19T07:38:14","date_gmt":"2020-01-19T09:38:14","guid":{"rendered":"http:\/\/juacontecimentos.com.br\/site\/?p=9098"},"modified":"2020-01-19T07:38:14","modified_gmt":"2020-01-19T09:38:14","slug":"governo-federal-anuncia-reajuste-do-piso-dos-professores","status":"publish","type":"post","link":"https:\/\/juacontecimentos.com.br\/site\/governo-federal-anuncia-reajuste-do-piso-dos-professores\/","title":{"rendered":"Governo federal anuncia reajuste do piso dos professores"},"content":{"rendered":"<div>O presidente da Rep\u00fablica, Jair Bolsonaro, e o ministro da Educa\u00e7\u00e3o, Abraham Weintraub, anunciaram por meio de live (transmiss\u00e3o ao vivo) em rede social o aumento de 12,84% do piso salarial previsto no Fundo de Manuten\u00e7\u00e3o e Desenvolvimento da Educa\u00e7\u00e3o B\u00e1sica e de Valoriza\u00e7\u00e3o dos Profissionais da Educa\u00e7\u00e3o (Fundeb). Segundo Weintraub, o reajuste anunciado \u201c\u00e9 o maior aumento em reais desde 2009.\u201d<\/div>\n<div><\/div>\n<div>O ajuste, acima da infla\u00e7\u00e3o de 2019 (4,31%), corresponde \u00e0s expectativas da Confedera\u00e7\u00e3o Nacional de Munic\u00edpios (CNM) que j\u00e1 havia previsto o valor m\u00ednimo do magist\u00e9rio passaria de R$ 2.557,74 para R$ 2.886,24. H\u00e1 expectativa entre gestores municipais que uma nova lei sobre o Fundeb seja criada este ano. A lei atual s\u00f3 prev\u00ea a manuten\u00e7\u00e3o do fundo at\u00e9 este ano. O Minist\u00e9rio da Educa\u00e7\u00e3o prepara proposta com novas regras.<\/div>\n<div><\/div>\n<div>Durante a live o presidente tamb\u00e9m anunciou, ao lado do secret\u00e1rio de Cultura Roberto Alvim, o lan\u00e7amento do Pr\u00eamio Nacional das Artes que ir\u00e1 destinar mais de R$ 20 milh\u00f5es para produ\u00e7\u00e3o art\u00edstica nas cinco grandes regi\u00f5es brasileiras.<\/div>\n<div><\/div>\n<div>O pr\u00eamio ter\u00e1 sete categorias, eruditas e populares, e prev\u00ea a sele\u00e7\u00e3o de cinco \u00f3peras, 25 espet\u00e1culos teatrais, 25 exposi\u00e7\u00f5es individuais de pintura e 25 exposi\u00e7\u00e3o de escultura, 25 contos in\u00e9ditos, 25 CDs musicais originais e at\u00e9 15 propostas de hist\u00f3rias em quadrinhos.<\/div>\n<div><\/div>\n<div>O edital ser\u00e1 publicado na pr\u00f3xima semana no Di\u00e1rio Oficial da Uni\u00e3o e no site da Secretaria Especial da Cultura. O repasse de recursos entre as regi\u00f5es ser\u00e1 dividido de forma igual.<\/div>\n<div><\/div>\n<div>Durante a transmiss\u00e3o, o presidente tamb\u00e9m comentou a queda hist\u00f3rica dos juros b\u00e1sico da economia, Taxa Selic a 4,5% ao ano e a esperada redu\u00e7\u00e3o da d\u00edvida p\u00fablica com a baixa dos juros. O presidente salientou a redu\u00e7\u00e3o dos custos de empr\u00e9stimos da Caixa Econ\u00f4mica Federal e a diminui\u00e7\u00e3o de pessoas inadimplentes. Bolsonaro salientou que a queda de juros ocorre \u201csem canetada\u201d e \u201csem interfer\u00eancia\u201d, mas por causa do ambiente de recupera\u00e7\u00e3o econ\u00f4mica.<\/div>\n<div><\/div>\n<div>O presidente comemorou a prioridade anunciada pelo governo dos Estados Unidos para que o Brasil se torne membro da Organiza\u00e7\u00e3o para a Coopera\u00e7\u00e3o e Desenvolvimento Econ\u00f4mico (OCDE) e lembrou a edi\u00e7\u00e3o de nova medida provis\u00f3ria que ajusta o sal\u00e1rio m\u00ednimo dos atuais R$ 1.039 para R$ 1.045.<\/div>\n<div><\/div>\n<div>Al\u00e9m do ministro da Educa\u00e7\u00e3o e do secret\u00e1rio de Cultura, participou da transmiss\u00e3o o secret\u00e1rio de Aquicultura e Pesca, Jorge Seif Junior.\u00a0<strong>(Ag\u00eancia Brasil)<\/strong><\/div>\n<p><\/p>\n","protected":false},"excerpt":{"rendered":"<p>O presidente da Rep\u00fablica, Jair Bolsonaro, e o ministro da Educa\u00e7\u00e3o, Abraham Weintraub, anunciaram por meio de live (transmiss\u00e3o ao vivo) em rede social o aumento de 12,84% do piso salarial previsto no Fundo de Manuten\u00e7\u00e3o e Desenvolvimento da Educa\u00e7\u00e3o B\u00e1sica e de Valoriza\u00e7\u00e3o dos Profissionais da Educa\u00e7\u00e3o (Fundeb). Segundo Weintraub, o reajuste anunciado \u201c\u00e9<\/p>\n","protected":false},"author":2,"featured_media":9099,"comment_status":"open","ping_status":"open","sticky":false,"template":"","format":"standard","meta":{"footnotes":""},"categories":[27,22,26,23],"tags":[],"class_list":["post-9098","post","type-post","status-publish","format-standard","has-post-thumbnail","hentry","category-brasil","category-catalao","category-destaque","category-goias"],"yoast_head":"<!-- This site is optimized with the Yoast SEO plugin v25.8 - https:\/\/yoast.com\/wordpress\/plugins\/seo\/ -->\n<title>Governo federal anuncia reajuste do piso dos professores - Jornal Ultimos Acontecimentos<\/title>\n<meta name=\"robots\" content=\"index, follow, max-snippet:-1, max-image-preview:large, max-video-preview:-1\" \/>\n<link rel=\"canonical\" href=\"https:\/\/juacontecimentos.com.br\/site\/governo-federal-anuncia-reajuste-do-piso-dos-professores\/\" \/>\n<meta property=\"og:locale\" content=\"pt_BR\" \/>\n<meta property=\"og:type\" content=\"article\" \/>\n<meta property=\"og:title\" content=\"Governo federal anuncia reajuste do piso dos professores - Jornal Ultimos Acontecimentos\" \/>\n<meta property=\"og:description\" content=\"O presidente da Rep\u00fablica, Jair Bolsonaro, e o ministro da Educa\u00e7\u00e3o, Abraham Weintraub, anunciaram por meio de live (transmiss\u00e3o ao vivo) em rede social o aumento de 12,84% do piso salarial previsto no Fundo de Manuten\u00e7\u00e3o e Desenvolvimento da Educa\u00e7\u00e3o B\u00e1sica e de Valoriza\u00e7\u00e3o dos Profissionais da Educa\u00e7\u00e3o (Fundeb). Segundo Weintraub, o reajuste anunciado \u201c\u00e9\" \/>\n<meta property=\"og:url\" content=\"https:\/\/juacontecimentos.com.br\/site\/governo-federal-anuncia-reajuste-do-piso-dos-professores\/\" \/>\n<meta property=\"og:site_name\" content=\"Jornal Ultimos Acontecimentos\" \/>\n<meta property=\"article:publisher\" content=\"https:\/\/www.facebook.com\/jultimosacontecimentos\/\" \/>\n<meta property=\"article:published_time\" content=\"2020-01-19T09:38:14+00:00\" \/>\n<meta property=\"og:image\" content=\"https:\/\/juacontecimentos.com.br\/site\/wp-content\/uploads\/2020\/01\/governo-federal-anuncia-reajuste-do-piso-dos-professores.jpg\" \/>\n\t<meta property=\"og:image:width\" content=\"627\" \/>\n\t<meta property=\"og:image:height\" content=\"400\" \/>\n\t<meta property=\"og:image:type\" content=\"image\/jpeg\" \/>\n<meta name=\"author\" content=\"Reginaldo Ribeiro\" \/>\n<meta name=\"twitter:card\" content=\"summary_large_image\" \/>\n<meta name=\"twitter:label1\" content=\"Escrito por\" \/>\n\t<meta name=\"twitter:data1\" content=\"Reginaldo Ribeiro\" \/>\n\t<meta name=\"twitter:label2\" content=\"Est. tempo de leitura\" \/>\n\t<meta name=\"twitter:data2\" content=\"2 minutos\" \/>\n<script type=\"application\/ld+json\" class=\"yoast-schema-graph\">{\"@context\":\"https:\/\/schema.org\",\"@graph\":[{\"@type\":\"Article\",\"@id\":\"https:\/\/juacontecimentos.com.br\/site\/governo-federal-anuncia-reajuste-do-piso-dos-professores\/#article\",\"isPartOf\":{\"@id\":\"https:\/\/juacontecimentos.com.br\/site\/governo-federal-anuncia-reajuste-do-piso-dos-professores\/\"},\"author\":{\"name\":\"Reginaldo Ribeiro\",\"@id\":\"https:\/\/juacontecimentos.com.br\/site\/#\/schema\/person\/082a54e6d3fdd7a633291428521c9669\"},\"headline\":\"Governo federal anuncia reajuste do piso dos professores\",\"datePublished\":\"2020-01-19T09:38:14+00:00\",\"mainEntityOfPage\":{\"@id\":\"https:\/\/juacontecimentos.com.br\/site\/governo-federal-anuncia-reajuste-do-piso-dos-professores\/\"},\"wordCount\":442,\"commentCount\":0,\"publisher\":{\"@id\":\"https:\/\/juacontecimentos.com.br\/site\/#organization\"},\"image\":{\"@id\":\"https:\/\/juacontecimentos.com.br\/site\/governo-federal-anuncia-reajuste-do-piso-dos-professores\/#primaryimage\"},\"thumbnailUrl\":\"https:\/\/juacontecimentos.com.br\/site\/wp-content\/uploads\/2020\/01\/governo-federal-anuncia-reajuste-do-piso-dos-professores.jpg\",\"articleSection\":[\"Brasil\",\"Catal\u00e3o\",\"Destaque\",\"Goi\u00e1s\"],\"inLanguage\":\"pt-BR\"},{\"@type\":\"WebPage\",\"@id\":\"https:\/\/juacontecimentos.com.br\/site\/governo-federal-anuncia-reajuste-do-piso-dos-professores\/\",\"url\":\"https:\/\/juacontecimentos.com.br\/site\/governo-federal-anuncia-reajuste-do-piso-dos-professores\/\",\"name\":\"Governo federal anuncia reajuste do piso dos professores - Jornal Ultimos Acontecimentos\",\"isPartOf\":{\"@id\":\"https:\/\/juacontecimentos.com.br\/site\/#website\"},\"primaryImageOfPage\":{\"@id\":\"https:\/\/juacontecimentos.com.br\/site\/governo-federal-anuncia-reajuste-do-piso-dos-professores\/#primaryimage\"},\"image\":{\"@id\":\"https:\/\/juacontecimentos.com.br\/site\/governo-federal-anuncia-reajuste-do-piso-dos-professores\/#primaryimage\"},\"thumbnailUrl\":\"https:\/\/juacontecimentos.com.br\/site\/wp-content\/uploads\/2020\/01\/governo-federal-anuncia-reajuste-do-piso-dos-professores.jpg\",\"datePublished\":\"2020-01-19T09:38:14+00:00\",\"breadcrumb\":{\"@id\":\"https:\/\/juacontecimentos.com.br\/site\/governo-federal-anuncia-reajuste-do-piso-dos-professores\/#breadcrumb\"},\"inLanguage\":\"pt-BR\",\"potentialAction\":[{\"@type\":\"ReadAction\",\"target\":[\"https:\/\/juacontecimentos.com.br\/site\/governo-federal-anuncia-reajuste-do-piso-dos-professores\/\"]}]},{\"@type\":\"ImageObject\",\"inLanguage\":\"pt-BR\",\"@id\":\"https:\/\/juacontecimentos.com.br\/site\/governo-federal-anuncia-reajuste-do-piso-dos-professores\/#primaryimage\",\"url\":\"https:\/\/juacontecimentos.com.br\/site\/wp-content\/uploads\/2020\/01\/governo-federal-anuncia-reajuste-do-piso-dos-professores.jpg\",\"contentUrl\":\"https:\/\/juacontecimentos.com.br\/site\/wp-content\/uploads\/2020\/01\/governo-federal-anuncia-reajuste-do-piso-dos-professores.jpg\",\"width\":627,\"height\":400},{\"@type\":\"BreadcrumbList\",\"@id\":\"https:\/\/juacontecimentos.com.br\/site\/governo-federal-anuncia-reajuste-do-piso-dos-professores\/#breadcrumb\",\"itemListElement\":[{\"@type\":\"ListItem\",\"position\":1,\"name\":\"In\u00edcio\",\"item\":\"https:\/\/juacontecimentos.com.br\/site\/\"},{\"@type\":\"ListItem\",\"position\":2,\"name\":\"Governo federal anuncia reajuste do piso dos professores\"}]},{\"@type\":\"WebSite\",\"@id\":\"https:\/\/juacontecimentos.com.br\/site\/#website\",\"url\":\"https:\/\/juacontecimentos.com.br\/site\/\",\"name\":\"Jornal Ultimos Acontecimentos\",\"description\":\"Catal\u00e3o e regi\u00e3o\",\"publisher\":{\"@id\":\"https:\/\/juacontecimentos.com.br\/site\/#organization\"},\"potentialAction\":[{\"@type\":\"SearchAction\",\"target\":{\"@type\":\"EntryPoint\",\"urlTemplate\":\"https:\/\/juacontecimentos.com.br\/site\/?s={search_term_string}\"},\"query-input\":{\"@type\":\"PropertyValueSpecification\",\"valueRequired\":true,\"valueName\":\"search_term_string\"}}],\"inLanguage\":\"pt-BR\"},{\"@type\":\"Organization\",\"@id\":\"https:\/\/juacontecimentos.com.br\/site\/#organization\",\"name\":\"Jornal Ultimos Acontecimentos\",\"url\":\"https:\/\/juacontecimentos.com.br\/site\/\",\"logo\":{\"@type\":\"ImageObject\",\"inLanguage\":\"pt-BR\",\"@id\":\"https:\/\/juacontecimentos.com.br\/site\/#\/schema\/logo\/image\/\",\"url\":\"https:\/\/juacontecimentos.com.br\/site\/wp-content\/uploads\/2023\/04\/Logo_Site.png\",\"contentUrl\":\"https:\/\/juacontecimentos.com.br\/site\/wp-content\/uploads\/2023\/04\/Logo_Site.png\",\"width\":2476,\"height\":530,\"caption\":\"Jornal Ultimos Acontecimentos\"},\"image\":{\"@id\":\"https:\/\/juacontecimentos.com.br\/site\/#\/schema\/logo\/image\/\"},\"sameAs\":[\"https:\/\/www.facebook.com\/jultimosacontecimentos\/\"]},{\"@type\":\"Person\",\"@id\":\"https:\/\/juacontecimentos.com.br\/site\/#\/schema\/person\/082a54e6d3fdd7a633291428521c9669\",\"name\":\"Reginaldo Ribeiro\",\"image\":{\"@type\":\"ImageObject\",\"inLanguage\":\"pt-BR\",\"@id\":\"https:\/\/juacontecimentos.com.br\/site\/#\/schema\/person\/image\/\",\"url\":\"https:\/\/secure.gravatar.com\/avatar\/5c16c6837c3490270a74d888c2a845728f06bdde1f8761de1de1d1d1ef82d12f?s=96&d=mm&r=g\",\"contentUrl\":\"https:\/\/secure.gravatar.com\/avatar\/5c16c6837c3490270a74d888c2a845728f06bdde1f8761de1de1d1d1ef82d12f?s=96&d=mm&r=g\",\"caption\":\"Reginaldo Ribeiro\"}}]}<\/script>\n<!-- \/ Yoast SEO plugin. -->","yoast_head_json":{"title":"Governo federal anuncia reajuste do piso dos professores - Jornal Ultimos Acontecimentos","robots":{"index":"index","follow":"follow","max-snippet":"max-snippet:-1","max-image-preview":"max-image-preview:large","max-video-preview":"max-video-preview:-1"},"canonical":"https:\/\/juacontecimentos.com.br\/site\/governo-federal-anuncia-reajuste-do-piso-dos-professores\/","og_locale":"pt_BR","og_type":"article","og_title":"Governo federal anuncia reajuste do piso dos professores - Jornal Ultimos Acontecimentos","og_description":"O presidente da Rep\u00fablica, Jair Bolsonaro, e o ministro da Educa\u00e7\u00e3o, Abraham Weintraub, anunciaram por meio de live (transmiss\u00e3o ao vivo) em rede social o aumento de 12,84% do piso salarial previsto no Fundo de Manuten\u00e7\u00e3o e Desenvolvimento da Educa\u00e7\u00e3o B\u00e1sica e de Valoriza\u00e7\u00e3o dos Profissionais da Educa\u00e7\u00e3o (Fundeb). Segundo Weintraub, o reajuste anunciado \u201c\u00e9","og_url":"https:\/\/juacontecimentos.com.br\/site\/governo-federal-anuncia-reajuste-do-piso-dos-professores\/","og_site_name":"Jornal Ultimos Acontecimentos","article_publisher":"https:\/\/www.facebook.com\/jultimosacontecimentos\/","article_published_time":"2020-01-19T09:38:14+00:00","og_image":[{"width":627,"height":400,"url":"https:\/\/juacontecimentos.com.br\/site\/wp-content\/uploads\/2020\/01\/governo-federal-anuncia-reajuste-do-piso-dos-professores.jpg","type":"image\/jpeg"}],"author":"Reginaldo Ribeiro","twitter_card":"summary_large_image","twitter_misc":{"Escrito por":"Reginaldo Ribeiro","Est. tempo de leitura":"2 minutos"},"schema":{"@context":"https:\/\/schema.org","@graph":[{"@type":"Article","@id":"https:\/\/juacontecimentos.com.br\/site\/governo-federal-anuncia-reajuste-do-piso-dos-professores\/#article","isPartOf":{"@id":"https:\/\/juacontecimentos.com.br\/site\/governo-federal-anuncia-reajuste-do-piso-dos-professores\/"},"author":{"name":"Reginaldo Ribeiro","@id":"https:\/\/juacontecimentos.com.br\/site\/#\/schema\/person\/082a54e6d3fdd7a633291428521c9669"},"headline":"Governo federal anuncia reajuste do piso dos professores","datePublished":"2020-01-19T09:38:14+00:00","mainEntityOfPage":{"@id":"https:\/\/juacontecimentos.com.br\/site\/governo-federal-anuncia-reajuste-do-piso-dos-professores\/"},"wordCount":442,"commentCount":0,"publisher":{"@id":"https:\/\/juacontecimentos.com.br\/site\/#organization"},"image":{"@id":"https:\/\/juacontecimentos.com.br\/site\/governo-federal-anuncia-reajuste-do-piso-dos-professores\/#primaryimage"},"thumbnailUrl":"https:\/\/juacontecimentos.com.br\/site\/wp-content\/uploads\/2020\/01\/governo-federal-anuncia-reajuste-do-piso-dos-professores.jpg","articleSection":["Brasil","Catal\u00e3o","Destaque","Goi\u00e1s"],"inLanguage":"pt-BR"},{"@type":"WebPage","@id":"https:\/\/juacontecimentos.com.br\/site\/governo-federal-anuncia-reajuste-do-piso-dos-professores\/","url":"https:\/\/juacontecimentos.com.br\/site\/governo-federal-anuncia-reajuste-do-piso-dos-professores\/","name":"Governo federal anuncia reajuste do piso dos professores - Jornal Ultimos Acontecimentos","isPartOf":{"@id":"https:\/\/juacontecimentos.com.br\/site\/#website"},"primaryImageOfPage":{"@id":"https:\/\/juacontecimentos.com.br\/site\/governo-federal-anuncia-reajuste-do-piso-dos-professores\/#primaryimage"},"image":{"@id":"https:\/\/juacontecimentos.com.br\/site\/governo-federal-anuncia-reajuste-do-piso-dos-professores\/#primaryimage"},"thumbnailUrl":"https:\/\/juacontecimentos.com.br\/site\/wp-content\/uploads\/2020\/01\/governo-federal-anuncia-reajuste-do-piso-dos-professores.jpg","datePublished":"2020-01-19T09:38:14+00:00","breadcrumb":{"@id":"https:\/\/juacontecimentos.com.br\/site\/governo-federal-anuncia-reajuste-do-piso-dos-professores\/#breadcrumb"},"inLanguage":"pt-BR","potentialAction":[{"@type":"ReadAction","target":["https:\/\/juacontecimentos.com.br\/site\/governo-federal-anuncia-reajuste-do-piso-dos-professores\/"]}]},{"@type":"ImageObject","inLanguage":"pt-BR","@id":"https:\/\/juacontecimentos.com.br\/site\/governo-federal-anuncia-reajuste-do-piso-dos-professores\/#primaryimage","url":"https:\/\/juacontecimentos.com.br\/site\/wp-content\/uploads\/2020\/01\/governo-federal-anuncia-reajuste-do-piso-dos-professores.jpg","contentUrl":"https:\/\/juacontecimentos.com.br\/site\/wp-content\/uploads\/2020\/01\/governo-federal-anuncia-reajuste-do-piso-dos-professores.jpg","width":627,"height":400},{"@type":"BreadcrumbList","@id":"https:\/\/juacontecimentos.com.br\/site\/governo-federal-anuncia-reajuste-do-piso-dos-professores\/#breadcrumb","itemListElement":[{"@type":"ListItem","position":1,"name":"In\u00edcio","item":"https:\/\/juacontecimentos.com.br\/site\/"},{"@type":"ListItem","position":2,"name":"Governo federal anuncia reajuste do piso dos professores"}]},{"@type":"WebSite","@id":"https:\/\/juacontecimentos.com.br\/site\/#website","url":"https:\/\/juacontecimentos.com.br\/site\/","name":"Jornal Ultimos Acontecimentos","description":"Catal\u00e3o e regi\u00e3o","publisher":{"@id":"https:\/\/juacontecimentos.com.br\/site\/#organization"},"potentialAction":[{"@type":"SearchAction","target":{"@type":"EntryPoint","urlTemplate":"https:\/\/juacontecimentos.com.br\/site\/?s={search_term_string}"},"query-input":{"@type":"PropertyValueSpecification","valueRequired":true,"valueName":"search_term_string"}}],"inLanguage":"pt-BR"},{"@type":"Organization","@id":"https:\/\/juacontecimentos.com.br\/site\/#organization","name":"Jornal Ultimos Acontecimentos","url":"https:\/\/juacontecimentos.com.br\/site\/","logo":{"@type":"ImageObject","inLanguage":"pt-BR","@id":"https:\/\/juacontecimentos.com.br\/site\/#\/schema\/logo\/image\/","url":"https:\/\/juacontecimentos.com.br\/site\/wp-content\/uploads\/2023\/04\/Logo_Site.png","contentUrl":"https:\/\/juacontecimentos.com.br\/site\/wp-content\/uploads\/2023\/04\/Logo_Site.png","width":2476,"height":530,"caption":"Jornal Ultimos Acontecimentos"},"image":{"@id":"https:\/\/juacontecimentos.com.br\/site\/#\/schema\/logo\/image\/"},"sameAs":["https:\/\/www.facebook.com\/jultimosacontecimentos\/"]},{"@type":"Person","@id":"https:\/\/juacontecimentos.com.br\/site\/#\/schema\/person\/082a54e6d3fdd7a633291428521c9669","name":"Reginaldo Ribeiro","image":{"@type":"ImageObject","inLanguage":"pt-BR","@id":"https:\/\/juacontecimentos.com.br\/site\/#\/schema\/person\/image\/","url":"https:\/\/secure.gravatar.com\/avatar\/5c16c6837c3490270a74d888c2a845728f06bdde1f8761de1de1d1d1ef82d12f?s=96&d=mm&r=g","contentUrl":"https:\/\/secure.gravatar.com\/avatar\/5c16c6837c3490270a74d888c2a845728f06bdde1f8761de1de1d1d1ef82d12f?s=96&d=mm&r=g","caption":"Reginaldo Ribeiro"}}]}},"_links":{"self":[{"href":"https:\/\/juacontecimentos.com.br\/site\/wp-json\/wp\/v2\/posts\/9098","targetHints":{"allow":["GET"]}}],"collection":[{"href":"https:\/\/juacontecimentos.com.br\/site\/wp-json\/wp\/v2\/posts"}],"about":[{"href":"https:\/\/juacontecimentos.com.br\/site\/wp-json\/wp\/v2\/types\/post"}],"author":[{"embeddable":true,"href":"https:\/\/juacontecimentos.com.br\/site\/wp-json\/wp\/v2\/users\/2"}],"replies":[{"embeddable":true,"href":"https:\/\/juacontecimentos.com.br\/site\/wp-json\/wp\/v2\/comments?post=9098"}],"version-history":[{"count":1,"href":"https:\/\/juacontecimentos.com.br\/site\/wp-json\/wp\/v2\/posts\/9098\/revisions"}],"predecessor-version":[{"id":9100,"href":"https:\/\/juacontecimentos.com.br\/site\/wp-json\/wp\/v2\/posts\/9098\/revisions\/9100"}],"wp:featuredmedia":[{"embeddable":true,"href":"https:\/\/juacontecimentos.com.br\/site\/wp-json\/wp\/v2\/media\/9099"}],"wp:attachment":[{"href":"https:\/\/juacontecimentos.com.br\/site\/wp-json\/wp\/v2\/media?parent=9098"}],"wp:term":[{"taxonomy":"category","embeddable":true,"href":"https:\/\/juacontecimentos.com.br\/site\/wp-json\/wp\/v2\/categories?post=9098"},{"taxonomy":"post_tag","embeddable":true,"href":"https:\/\/juacontecimentos.com.br\/site\/wp-json\/wp\/v2\/tags?post=9098"}],"curies":[{"name":"wp","href":"https:\/\/api.w.org\/{rel}","templated":true}]}}