{"id":9231,"date":"2020-02-05T09:12:26","date_gmt":"2020-02-05T11:12:26","guid":{"rendered":"http:\/\/juacontecimentos.com.br\/site\/?p=9231"},"modified":"2020-02-05T09:18:56","modified_gmt":"2020-02-05T11:18:56","slug":"presidente-da-camara-de-catalao-faz-balanco-da-gestao-2019-e-se-lanca-pre-candidato-prefeito","status":"publish","type":"post","link":"https:\/\/juacontecimentos.com.br\/site\/presidente-da-camara-de-catalao-faz-balanco-da-gestao-2019-e-se-lanca-pre-candidato-prefeito\/","title":{"rendered":"Presidente da C\u00e2mara de Catal\u00e3o faz balan\u00e7o da gest\u00e3o 2019 e se lan\u00e7a pr\u00e9-candidato a prefeito"},"content":{"rendered":"<h2 style=\"text-align: center\"><strong>O atual presidente da C\u00e2mara Municipal de Vereadores de Catal\u00e3o &#8211; Helson Barbosa de Souza &#8211; popular Ca\u00e7ula (MDB), conta como administrou o Poder Legislativo do munic\u00edpio e destaca as principais a\u00e7\u00f5es da Casa de Leis, em 2019. Bem como, na oportunidade se lan\u00e7a como pr\u00e9-candidato a prefeito nas elei\u00e7\u00f5es de 2020.<\/strong><\/h2>\n<p><iframe loading=\"lazy\" width=\"900\" height=\"506\" src=\"https:\/\/www.youtube.com\/embed\/ZUcJZtPQuP4?feature=oembed\" frameborder=\"0\" allowfullscreen><\/iframe><\/p>\n<p><strong>JUA &#8211; Quais as atribui\u00e7\u00f5es do Presidente?<\/strong><\/p>\n<p>Quero antes de tudo agradecer a todos os servidores do Poder Legislativo que foram fundamentais na condu\u00e7\u00e3o dos trabalhos da Mesa Diretora nesse ano de 2019.<\/p>\n<p>Inicialmente cumpre-me dizer que mesmo estando na presid\u00eancia da C\u00e2mara Municipal, o Presidente continua tendo as mesmas atribui\u00e7\u00f5es dos demais integrantes do Parlamento Municipal, que dentre outras, tem a obriga\u00e7\u00e3o de legislar e fiscalizar a aplica\u00e7\u00e3o dos recursos p\u00fablicos, bem como os atos do prefeito municipal e de toda a sua equipe.<\/p>\n<p>&nbsp;<\/p>\n<p><strong>JUA \u2013 Quais as dificuldades e benef\u00edcios de ser o presidente do Legislativo?<\/strong><\/p>\n<p><strong>\u00a0<\/strong>Antes de responder, quero agradecer aos meus pares que formam comigo a atual Mesa Diretora, que sempre me apoiaram em todas as decis\u00f5es que tivemos que tomar.<\/p>\n<p>O homem p\u00fablico, ao escolher a carreira pol\u00edtica precisa estar realmente preparado para enfrentar desafios e como sempre falo, tem que ter acima de tudo coragem, sen\u00e3o logo no primeiro obst\u00e1culo ele joga a toalha. Eu, sinceramente, n\u00e3o vejo dificuldades em exercer a fun\u00e7\u00e3o de presidente.\u00a0\u00c9 bem verdade que o Parlamento Municipal \u00e9 o palco das discuss\u00f5es de projetos e ideias que v\u00e3o influenciar de alguma forma a vida dos cidad\u00e3os e em raz\u00e3o disso, muitas vezes, os \u00e2nimos se acirram al\u00e9m dos limites e compete ao presidente buscar o di\u00e1logo e o entendimento dos pares. Por outro lado, quando se fala em benef\u00edcios posso te afirmar categoricamente que o aprendizado, a ren\u00fancia e a certeza do dever cumprido s\u00e3o os nossos \u00fanicos e grandes benef\u00edcios.<\/p>\n<p>&nbsp;<\/p>\n<p><strong>JUA\u00a0<\/strong>\u2013\u00a0<strong>Como avalia a atual C\u00e2mara de Vereadores, que mescla vereadores com mais experi\u00eancia e vereadores que assumiram seu primeiro mandato?<\/strong><\/p>\n<p>\u00c9! Hoje temos realmente uma C\u00e2mara mesclada por vereadores com v\u00e1rios mandatos, e ainda vereadores como eu, cumprindo seu primeiro mandato. Embora haja essa mescla eu vejo que no campo do desempenho do mandato haja um grande equil\u00edbrio, talvez at\u00e9 em raz\u00e3o de que atualmente os vereadores se disp\u00f5em mais a participar e debater de igual para igual as propostas e projetos que s\u00e3o colocados para a discuss\u00e3o.<\/p>\n<p>&nbsp;<\/p>\n<p><strong>JUA \u2013 O senhor ser\u00e1 candidato a prefeito de Catal\u00e3o nas pr\u00f3ximas elei\u00e7\u00f5es?<\/strong><\/p>\n<p>O presidente da C\u00e2mara Municipal de Catal\u00e3o, o vereador Ca\u00e7ula, MDB anunciou em entrevista exclusiva ao rep\u00f3rter do Jornal \u00daltimos Acontecimentos, realizada em seu gabinete na manh\u00e3 desta ter\u00e7a-feira, 04, a sua pr\u00e9-candidatura a prefeito do munic\u00edpio. Havia uma expectativa em torno do an\u00fancio. Ca\u00e7ula disse que tomou a decis\u00e3o depois de conversar com seu grupo, e segundo o presidente da C\u00e2mara, ele segue filiado ao partido (MDB).<\/p>\n<p>\u201cComo todo pol\u00edtico, tenho vontade de crescer na vida p\u00fablica. No caso, hoje, a meta \u00e9 chegar ao cargo de prefeito. \u00c9 um objetivo, e com a permiss\u00e3o de Deus e apoio do povo irei trabalhar para conquistar esse objetivo. Temos um grupo forte e comprometido, que s\u00f3 cresce a cada dia. N\u00e3o h\u00e1 nada mais satisfat\u00f3rio do que ser parado na rua e ouvir um cidad\u00e3o dizer que confia em voc\u00ea. Isso me motiva! Al\u00e9m disso, uma parte da popula\u00e7\u00e3o hoje fala no meu nome, eu tenho um grupo que me acompanha e que est\u00e1 trabalhando o meu nome para o cargo\u201d.<\/p>\n<p>&nbsp;<\/p>\n<p><strong>JUA \u2013 Como est\u00e3o as conversas para forma\u00e7\u00e3o de alian\u00e7as com outras siglas, apesar de ainda estar cedo para as coliga\u00e7\u00f5es?<\/strong><\/p>\n<p><strong>\u00a0<\/strong>Muitas lideran\u00e7as t\u00eam me procurado. Eu fico at\u00e9 surpreso com tamanha confian\u00e7a na minha pessoa. Sobre as alian\u00e7as, est\u00e3o sendo costuradas pela diretoria do nosso partido. Primeiro estamos articulando as lideran\u00e7as. Reuni\u00f5es e encontros est\u00e3o acontecendo toda semana.<\/p>\n<p>Texto \/ V\u00eddeo e foto: Reginaldo Ribeiro<br \/>\n<\/p>\n","protected":false},"excerpt":{"rendered":"<p>O atual presidente da C\u00e2mara Municipal de Vereadores de Catal\u00e3o &#8211; Helson Barbosa de Souza &#8211; popular Ca\u00e7ula (MDB), conta como administrou o Poder Legislativo do munic\u00edpio e destaca as principais a\u00e7\u00f5es da Casa de Leis, em 2019. Bem como, na oportunidade se lan\u00e7a como pr\u00e9-candidato a prefeito nas elei\u00e7\u00f5es de 2020. JUA &#8211; Quais<\/p>\n","protected":false},"author":2,"featured_media":9232,"comment_status":"open","ping_status":"open","sticky":false,"template":"","format":"standard","meta":{"footnotes":""},"categories":[27,22,26,23],"tags":[],"class_list":["post-9231","post","type-post","status-publish","format-standard","has-post-thumbnail","hentry","category-brasil","category-catalao","category-destaque","category-goias"],"yoast_head":"<!-- This site is optimized with the Yoast SEO plugin v25.8 - https:\/\/yoast.com\/wordpress\/plugins\/seo\/ -->\n<title>Presidente da C\u00e2mara de Catal\u00e3o faz balan\u00e7o da gest\u00e3o 2019 e se lan\u00e7a pr\u00e9-candidato a prefeito - Jornal Ultimos Acontecimentos<\/title>\n<meta name=\"robots\" content=\"index, follow, max-snippet:-1, max-image-preview:large, max-video-preview:-1\" \/>\n<link rel=\"canonical\" href=\"https:\/\/juacontecimentos.com.br\/site\/presidente-da-camara-de-catalao-faz-balanco-da-gestao-2019-e-se-lanca-pre-candidato-prefeito\/\" \/>\n<meta property=\"og:locale\" content=\"pt_BR\" \/>\n<meta property=\"og:type\" content=\"article\" \/>\n<meta property=\"og:title\" content=\"Presidente da C\u00e2mara de Catal\u00e3o faz balan\u00e7o da gest\u00e3o 2019 e se lan\u00e7a pr\u00e9-candidato a prefeito - Jornal Ultimos Acontecimentos\" \/>\n<meta property=\"og:description\" content=\"O atual presidente da C\u00e2mara Municipal de Vereadores de Catal\u00e3o &#8211; Helson Barbosa de Souza &#8211; popular Ca\u00e7ula (MDB), conta como administrou o Poder Legislativo do munic\u00edpio e destaca as principais a\u00e7\u00f5es da Casa de Leis, em 2019. Bem como, na oportunidade se lan\u00e7a como pr\u00e9-candidato a prefeito nas elei\u00e7\u00f5es de 2020. JUA &#8211; Quais\" \/>\n<meta property=\"og:url\" content=\"https:\/\/juacontecimentos.com.br\/site\/presidente-da-camara-de-catalao-faz-balanco-da-gestao-2019-e-se-lanca-pre-candidato-prefeito\/\" \/>\n<meta property=\"og:site_name\" content=\"Jornal Ultimos Acontecimentos\" \/>\n<meta property=\"article:publisher\" content=\"https:\/\/www.facebook.com\/jultimosacontecimentos\/\" \/>\n<meta property=\"article:published_time\" content=\"2020-02-05T11:12:26+00:00\" \/>\n<meta property=\"article:modified_time\" content=\"2020-02-05T11:18:56+00:00\" \/>\n<meta property=\"og:image\" content=\"https:\/\/juacontecimentos.com.br\/site\/wp-content\/uploads\/2020\/02\/Screenshot_20200205-045420_2-e1580901128827.png\" \/>\n\t<meta property=\"og:image:width\" content=\"1000\" \/>\n\t<meta property=\"og:image:height\" content=\"582\" \/>\n\t<meta property=\"og:image:type\" content=\"image\/png\" \/>\n<meta name=\"author\" content=\"Reginaldo Ribeiro\" \/>\n<meta name=\"twitter:card\" content=\"summary_large_image\" \/>\n<meta name=\"twitter:label1\" content=\"Escrito por\" \/>\n\t<meta name=\"twitter:data1\" content=\"Reginaldo Ribeiro\" \/>\n\t<meta name=\"twitter:label2\" content=\"Est. tempo de leitura\" \/>\n\t<meta name=\"twitter:data2\" content=\"4 minutos\" \/>\n<script type=\"application\/ld+json\" class=\"yoast-schema-graph\">{\"@context\":\"https:\/\/schema.org\",\"@graph\":[{\"@type\":\"Article\",\"@id\":\"https:\/\/juacontecimentos.com.br\/site\/presidente-da-camara-de-catalao-faz-balanco-da-gestao-2019-e-se-lanca-pre-candidato-prefeito\/#article\",\"isPartOf\":{\"@id\":\"https:\/\/juacontecimentos.com.br\/site\/presidente-da-camara-de-catalao-faz-balanco-da-gestao-2019-e-se-lanca-pre-candidato-prefeito\/\"},\"author\":{\"name\":\"Reginaldo Ribeiro\",\"@id\":\"https:\/\/juacontecimentos.com.br\/site\/#\/schema\/person\/082a54e6d3fdd7a633291428521c9669\"},\"headline\":\"Presidente da C\u00e2mara de Catal\u00e3o faz balan\u00e7o da gest\u00e3o 2019 e se lan\u00e7a pr\u00e9-candidato a prefeito\",\"datePublished\":\"2020-02-05T11:12:26+00:00\",\"dateModified\":\"2020-02-05T11:18:56+00:00\",\"mainEntityOfPage\":{\"@id\":\"https:\/\/juacontecimentos.com.br\/site\/presidente-da-camara-de-catalao-faz-balanco-da-gestao-2019-e-se-lanca-pre-candidato-prefeito\/\"},\"wordCount\":744,\"commentCount\":0,\"publisher\":{\"@id\":\"https:\/\/juacontecimentos.com.br\/site\/#organization\"},\"image\":{\"@id\":\"https:\/\/juacontecimentos.com.br\/site\/presidente-da-camara-de-catalao-faz-balanco-da-gestao-2019-e-se-lanca-pre-candidato-prefeito\/#primaryimage\"},\"thumbnailUrl\":\"https:\/\/juacontecimentos.com.br\/site\/wp-content\/uploads\/2020\/02\/Screenshot_20200205-045420_2-e1580901128827.png\",\"articleSection\":[\"Brasil\",\"Catal\u00e3o\",\"Destaque\",\"Goi\u00e1s\"],\"inLanguage\":\"pt-BR\"},{\"@type\":\"WebPage\",\"@id\":\"https:\/\/juacontecimentos.com.br\/site\/presidente-da-camara-de-catalao-faz-balanco-da-gestao-2019-e-se-lanca-pre-candidato-prefeito\/\",\"url\":\"https:\/\/juacontecimentos.com.br\/site\/presidente-da-camara-de-catalao-faz-balanco-da-gestao-2019-e-se-lanca-pre-candidato-prefeito\/\",\"name\":\"Presidente da C\u00e2mara de Catal\u00e3o faz balan\u00e7o da gest\u00e3o 2019 e se lan\u00e7a pr\u00e9-candidato a prefeito - Jornal Ultimos Acontecimentos\",\"isPartOf\":{\"@id\":\"https:\/\/juacontecimentos.com.br\/site\/#website\"},\"primaryImageOfPage\":{\"@id\":\"https:\/\/juacontecimentos.com.br\/site\/presidente-da-camara-de-catalao-faz-balanco-da-gestao-2019-e-se-lanca-pre-candidato-prefeito\/#primaryimage\"},\"image\":{\"@id\":\"https:\/\/juacontecimentos.com.br\/site\/presidente-da-camara-de-catalao-faz-balanco-da-gestao-2019-e-se-lanca-pre-candidato-prefeito\/#primaryimage\"},\"thumbnailUrl\":\"https:\/\/juacontecimentos.com.br\/site\/wp-content\/uploads\/2020\/02\/Screenshot_20200205-045420_2-e1580901128827.png\",\"datePublished\":\"2020-02-05T11:12:26+00:00\",\"dateModified\":\"2020-02-05T11:18:56+00:00\",\"breadcrumb\":{\"@id\":\"https:\/\/juacontecimentos.com.br\/site\/presidente-da-camara-de-catalao-faz-balanco-da-gestao-2019-e-se-lanca-pre-candidato-prefeito\/#breadcrumb\"},\"inLanguage\":\"pt-BR\",\"potentialAction\":[{\"@type\":\"ReadAction\",\"target\":[\"https:\/\/juacontecimentos.com.br\/site\/presidente-da-camara-de-catalao-faz-balanco-da-gestao-2019-e-se-lanca-pre-candidato-prefeito\/\"]}]},{\"@type\":\"ImageObject\",\"inLanguage\":\"pt-BR\",\"@id\":\"https:\/\/juacontecimentos.com.br\/site\/presidente-da-camara-de-catalao-faz-balanco-da-gestao-2019-e-se-lanca-pre-candidato-prefeito\/#primaryimage\",\"url\":\"https:\/\/juacontecimentos.com.br\/site\/wp-content\/uploads\/2020\/02\/Screenshot_20200205-045420_2-e1580901128827.png\",\"contentUrl\":\"https:\/\/juacontecimentos.com.br\/site\/wp-content\/uploads\/2020\/02\/Screenshot_20200205-045420_2-e1580901128827.png\",\"width\":1000,\"height\":582},{\"@type\":\"BreadcrumbList\",\"@id\":\"https:\/\/juacontecimentos.com.br\/site\/presidente-da-camara-de-catalao-faz-balanco-da-gestao-2019-e-se-lanca-pre-candidato-prefeito\/#breadcrumb\",\"itemListElement\":[{\"@type\":\"ListItem\",\"position\":1,\"name\":\"In\u00edcio\",\"item\":\"https:\/\/juacontecimentos.com.br\/site\/\"},{\"@type\":\"ListItem\",\"position\":2,\"name\":\"Presidente da C\u00e2mara de Catal\u00e3o faz balan\u00e7o da gest\u00e3o 2019 e se lan\u00e7a pr\u00e9-candidato a prefeito\"}]},{\"@type\":\"WebSite\",\"@id\":\"https:\/\/juacontecimentos.com.br\/site\/#website\",\"url\":\"https:\/\/juacontecimentos.com.br\/site\/\",\"name\":\"Jornal Ultimos Acontecimentos\",\"description\":\"Catal\u00e3o e regi\u00e3o\",\"publisher\":{\"@id\":\"https:\/\/juacontecimentos.com.br\/site\/#organization\"},\"potentialAction\":[{\"@type\":\"SearchAction\",\"target\":{\"@type\":\"EntryPoint\",\"urlTemplate\":\"https:\/\/juacontecimentos.com.br\/site\/?s={search_term_string}\"},\"query-input\":{\"@type\":\"PropertyValueSpecification\",\"valueRequired\":true,\"valueName\":\"search_term_string\"}}],\"inLanguage\":\"pt-BR\"},{\"@type\":\"Organization\",\"@id\":\"https:\/\/juacontecimentos.com.br\/site\/#organization\",\"name\":\"Jornal Ultimos Acontecimentos\",\"url\":\"https:\/\/juacontecimentos.com.br\/site\/\",\"logo\":{\"@type\":\"ImageObject\",\"inLanguage\":\"pt-BR\",\"@id\":\"https:\/\/juacontecimentos.com.br\/site\/#\/schema\/logo\/image\/\",\"url\":\"https:\/\/juacontecimentos.com.br\/site\/wp-content\/uploads\/2023\/04\/Logo_Site.png\",\"contentUrl\":\"https:\/\/juacontecimentos.com.br\/site\/wp-content\/uploads\/2023\/04\/Logo_Site.png\",\"width\":2476,\"height\":530,\"caption\":\"Jornal Ultimos Acontecimentos\"},\"image\":{\"@id\":\"https:\/\/juacontecimentos.com.br\/site\/#\/schema\/logo\/image\/\"},\"sameAs\":[\"https:\/\/www.facebook.com\/jultimosacontecimentos\/\"]},{\"@type\":\"Person\",\"@id\":\"https:\/\/juacontecimentos.com.br\/site\/#\/schema\/person\/082a54e6d3fdd7a633291428521c9669\",\"name\":\"Reginaldo Ribeiro\",\"image\":{\"@type\":\"ImageObject\",\"inLanguage\":\"pt-BR\",\"@id\":\"https:\/\/juacontecimentos.com.br\/site\/#\/schema\/person\/image\/\",\"url\":\"https:\/\/secure.gravatar.com\/avatar\/5c16c6837c3490270a74d888c2a845728f06bdde1f8761de1de1d1d1ef82d12f?s=96&d=mm&r=g\",\"contentUrl\":\"https:\/\/secure.gravatar.com\/avatar\/5c16c6837c3490270a74d888c2a845728f06bdde1f8761de1de1d1d1ef82d12f?s=96&d=mm&r=g\",\"caption\":\"Reginaldo Ribeiro\"}}]}<\/script>\n<!-- \/ Yoast SEO plugin. -->","yoast_head_json":{"title":"Presidente da C\u00e2mara de Catal\u00e3o faz balan\u00e7o da gest\u00e3o 2019 e se lan\u00e7a pr\u00e9-candidato a prefeito - Jornal Ultimos Acontecimentos","robots":{"index":"index","follow":"follow","max-snippet":"max-snippet:-1","max-image-preview":"max-image-preview:large","max-video-preview":"max-video-preview:-1"},"canonical":"https:\/\/juacontecimentos.com.br\/site\/presidente-da-camara-de-catalao-faz-balanco-da-gestao-2019-e-se-lanca-pre-candidato-prefeito\/","og_locale":"pt_BR","og_type":"article","og_title":"Presidente da C\u00e2mara de Catal\u00e3o faz balan\u00e7o da gest\u00e3o 2019 e se lan\u00e7a pr\u00e9-candidato a prefeito - Jornal Ultimos Acontecimentos","og_description":"O atual presidente da C\u00e2mara Municipal de Vereadores de Catal\u00e3o &#8211; Helson Barbosa de Souza &#8211; popular Ca\u00e7ula (MDB), conta como administrou o Poder Legislativo do munic\u00edpio e destaca as principais a\u00e7\u00f5es da Casa de Leis, em 2019. Bem como, na oportunidade se lan\u00e7a como pr\u00e9-candidato a prefeito nas elei\u00e7\u00f5es de 2020. JUA &#8211; Quais","og_url":"https:\/\/juacontecimentos.com.br\/site\/presidente-da-camara-de-catalao-faz-balanco-da-gestao-2019-e-se-lanca-pre-candidato-prefeito\/","og_site_name":"Jornal Ultimos Acontecimentos","article_publisher":"https:\/\/www.facebook.com\/jultimosacontecimentos\/","article_published_time":"2020-02-05T11:12:26+00:00","article_modified_time":"2020-02-05T11:18:56+00:00","og_image":[{"width":1000,"height":582,"url":"https:\/\/juacontecimentos.com.br\/site\/wp-content\/uploads\/2020\/02\/Screenshot_20200205-045420_2-e1580901128827.png","type":"image\/png"}],"author":"Reginaldo Ribeiro","twitter_card":"summary_large_image","twitter_misc":{"Escrito por":"Reginaldo Ribeiro","Est. tempo de leitura":"4 minutos"},"schema":{"@context":"https:\/\/schema.org","@graph":[{"@type":"Article","@id":"https:\/\/juacontecimentos.com.br\/site\/presidente-da-camara-de-catalao-faz-balanco-da-gestao-2019-e-se-lanca-pre-candidato-prefeito\/#article","isPartOf":{"@id":"https:\/\/juacontecimentos.com.br\/site\/presidente-da-camara-de-catalao-faz-balanco-da-gestao-2019-e-se-lanca-pre-candidato-prefeito\/"},"author":{"name":"Reginaldo Ribeiro","@id":"https:\/\/juacontecimentos.com.br\/site\/#\/schema\/person\/082a54e6d3fdd7a633291428521c9669"},"headline":"Presidente da C\u00e2mara de Catal\u00e3o faz balan\u00e7o da gest\u00e3o 2019 e se lan\u00e7a pr\u00e9-candidato a prefeito","datePublished":"2020-02-05T11:12:26+00:00","dateModified":"2020-02-05T11:18:56+00:00","mainEntityOfPage":{"@id":"https:\/\/juacontecimentos.com.br\/site\/presidente-da-camara-de-catalao-faz-balanco-da-gestao-2019-e-se-lanca-pre-candidato-prefeito\/"},"wordCount":744,"commentCount":0,"publisher":{"@id":"https:\/\/juacontecimentos.com.br\/site\/#organization"},"image":{"@id":"https:\/\/juacontecimentos.com.br\/site\/presidente-da-camara-de-catalao-faz-balanco-da-gestao-2019-e-se-lanca-pre-candidato-prefeito\/#primaryimage"},"thumbnailUrl":"https:\/\/juacontecimentos.com.br\/site\/wp-content\/uploads\/2020\/02\/Screenshot_20200205-045420_2-e1580901128827.png","articleSection":["Brasil","Catal\u00e3o","Destaque","Goi\u00e1s"],"inLanguage":"pt-BR"},{"@type":"WebPage","@id":"https:\/\/juacontecimentos.com.br\/site\/presidente-da-camara-de-catalao-faz-balanco-da-gestao-2019-e-se-lanca-pre-candidato-prefeito\/","url":"https:\/\/juacontecimentos.com.br\/site\/presidente-da-camara-de-catalao-faz-balanco-da-gestao-2019-e-se-lanca-pre-candidato-prefeito\/","name":"Presidente da C\u00e2mara de Catal\u00e3o faz balan\u00e7o da gest\u00e3o 2019 e se lan\u00e7a pr\u00e9-candidato a prefeito - Jornal Ultimos Acontecimentos","isPartOf":{"@id":"https:\/\/juacontecimentos.com.br\/site\/#website"},"primaryImageOfPage":{"@id":"https:\/\/juacontecimentos.com.br\/site\/presidente-da-camara-de-catalao-faz-balanco-da-gestao-2019-e-se-lanca-pre-candidato-prefeito\/#primaryimage"},"image":{"@id":"https:\/\/juacontecimentos.com.br\/site\/presidente-da-camara-de-catalao-faz-balanco-da-gestao-2019-e-se-lanca-pre-candidato-prefeito\/#primaryimage"},"thumbnailUrl":"https:\/\/juacontecimentos.com.br\/site\/wp-content\/uploads\/2020\/02\/Screenshot_20200205-045420_2-e1580901128827.png","datePublished":"2020-02-05T11:12:26+00:00","dateModified":"2020-02-05T11:18:56+00:00","breadcrumb":{"@id":"https:\/\/juacontecimentos.com.br\/site\/presidente-da-camara-de-catalao-faz-balanco-da-gestao-2019-e-se-lanca-pre-candidato-prefeito\/#breadcrumb"},"inLanguage":"pt-BR","potentialAction":[{"@type":"ReadAction","target":["https:\/\/juacontecimentos.com.br\/site\/presidente-da-camara-de-catalao-faz-balanco-da-gestao-2019-e-se-lanca-pre-candidato-prefeito\/"]}]},{"@type":"ImageObject","inLanguage":"pt-BR","@id":"https:\/\/juacontecimentos.com.br\/site\/presidente-da-camara-de-catalao-faz-balanco-da-gestao-2019-e-se-lanca-pre-candidato-prefeito\/#primaryimage","url":"https:\/\/juacontecimentos.com.br\/site\/wp-content\/uploads\/2020\/02\/Screenshot_20200205-045420_2-e1580901128827.png","contentUrl":"https:\/\/juacontecimentos.com.br\/site\/wp-content\/uploads\/2020\/02\/Screenshot_20200205-045420_2-e1580901128827.png","width":1000,"height":582},{"@type":"BreadcrumbList","@id":"https:\/\/juacontecimentos.com.br\/site\/presidente-da-camara-de-catalao-faz-balanco-da-gestao-2019-e-se-lanca-pre-candidato-prefeito\/#breadcrumb","itemListElement":[{"@type":"ListItem","position":1,"name":"In\u00edcio","item":"https:\/\/juacontecimentos.com.br\/site\/"},{"@type":"ListItem","position":2,"name":"Presidente da C\u00e2mara de Catal\u00e3o faz balan\u00e7o da gest\u00e3o 2019 e se lan\u00e7a pr\u00e9-candidato a prefeito"}]},{"@type":"WebSite","@id":"https:\/\/juacontecimentos.com.br\/site\/#website","url":"https:\/\/juacontecimentos.com.br\/site\/","name":"Jornal Ultimos Acontecimentos","description":"Catal\u00e3o e regi\u00e3o","publisher":{"@id":"https:\/\/juacontecimentos.com.br\/site\/#organization"},"potentialAction":[{"@type":"SearchAction","target":{"@type":"EntryPoint","urlTemplate":"https:\/\/juacontecimentos.com.br\/site\/?s={search_term_string}"},"query-input":{"@type":"PropertyValueSpecification","valueRequired":true,"valueName":"search_term_string"}}],"inLanguage":"pt-BR"},{"@type":"Organization","@id":"https:\/\/juacontecimentos.com.br\/site\/#organization","name":"Jornal Ultimos Acontecimentos","url":"https:\/\/juacontecimentos.com.br\/site\/","logo":{"@type":"ImageObject","inLanguage":"pt-BR","@id":"https:\/\/juacontecimentos.com.br\/site\/#\/schema\/logo\/image\/","url":"https:\/\/juacontecimentos.com.br\/site\/wp-content\/uploads\/2023\/04\/Logo_Site.png","contentUrl":"https:\/\/juacontecimentos.com.br\/site\/wp-content\/uploads\/2023\/04\/Logo_Site.png","width":2476,"height":530,"caption":"Jornal Ultimos Acontecimentos"},"image":{"@id":"https:\/\/juacontecimentos.com.br\/site\/#\/schema\/logo\/image\/"},"sameAs":["https:\/\/www.facebook.com\/jultimosacontecimentos\/"]},{"@type":"Person","@id":"https:\/\/juacontecimentos.com.br\/site\/#\/schema\/person\/082a54e6d3fdd7a633291428521c9669","name":"Reginaldo Ribeiro","image":{"@type":"ImageObject","inLanguage":"pt-BR","@id":"https:\/\/juacontecimentos.com.br\/site\/#\/schema\/person\/image\/","url":"https:\/\/secure.gravatar.com\/avatar\/5c16c6837c3490270a74d888c2a845728f06bdde1f8761de1de1d1d1ef82d12f?s=96&d=mm&r=g","contentUrl":"https:\/\/secure.gravatar.com\/avatar\/5c16c6837c3490270a74d888c2a845728f06bdde1f8761de1de1d1d1ef82d12f?s=96&d=mm&r=g","caption":"Reginaldo Ribeiro"}}]}},"_links":{"self":[{"href":"https:\/\/juacontecimentos.com.br\/site\/wp-json\/wp\/v2\/posts\/9231","targetHints":{"allow":["GET"]}}],"collection":[{"href":"https:\/\/juacontecimentos.com.br\/site\/wp-json\/wp\/v2\/posts"}],"about":[{"href":"https:\/\/juacontecimentos.com.br\/site\/wp-json\/wp\/v2\/types\/post"}],"author":[{"embeddable":true,"href":"https:\/\/juacontecimentos.com.br\/site\/wp-json\/wp\/v2\/users\/2"}],"replies":[{"embeddable":true,"href":"https:\/\/juacontecimentos.com.br\/site\/wp-json\/wp\/v2\/comments?post=9231"}],"version-history":[{"count":4,"href":"https:\/\/juacontecimentos.com.br\/site\/wp-json\/wp\/v2\/posts\/9231\/revisions"}],"predecessor-version":[{"id":9236,"href":"https:\/\/juacontecimentos.com.br\/site\/wp-json\/wp\/v2\/posts\/9231\/revisions\/9236"}],"wp:featuredmedia":[{"embeddable":true,"href":"https:\/\/juacontecimentos.com.br\/site\/wp-json\/wp\/v2\/media\/9232"}],"wp:attachment":[{"href":"https:\/\/juacontecimentos.com.br\/site\/wp-json\/wp\/v2\/media?parent=9231"}],"wp:term":[{"taxonomy":"category","embeddable":true,"href":"https:\/\/juacontecimentos.com.br\/site\/wp-json\/wp\/v2\/categories?post=9231"},{"taxonomy":"post_tag","embeddable":true,"href":"https:\/\/juacontecimentos.com.br\/site\/wp-json\/wp\/v2\/tags?post=9231"}],"curies":[{"name":"wp","href":"https:\/\/api.w.org\/{rel}","templated":true}]}}