{"id":9252,"date":"2020-02-09T18:34:13","date_gmt":"2020-02-09T20:34:13","guid":{"rendered":"http:\/\/juacontecimentos.com.br\/site\/?p=9252"},"modified":"2020-02-09T18:34:13","modified_gmt":"2020-02-09T20:34:13","slug":"mp-vai-articular-pagamento-de-repasses-atrasados-ao-fundo-estadual-de-saude","status":"publish","type":"post","link":"https:\/\/juacontecimentos.com.br\/site\/mp-vai-articular-pagamento-de-repasses-atrasados-ao-fundo-estadual-de-saude\/","title":{"rendered":"MP vai articular pagamento de repasses atrasados ao Fundo Estadual de Sa\u00fade"},"content":{"rendered":"<p>Em reuni\u00e3o realizada nesta quinta-feira (7\/2), integrantes do Conselho de Secretarias Municipais de Sa\u00fade de Goi\u00e1s (Cosems-GO) solicitaram a intermedia\u00e7\u00e3o do Minist\u00e9rio P\u00fablico de Goi\u00e1s para a regulariza\u00e7\u00e3o de repasses atrasados do duod\u00e9cimo da sa\u00fade ao Fundo Estadual de Sa\u00fade por meio da transfer\u00eancia fundo a fundo. Segundo relatado pela presidente do Cosems, Ver\u00f4nica Savatin Wottrich, apesar de o repasse regular se tratar de verba constitucional, o governo do Estado n\u00e3o honrou com o compromisso no m\u00eas de dezembro de 2017, quanto durante todo o ano de 2018.<\/p>\n<p>Al\u00e9m disso, ela manifestou preocupa\u00e7\u00e3o na previs\u00e3o do Decreto Estadual n\u00ba 9.376, que definiu o contingenciamento financeiro do Poder Executivo Estadual, pois, segundo afirmou, os restos a pagar n\u00e3o ser\u00e3o quitados pelo atual governo.<\/p>\n<p>Pelo MP-GO, estiveram presentes a coordenadora da \u00c1rea de Sa\u00fade do Centro de Apoio Operacional, Karina D\u2019Abruzzo, e a promotora de Justi\u00e7a Fabiana Zamalloa do Prado, que coordena a \u00c1rea do Patrim\u00f4nio P\u00fablico e Terceiro Setor do CAO. Compareceu ainda a procuradora do Minist\u00e9rio P\u00fablico de Contas junto ao Tribunal de Contas do Estado Ma\u00edsa de Castro Sousa e a assessora jur\u00eddica do Cosems, Mar\u00edlia Teixeira.<\/p>\n<p><strong>Atua\u00e7\u00e3o do MP<\/strong><br \/>\nSobre este tema, Karina D\u2019Abruzzo esclareceu que, no final de 2018, os promotores de Justi\u00e7a Marcus Ant\u00f4nio Ferreira Alves, Marilda Helena dos Santos e Vin\u00edcius Jacarand\u00e1 Maciel ajuizaram a\u00e7\u00e3o civil p\u00fablica contra o Estado de Goi\u00e1s, o Munic\u00edpio de Goi\u00e2nia e a Secretaria Estadual da Fazenda (atual Secretaria de Economia). A demanda questionou o devido repasse financeiro com o intuito de viabilizar o custeio das pol\u00edticas p\u00fablicas em Sa\u00fade e o ato ilegal praticado pelos acionados, pela sua omiss\u00e3o quanto \u00e0 destina\u00e7\u00e3o dos insumos necess\u00e1rios \u00e0s unidades de sa\u00fade do Estado.<\/p>\n<p>A a\u00e7\u00e3o exigiu ainda a elabora\u00e7\u00e3o, publica\u00e7\u00e3o e estrito cumprimento de um cronograma de repasses do governo ao Fundo Estadual de Sa\u00fade, nos moldes da Lei 17.797\/12, de forma que os repasses fossem normalizados e mantidos com periodicidade mensal. Com a negativa do pedido pelo ju\u00edzo de primeiro grau, o Minist\u00e9rio P\u00fablico, por meio da atua\u00e7\u00e3o do promotor Carlos Alberto Fonseca, interp\u00f4s dois recursos contra a decis\u00e3o, levando a quest\u00e3o ao Tribunal de Justi\u00e7a, onde aguarda aprecia\u00e7\u00e3o.<\/p>\n<p>Assim, foi deliberado que a \u00c1rea de Sa\u00fade ir\u00e1 consultar o atual andamento desta a\u00e7\u00e3o e agendar\u00e1 reuni\u00e3o com a Procuradoria-Geral do Estado (PGE), na perspectiva de se tentar obter um acordo judicial (processo de regulariza\u00e7\u00e3o de despesa para inclus\u00e3o da rubrica) com rela\u00e7\u00e3o aos d\u00e9bitos, com a participa\u00e7\u00e3o do MPC do TCE.<\/p>\n<p><em>(Texto: Cristina Rosa &#8211; Fotos: \u00cdcaro Santos \/ Assessoria de Comunica\u00e7\u00e3o Social do MP-GO)<\/em><br \/>\n<\/p>\n","protected":false},"excerpt":{"rendered":"<p>Em reuni\u00e3o realizada nesta quinta-feira (7\/2), integrantes do Conselho de Secretarias Municipais de Sa\u00fade de Goi\u00e1s (Cosems-GO) solicitaram a intermedia\u00e7\u00e3o do Minist\u00e9rio P\u00fablico de Goi\u00e1s para a regulariza\u00e7\u00e3o de repasses atrasados do duod\u00e9cimo da sa\u00fade ao Fundo Estadual de Sa\u00fade por meio da transfer\u00eancia fundo a fundo. Segundo relatado pela presidente do Cosems, Ver\u00f4nica Savatin<\/p>\n","protected":false},"author":2,"featured_media":9253,"comment_status":"open","ping_status":"open","sticky":false,"template":"","format":"standard","meta":{"footnotes":""},"categories":[27,22,26,23],"tags":[],"class_list":["post-9252","post","type-post","status-publish","format-standard","has-post-thumbnail","hentry","category-brasil","category-catalao","category-destaque","category-goias"],"yoast_head":"<!-- This site is optimized with the Yoast SEO plugin v25.8 - https:\/\/yoast.com\/wordpress\/plugins\/seo\/ -->\n<title>MP vai articular pagamento de repasses atrasados ao Fundo Estadual de Sa\u00fade - Jornal Ultimos Acontecimentos<\/title>\n<meta name=\"robots\" content=\"index, follow, max-snippet:-1, max-image-preview:large, max-video-preview:-1\" \/>\n<link rel=\"canonical\" href=\"https:\/\/juacontecimentos.com.br\/site\/mp-vai-articular-pagamento-de-repasses-atrasados-ao-fundo-estadual-de-saude\/\" \/>\n<meta property=\"og:locale\" content=\"pt_BR\" \/>\n<meta property=\"og:type\" content=\"article\" \/>\n<meta property=\"og:title\" content=\"MP vai articular pagamento de repasses atrasados ao Fundo Estadual de Sa\u00fade - Jornal Ultimos Acontecimentos\" \/>\n<meta property=\"og:description\" content=\"Em reuni\u00e3o realizada nesta quinta-feira (7\/2), integrantes do Conselho de Secretarias Municipais de Sa\u00fade de Goi\u00e1s (Cosems-GO) solicitaram a intermedia\u00e7\u00e3o do Minist\u00e9rio P\u00fablico de Goi\u00e1s para a regulariza\u00e7\u00e3o de repasses atrasados do duod\u00e9cimo da sa\u00fade ao Fundo Estadual de Sa\u00fade por meio da transfer\u00eancia fundo a fundo. Segundo relatado pela presidente do Cosems, Ver\u00f4nica Savatin\" \/>\n<meta property=\"og:url\" content=\"https:\/\/juacontecimentos.com.br\/site\/mp-vai-articular-pagamento-de-repasses-atrasados-ao-fundo-estadual-de-saude\/\" \/>\n<meta property=\"og:site_name\" content=\"Jornal Ultimos Acontecimentos\" \/>\n<meta property=\"article:publisher\" content=\"https:\/\/www.facebook.com\/jultimosacontecimentos\/\" \/>\n<meta property=\"article:published_time\" content=\"2020-02-09T20:34:13+00:00\" \/>\n<meta property=\"og:image\" content=\"https:\/\/juacontecimentos.com.br\/site\/wp-content\/uploads\/2020\/02\/Montagem.jpeg\" \/>\n\t<meta property=\"og:image:width\" content=\"1920\" \/>\n\t<meta property=\"og:image:height\" content=\"1280\" \/>\n\t<meta property=\"og:image:type\" content=\"image\/jpeg\" \/>\n<meta name=\"author\" content=\"Reginaldo Ribeiro\" \/>\n<meta name=\"twitter:card\" content=\"summary_large_image\" \/>\n<meta name=\"twitter:label1\" content=\"Escrito por\" \/>\n\t<meta name=\"twitter:data1\" content=\"Reginaldo Ribeiro\" \/>\n\t<meta name=\"twitter:label2\" content=\"Est. tempo de leitura\" \/>\n\t<meta name=\"twitter:data2\" content=\"2 minutos\" \/>\n<script type=\"application\/ld+json\" class=\"yoast-schema-graph\">{\"@context\":\"https:\/\/schema.org\",\"@graph\":[{\"@type\":\"Article\",\"@id\":\"https:\/\/juacontecimentos.com.br\/site\/mp-vai-articular-pagamento-de-repasses-atrasados-ao-fundo-estadual-de-saude\/#article\",\"isPartOf\":{\"@id\":\"https:\/\/juacontecimentos.com.br\/site\/mp-vai-articular-pagamento-de-repasses-atrasados-ao-fundo-estadual-de-saude\/\"},\"author\":{\"name\":\"Reginaldo Ribeiro\",\"@id\":\"https:\/\/juacontecimentos.com.br\/site\/#\/schema\/person\/082a54e6d3fdd7a633291428521c9669\"},\"headline\":\"MP vai articular pagamento de repasses atrasados ao Fundo Estadual de Sa\u00fade\",\"datePublished\":\"2020-02-09T20:34:13+00:00\",\"mainEntityOfPage\":{\"@id\":\"https:\/\/juacontecimentos.com.br\/site\/mp-vai-articular-pagamento-de-repasses-atrasados-ao-fundo-estadual-de-saude\/\"},\"wordCount\":500,\"commentCount\":0,\"publisher\":{\"@id\":\"https:\/\/juacontecimentos.com.br\/site\/#organization\"},\"image\":{\"@id\":\"https:\/\/juacontecimentos.com.br\/site\/mp-vai-articular-pagamento-de-repasses-atrasados-ao-fundo-estadual-de-saude\/#primaryimage\"},\"thumbnailUrl\":\"https:\/\/juacontecimentos.com.br\/site\/wp-content\/uploads\/2020\/02\/Montagem.jpeg\",\"articleSection\":[\"Brasil\",\"Catal\u00e3o\",\"Destaque\",\"Goi\u00e1s\"],\"inLanguage\":\"pt-BR\"},{\"@type\":\"WebPage\",\"@id\":\"https:\/\/juacontecimentos.com.br\/site\/mp-vai-articular-pagamento-de-repasses-atrasados-ao-fundo-estadual-de-saude\/\",\"url\":\"https:\/\/juacontecimentos.com.br\/site\/mp-vai-articular-pagamento-de-repasses-atrasados-ao-fundo-estadual-de-saude\/\",\"name\":\"MP vai articular pagamento de repasses atrasados ao Fundo Estadual de Sa\u00fade - Jornal Ultimos Acontecimentos\",\"isPartOf\":{\"@id\":\"https:\/\/juacontecimentos.com.br\/site\/#website\"},\"primaryImageOfPage\":{\"@id\":\"https:\/\/juacontecimentos.com.br\/site\/mp-vai-articular-pagamento-de-repasses-atrasados-ao-fundo-estadual-de-saude\/#primaryimage\"},\"image\":{\"@id\":\"https:\/\/juacontecimentos.com.br\/site\/mp-vai-articular-pagamento-de-repasses-atrasados-ao-fundo-estadual-de-saude\/#primaryimage\"},\"thumbnailUrl\":\"https:\/\/juacontecimentos.com.br\/site\/wp-content\/uploads\/2020\/02\/Montagem.jpeg\",\"datePublished\":\"2020-02-09T20:34:13+00:00\",\"breadcrumb\":{\"@id\":\"https:\/\/juacontecimentos.com.br\/site\/mp-vai-articular-pagamento-de-repasses-atrasados-ao-fundo-estadual-de-saude\/#breadcrumb\"},\"inLanguage\":\"pt-BR\",\"potentialAction\":[{\"@type\":\"ReadAction\",\"target\":[\"https:\/\/juacontecimentos.com.br\/site\/mp-vai-articular-pagamento-de-repasses-atrasados-ao-fundo-estadual-de-saude\/\"]}]},{\"@type\":\"ImageObject\",\"inLanguage\":\"pt-BR\",\"@id\":\"https:\/\/juacontecimentos.com.br\/site\/mp-vai-articular-pagamento-de-repasses-atrasados-ao-fundo-estadual-de-saude\/#primaryimage\",\"url\":\"https:\/\/juacontecimentos.com.br\/site\/wp-content\/uploads\/2020\/02\/Montagem.jpeg\",\"contentUrl\":\"https:\/\/juacontecimentos.com.br\/site\/wp-content\/uploads\/2020\/02\/Montagem.jpeg\",\"width\":1920,\"height\":1280},{\"@type\":\"BreadcrumbList\",\"@id\":\"https:\/\/juacontecimentos.com.br\/site\/mp-vai-articular-pagamento-de-repasses-atrasados-ao-fundo-estadual-de-saude\/#breadcrumb\",\"itemListElement\":[{\"@type\":\"ListItem\",\"position\":1,\"name\":\"In\u00edcio\",\"item\":\"https:\/\/juacontecimentos.com.br\/site\/\"},{\"@type\":\"ListItem\",\"position\":2,\"name\":\"MP vai articular pagamento de repasses atrasados ao Fundo Estadual de Sa\u00fade\"}]},{\"@type\":\"WebSite\",\"@id\":\"https:\/\/juacontecimentos.com.br\/site\/#website\",\"url\":\"https:\/\/juacontecimentos.com.br\/site\/\",\"name\":\"Jornal Ultimos Acontecimentos\",\"description\":\"Catal\u00e3o e regi\u00e3o\",\"publisher\":{\"@id\":\"https:\/\/juacontecimentos.com.br\/site\/#organization\"},\"potentialAction\":[{\"@type\":\"SearchAction\",\"target\":{\"@type\":\"EntryPoint\",\"urlTemplate\":\"https:\/\/juacontecimentos.com.br\/site\/?s={search_term_string}\"},\"query-input\":{\"@type\":\"PropertyValueSpecification\",\"valueRequired\":true,\"valueName\":\"search_term_string\"}}],\"inLanguage\":\"pt-BR\"},{\"@type\":\"Organization\",\"@id\":\"https:\/\/juacontecimentos.com.br\/site\/#organization\",\"name\":\"Jornal Ultimos Acontecimentos\",\"url\":\"https:\/\/juacontecimentos.com.br\/site\/\",\"logo\":{\"@type\":\"ImageObject\",\"inLanguage\":\"pt-BR\",\"@id\":\"https:\/\/juacontecimentos.com.br\/site\/#\/schema\/logo\/image\/\",\"url\":\"https:\/\/juacontecimentos.com.br\/site\/wp-content\/uploads\/2023\/04\/Logo_Site.png\",\"contentUrl\":\"https:\/\/juacontecimentos.com.br\/site\/wp-content\/uploads\/2023\/04\/Logo_Site.png\",\"width\":2476,\"height\":530,\"caption\":\"Jornal Ultimos Acontecimentos\"},\"image\":{\"@id\":\"https:\/\/juacontecimentos.com.br\/site\/#\/schema\/logo\/image\/\"},\"sameAs\":[\"https:\/\/www.facebook.com\/jultimosacontecimentos\/\"]},{\"@type\":\"Person\",\"@id\":\"https:\/\/juacontecimentos.com.br\/site\/#\/schema\/person\/082a54e6d3fdd7a633291428521c9669\",\"name\":\"Reginaldo Ribeiro\",\"image\":{\"@type\":\"ImageObject\",\"inLanguage\":\"pt-BR\",\"@id\":\"https:\/\/juacontecimentos.com.br\/site\/#\/schema\/person\/image\/\",\"url\":\"https:\/\/secure.gravatar.com\/avatar\/5c16c6837c3490270a74d888c2a845728f06bdde1f8761de1de1d1d1ef82d12f?s=96&d=mm&r=g\",\"contentUrl\":\"https:\/\/secure.gravatar.com\/avatar\/5c16c6837c3490270a74d888c2a845728f06bdde1f8761de1de1d1d1ef82d12f?s=96&d=mm&r=g\",\"caption\":\"Reginaldo Ribeiro\"}}]}<\/script>\n<!-- \/ Yoast SEO plugin. -->","yoast_head_json":{"title":"MP vai articular pagamento de repasses atrasados ao Fundo Estadual de Sa\u00fade - Jornal Ultimos Acontecimentos","robots":{"index":"index","follow":"follow","max-snippet":"max-snippet:-1","max-image-preview":"max-image-preview:large","max-video-preview":"max-video-preview:-1"},"canonical":"https:\/\/juacontecimentos.com.br\/site\/mp-vai-articular-pagamento-de-repasses-atrasados-ao-fundo-estadual-de-saude\/","og_locale":"pt_BR","og_type":"article","og_title":"MP vai articular pagamento de repasses atrasados ao Fundo Estadual de Sa\u00fade - Jornal Ultimos Acontecimentos","og_description":"Em reuni\u00e3o realizada nesta quinta-feira (7\/2), integrantes do Conselho de Secretarias Municipais de Sa\u00fade de Goi\u00e1s (Cosems-GO) solicitaram a intermedia\u00e7\u00e3o do Minist\u00e9rio P\u00fablico de Goi\u00e1s para a regulariza\u00e7\u00e3o de repasses atrasados do duod\u00e9cimo da sa\u00fade ao Fundo Estadual de Sa\u00fade por meio da transfer\u00eancia fundo a fundo. Segundo relatado pela presidente do Cosems, Ver\u00f4nica Savatin","og_url":"https:\/\/juacontecimentos.com.br\/site\/mp-vai-articular-pagamento-de-repasses-atrasados-ao-fundo-estadual-de-saude\/","og_site_name":"Jornal Ultimos Acontecimentos","article_publisher":"https:\/\/www.facebook.com\/jultimosacontecimentos\/","article_published_time":"2020-02-09T20:34:13+00:00","og_image":[{"width":1920,"height":1280,"url":"https:\/\/juacontecimentos.com.br\/site\/wp-content\/uploads\/2020\/02\/Montagem.jpeg","type":"image\/jpeg"}],"author":"Reginaldo Ribeiro","twitter_card":"summary_large_image","twitter_misc":{"Escrito por":"Reginaldo Ribeiro","Est. tempo de leitura":"2 minutos"},"schema":{"@context":"https:\/\/schema.org","@graph":[{"@type":"Article","@id":"https:\/\/juacontecimentos.com.br\/site\/mp-vai-articular-pagamento-de-repasses-atrasados-ao-fundo-estadual-de-saude\/#article","isPartOf":{"@id":"https:\/\/juacontecimentos.com.br\/site\/mp-vai-articular-pagamento-de-repasses-atrasados-ao-fundo-estadual-de-saude\/"},"author":{"name":"Reginaldo Ribeiro","@id":"https:\/\/juacontecimentos.com.br\/site\/#\/schema\/person\/082a54e6d3fdd7a633291428521c9669"},"headline":"MP vai articular pagamento de repasses atrasados ao Fundo Estadual de Sa\u00fade","datePublished":"2020-02-09T20:34:13+00:00","mainEntityOfPage":{"@id":"https:\/\/juacontecimentos.com.br\/site\/mp-vai-articular-pagamento-de-repasses-atrasados-ao-fundo-estadual-de-saude\/"},"wordCount":500,"commentCount":0,"publisher":{"@id":"https:\/\/juacontecimentos.com.br\/site\/#organization"},"image":{"@id":"https:\/\/juacontecimentos.com.br\/site\/mp-vai-articular-pagamento-de-repasses-atrasados-ao-fundo-estadual-de-saude\/#primaryimage"},"thumbnailUrl":"https:\/\/juacontecimentos.com.br\/site\/wp-content\/uploads\/2020\/02\/Montagem.jpeg","articleSection":["Brasil","Catal\u00e3o","Destaque","Goi\u00e1s"],"inLanguage":"pt-BR"},{"@type":"WebPage","@id":"https:\/\/juacontecimentos.com.br\/site\/mp-vai-articular-pagamento-de-repasses-atrasados-ao-fundo-estadual-de-saude\/","url":"https:\/\/juacontecimentos.com.br\/site\/mp-vai-articular-pagamento-de-repasses-atrasados-ao-fundo-estadual-de-saude\/","name":"MP vai articular pagamento de repasses atrasados ao Fundo Estadual de Sa\u00fade - Jornal Ultimos Acontecimentos","isPartOf":{"@id":"https:\/\/juacontecimentos.com.br\/site\/#website"},"primaryImageOfPage":{"@id":"https:\/\/juacontecimentos.com.br\/site\/mp-vai-articular-pagamento-de-repasses-atrasados-ao-fundo-estadual-de-saude\/#primaryimage"},"image":{"@id":"https:\/\/juacontecimentos.com.br\/site\/mp-vai-articular-pagamento-de-repasses-atrasados-ao-fundo-estadual-de-saude\/#primaryimage"},"thumbnailUrl":"https:\/\/juacontecimentos.com.br\/site\/wp-content\/uploads\/2020\/02\/Montagem.jpeg","datePublished":"2020-02-09T20:34:13+00:00","breadcrumb":{"@id":"https:\/\/juacontecimentos.com.br\/site\/mp-vai-articular-pagamento-de-repasses-atrasados-ao-fundo-estadual-de-saude\/#breadcrumb"},"inLanguage":"pt-BR","potentialAction":[{"@type":"ReadAction","target":["https:\/\/juacontecimentos.com.br\/site\/mp-vai-articular-pagamento-de-repasses-atrasados-ao-fundo-estadual-de-saude\/"]}]},{"@type":"ImageObject","inLanguage":"pt-BR","@id":"https:\/\/juacontecimentos.com.br\/site\/mp-vai-articular-pagamento-de-repasses-atrasados-ao-fundo-estadual-de-saude\/#primaryimage","url":"https:\/\/juacontecimentos.com.br\/site\/wp-content\/uploads\/2020\/02\/Montagem.jpeg","contentUrl":"https:\/\/juacontecimentos.com.br\/site\/wp-content\/uploads\/2020\/02\/Montagem.jpeg","width":1920,"height":1280},{"@type":"BreadcrumbList","@id":"https:\/\/juacontecimentos.com.br\/site\/mp-vai-articular-pagamento-de-repasses-atrasados-ao-fundo-estadual-de-saude\/#breadcrumb","itemListElement":[{"@type":"ListItem","position":1,"name":"In\u00edcio","item":"https:\/\/juacontecimentos.com.br\/site\/"},{"@type":"ListItem","position":2,"name":"MP vai articular pagamento de repasses atrasados ao Fundo Estadual de Sa\u00fade"}]},{"@type":"WebSite","@id":"https:\/\/juacontecimentos.com.br\/site\/#website","url":"https:\/\/juacontecimentos.com.br\/site\/","name":"Jornal Ultimos Acontecimentos","description":"Catal\u00e3o e regi\u00e3o","publisher":{"@id":"https:\/\/juacontecimentos.com.br\/site\/#organization"},"potentialAction":[{"@type":"SearchAction","target":{"@type":"EntryPoint","urlTemplate":"https:\/\/juacontecimentos.com.br\/site\/?s={search_term_string}"},"query-input":{"@type":"PropertyValueSpecification","valueRequired":true,"valueName":"search_term_string"}}],"inLanguage":"pt-BR"},{"@type":"Organization","@id":"https:\/\/juacontecimentos.com.br\/site\/#organization","name":"Jornal Ultimos Acontecimentos","url":"https:\/\/juacontecimentos.com.br\/site\/","logo":{"@type":"ImageObject","inLanguage":"pt-BR","@id":"https:\/\/juacontecimentos.com.br\/site\/#\/schema\/logo\/image\/","url":"https:\/\/juacontecimentos.com.br\/site\/wp-content\/uploads\/2023\/04\/Logo_Site.png","contentUrl":"https:\/\/juacontecimentos.com.br\/site\/wp-content\/uploads\/2023\/04\/Logo_Site.png","width":2476,"height":530,"caption":"Jornal Ultimos Acontecimentos"},"image":{"@id":"https:\/\/juacontecimentos.com.br\/site\/#\/schema\/logo\/image\/"},"sameAs":["https:\/\/www.facebook.com\/jultimosacontecimentos\/"]},{"@type":"Person","@id":"https:\/\/juacontecimentos.com.br\/site\/#\/schema\/person\/082a54e6d3fdd7a633291428521c9669","name":"Reginaldo Ribeiro","image":{"@type":"ImageObject","inLanguage":"pt-BR","@id":"https:\/\/juacontecimentos.com.br\/site\/#\/schema\/person\/image\/","url":"https:\/\/secure.gravatar.com\/avatar\/5c16c6837c3490270a74d888c2a845728f06bdde1f8761de1de1d1d1ef82d12f?s=96&d=mm&r=g","contentUrl":"https:\/\/secure.gravatar.com\/avatar\/5c16c6837c3490270a74d888c2a845728f06bdde1f8761de1de1d1d1ef82d12f?s=96&d=mm&r=g","caption":"Reginaldo Ribeiro"}}]}},"_links":{"self":[{"href":"https:\/\/juacontecimentos.com.br\/site\/wp-json\/wp\/v2\/posts\/9252","targetHints":{"allow":["GET"]}}],"collection":[{"href":"https:\/\/juacontecimentos.com.br\/site\/wp-json\/wp\/v2\/posts"}],"about":[{"href":"https:\/\/juacontecimentos.com.br\/site\/wp-json\/wp\/v2\/types\/post"}],"author":[{"embeddable":true,"href":"https:\/\/juacontecimentos.com.br\/site\/wp-json\/wp\/v2\/users\/2"}],"replies":[{"embeddable":true,"href":"https:\/\/juacontecimentos.com.br\/site\/wp-json\/wp\/v2\/comments?post=9252"}],"version-history":[{"count":1,"href":"https:\/\/juacontecimentos.com.br\/site\/wp-json\/wp\/v2\/posts\/9252\/revisions"}],"predecessor-version":[{"id":9254,"href":"https:\/\/juacontecimentos.com.br\/site\/wp-json\/wp\/v2\/posts\/9252\/revisions\/9254"}],"wp:featuredmedia":[{"embeddable":true,"href":"https:\/\/juacontecimentos.com.br\/site\/wp-json\/wp\/v2\/media\/9253"}],"wp:attachment":[{"href":"https:\/\/juacontecimentos.com.br\/site\/wp-json\/wp\/v2\/media?parent=9252"}],"wp:term":[{"taxonomy":"category","embeddable":true,"href":"https:\/\/juacontecimentos.com.br\/site\/wp-json\/wp\/v2\/categories?post=9252"},{"taxonomy":"post_tag","embeddable":true,"href":"https:\/\/juacontecimentos.com.br\/site\/wp-json\/wp\/v2\/tags?post=9252"}],"curies":[{"name":"wp","href":"https:\/\/api.w.org\/{rel}","templated":true}]}}