{"id":9715,"date":"2020-05-05T12:45:09","date_gmt":"2020-05-05T15:45:09","guid":{"rendered":"http:\/\/juacontecimentos.com.br\/site\/?p=9715"},"modified":"2020-05-05T12:45:09","modified_gmt":"2020-05-05T15:45:09","slug":"prefeito-de-catalao-adib-elias-e-acusado-de-agredir-verbalmente-funcionario-publico","status":"publish","type":"post","link":"https:\/\/juacontecimentos.com.br\/site\/prefeito-de-catalao-adib-elias-e-acusado-de-agredir-verbalmente-funcionario-publico\/","title":{"rendered":"Prefeito de Catal\u00e3o Adib Elias \u00e9 acusado de agredir verbalmente funcion\u00e1rio p\u00fablico"},"content":{"rendered":"<h2 style=\"text-align: center\">Caso aconteceu na manh\u00e3 desta ter\u00e7a-feira (5), no almoxarifado da Prefeitura de Catal\u00e3o.<\/h2>\n<p>O ex-vereador e\u00a0funcion\u00e1rio p\u00fablico\u00a0da cidade de\u00a0Catal\u00e3o, prestou queixa \u00e0\u00a0pol\u00edcia\u00a0afirmando ter sido agredido verbalmente pelo prefeito do munic\u00edpio, Adib Elias Junior (Podemos).\u00a0Valmir Pires Rosa\u00a0diz ter sido atacado com palavras de ofensas pelo chefe do Executivo,\u00a0seguido de\u00a0gritos e insultos.<\/p>\n<p>De acordo com a v\u00edtima, o\u00a0caso teria acontecido na manh\u00e3 do dia 5 de maio, no seu local de trabalho, no almoxarifado. Ap\u00f3s as humilha\u00e7\u00f5es, Valmir preferiu deixar o estabelecimento para evitar qualquer tipo de conflito f\u00edsico.<\/p>\n<p>Valmir disse em entrevista exclusiva a reportagem do Jornal \u00daltimos Acontecimentos que o prefeito o persegue desde o in\u00edcio do mandato por n\u00e3o aceitar cr\u00edticas da oposi\u00e7\u00e3o.<\/p>\n<p>Segundo o servidor p\u00fablico, ser\u00e3o tomadas medidas judiciais cab\u00edveis ao caso. A ocorr\u00eancia foi registrada na\u00a02\u00aa Delegacia Distrital de Pol\u00edcia de Catal\u00e3o-GO.<\/p>\n<p>At\u00e9 o fechamento desta, a assessoria do prefeito n\u00e3o havia informado uma nota de esclarecimento.<\/p>\n<p>Texto \/ Foto: Reginaldo Ribeiro<\/p>\n<p><img loading=\"lazy\" decoding=\"async\" class=\"alignnone size-full wp-image-9718\" src=\"http:\/\/juacontecimentos.com.br\/site\/wp-content\/uploads\/2020\/05\/IMG-20200505-WA0046_2.jpg\" alt=\"\" width=\"942\" height=\"1264\" srcset=\"https:\/\/juacontecimentos.com.br\/site\/wp-content\/uploads\/2020\/05\/IMG-20200505-WA0046_2.jpg 942w, https:\/\/juacontecimentos.com.br\/site\/wp-content\/uploads\/2020\/05\/IMG-20200505-WA0046_2-224x300.jpg 224w, https:\/\/juacontecimentos.com.br\/site\/wp-content\/uploads\/2020\/05\/IMG-20200505-WA0046_2-768x1031.jpg 768w, https:\/\/juacontecimentos.com.br\/site\/wp-content\/uploads\/2020\/05\/IMG-20200505-WA0046_2-763x1024.jpg 763w\" sizes=\"auto, (max-width: 942px) 100vw, 942px\" \/><\/p>\n<p><img loading=\"lazy\" decoding=\"async\" class=\"alignnone size-full wp-image-9717\" src=\"http:\/\/juacontecimentos.com.br\/site\/wp-content\/uploads\/2020\/05\/IMG_20200505_111927786.jpg\" alt=\"\" width=\"3120\" height=\"4160\" srcset=\"https:\/\/juacontecimentos.com.br\/site\/wp-content\/uploads\/2020\/05\/IMG_20200505_111927786.jpg 3120w, https:\/\/juacontecimentos.com.br\/site\/wp-content\/uploads\/2020\/05\/IMG_20200505_111927786-225x300.jpg 225w, https:\/\/juacontecimentos.com.br\/site\/wp-content\/uploads\/2020\/05\/IMG_20200505_111927786-768x1024.jpg 768w\" sizes=\"auto, (max-width: 3120px) 100vw, 3120px\" \/><br \/>\n<\/p>\n","protected":false},"excerpt":{"rendered":"<p>Caso aconteceu na manh\u00e3 desta ter\u00e7a-feira (5), no almoxarifado da Prefeitura de Catal\u00e3o. O ex-vereador e\u00a0funcion\u00e1rio p\u00fablico\u00a0da cidade de\u00a0Catal\u00e3o, prestou queixa \u00e0\u00a0pol\u00edcia\u00a0afirmando ter sido agredido verbalmente pelo prefeito do munic\u00edpio, Adib Elias Junior (Podemos).\u00a0Valmir Pires Rosa\u00a0diz ter sido atacado com palavras de ofensas pelo chefe do Executivo,\u00a0seguido de\u00a0gritos e insultos. De acordo com a v\u00edtima,<\/p>\n","protected":false},"author":2,"featured_media":9716,"comment_status":"open","ping_status":"open","sticky":false,"template":"","format":"standard","meta":{"footnotes":""},"categories":[27,22,26,23],"tags":[],"class_list":["post-9715","post","type-post","status-publish","format-standard","has-post-thumbnail","hentry","category-brasil","category-catalao","category-destaque","category-goias"],"yoast_head":"<!-- This site is optimized with the Yoast SEO plugin v25.8 - https:\/\/yoast.com\/wordpress\/plugins\/seo\/ -->\n<title>Prefeito de Catal\u00e3o Adib Elias \u00e9 acusado de agredir verbalmente funcion\u00e1rio p\u00fablico - Jornal Ultimos Acontecimentos<\/title>\n<meta name=\"robots\" content=\"index, follow, max-snippet:-1, max-image-preview:large, max-video-preview:-1\" \/>\n<link rel=\"canonical\" href=\"https:\/\/juacontecimentos.com.br\/site\/prefeito-de-catalao-adib-elias-e-acusado-de-agredir-verbalmente-funcionario-publico\/\" \/>\n<meta property=\"og:locale\" content=\"pt_BR\" \/>\n<meta property=\"og:type\" content=\"article\" \/>\n<meta property=\"og:title\" content=\"Prefeito de Catal\u00e3o Adib Elias \u00e9 acusado de agredir verbalmente funcion\u00e1rio p\u00fablico - Jornal Ultimos Acontecimentos\" \/>\n<meta property=\"og:description\" content=\"Caso aconteceu na manh\u00e3 desta ter\u00e7a-feira (5), no almoxarifado da Prefeitura de Catal\u00e3o. O ex-vereador e\u00a0funcion\u00e1rio p\u00fablico\u00a0da cidade de\u00a0Catal\u00e3o, prestou queixa \u00e0\u00a0pol\u00edcia\u00a0afirmando ter sido agredido verbalmente pelo prefeito do munic\u00edpio, Adib Elias Junior (Podemos).\u00a0Valmir Pires Rosa\u00a0diz ter sido atacado com palavras de ofensas pelo chefe do Executivo,\u00a0seguido de\u00a0gritos e insultos. De acordo com a v\u00edtima,\" \/>\n<meta property=\"og:url\" content=\"https:\/\/juacontecimentos.com.br\/site\/prefeito-de-catalao-adib-elias-e-acusado-de-agredir-verbalmente-funcionario-publico\/\" \/>\n<meta property=\"og:site_name\" content=\"Jornal Ultimos Acontecimentos\" \/>\n<meta property=\"article:publisher\" content=\"https:\/\/www.facebook.com\/jultimosacontecimentos\/\" \/>\n<meta property=\"article:published_time\" content=\"2020-05-05T15:45:09+00:00\" \/>\n<meta property=\"og:image\" content=\"https:\/\/juacontecimentos.com.br\/site\/wp-content\/uploads\/2020\/05\/IMG_20200505_111924922-e1588693416693.jpg\" \/>\n\t<meta property=\"og:image:width\" content=\"1000\" \/>\n\t<meta property=\"og:image:height\" content=\"750\" \/>\n\t<meta property=\"og:image:type\" content=\"image\/jpeg\" \/>\n<meta name=\"author\" content=\"Reginaldo Ribeiro\" \/>\n<meta name=\"twitter:card\" content=\"summary_large_image\" \/>\n<meta name=\"twitter:label1\" content=\"Escrito por\" \/>\n\t<meta name=\"twitter:data1\" content=\"Reginaldo Ribeiro\" \/>\n\t<meta name=\"twitter:label2\" content=\"Est. tempo de leitura\" \/>\n\t<meta name=\"twitter:data2\" content=\"1 minuto\" \/>\n<script type=\"application\/ld+json\" class=\"yoast-schema-graph\">{\"@context\":\"https:\/\/schema.org\",\"@graph\":[{\"@type\":\"Article\",\"@id\":\"https:\/\/juacontecimentos.com.br\/site\/prefeito-de-catalao-adib-elias-e-acusado-de-agredir-verbalmente-funcionario-publico\/#article\",\"isPartOf\":{\"@id\":\"https:\/\/juacontecimentos.com.br\/site\/prefeito-de-catalao-adib-elias-e-acusado-de-agredir-verbalmente-funcionario-publico\/\"},\"author\":{\"name\":\"Reginaldo Ribeiro\",\"@id\":\"https:\/\/juacontecimentos.com.br\/site\/#\/schema\/person\/082a54e6d3fdd7a633291428521c9669\"},\"headline\":\"Prefeito de Catal\u00e3o Adib Elias \u00e9 acusado de agredir verbalmente funcion\u00e1rio p\u00fablico\",\"datePublished\":\"2020-05-05T15:45:09+00:00\",\"mainEntityOfPage\":{\"@id\":\"https:\/\/juacontecimentos.com.br\/site\/prefeito-de-catalao-adib-elias-e-acusado-de-agredir-verbalmente-funcionario-publico\/\"},\"wordCount\":198,\"commentCount\":0,\"publisher\":{\"@id\":\"https:\/\/juacontecimentos.com.br\/site\/#organization\"},\"image\":{\"@id\":\"https:\/\/juacontecimentos.com.br\/site\/prefeito-de-catalao-adib-elias-e-acusado-de-agredir-verbalmente-funcionario-publico\/#primaryimage\"},\"thumbnailUrl\":\"https:\/\/juacontecimentos.com.br\/site\/wp-content\/uploads\/2020\/05\/IMG_20200505_111924922-e1588693416693.jpg\",\"articleSection\":[\"Brasil\",\"Catal\u00e3o\",\"Destaque\",\"Goi\u00e1s\"],\"inLanguage\":\"pt-BR\"},{\"@type\":\"WebPage\",\"@id\":\"https:\/\/juacontecimentos.com.br\/site\/prefeito-de-catalao-adib-elias-e-acusado-de-agredir-verbalmente-funcionario-publico\/\",\"url\":\"https:\/\/juacontecimentos.com.br\/site\/prefeito-de-catalao-adib-elias-e-acusado-de-agredir-verbalmente-funcionario-publico\/\",\"name\":\"Prefeito de Catal\u00e3o Adib Elias \u00e9 acusado de agredir verbalmente funcion\u00e1rio p\u00fablico - Jornal Ultimos Acontecimentos\",\"isPartOf\":{\"@id\":\"https:\/\/juacontecimentos.com.br\/site\/#website\"},\"primaryImageOfPage\":{\"@id\":\"https:\/\/juacontecimentos.com.br\/site\/prefeito-de-catalao-adib-elias-e-acusado-de-agredir-verbalmente-funcionario-publico\/#primaryimage\"},\"image\":{\"@id\":\"https:\/\/juacontecimentos.com.br\/site\/prefeito-de-catalao-adib-elias-e-acusado-de-agredir-verbalmente-funcionario-publico\/#primaryimage\"},\"thumbnailUrl\":\"https:\/\/juacontecimentos.com.br\/site\/wp-content\/uploads\/2020\/05\/IMG_20200505_111924922-e1588693416693.jpg\",\"datePublished\":\"2020-05-05T15:45:09+00:00\",\"breadcrumb\":{\"@id\":\"https:\/\/juacontecimentos.com.br\/site\/prefeito-de-catalao-adib-elias-e-acusado-de-agredir-verbalmente-funcionario-publico\/#breadcrumb\"},\"inLanguage\":\"pt-BR\",\"potentialAction\":[{\"@type\":\"ReadAction\",\"target\":[\"https:\/\/juacontecimentos.com.br\/site\/prefeito-de-catalao-adib-elias-e-acusado-de-agredir-verbalmente-funcionario-publico\/\"]}]},{\"@type\":\"ImageObject\",\"inLanguage\":\"pt-BR\",\"@id\":\"https:\/\/juacontecimentos.com.br\/site\/prefeito-de-catalao-adib-elias-e-acusado-de-agredir-verbalmente-funcionario-publico\/#primaryimage\",\"url\":\"https:\/\/juacontecimentos.com.br\/site\/wp-content\/uploads\/2020\/05\/IMG_20200505_111924922-e1588693416693.jpg\",\"contentUrl\":\"https:\/\/juacontecimentos.com.br\/site\/wp-content\/uploads\/2020\/05\/IMG_20200505_111924922-e1588693416693.jpg\",\"width\":1000,\"height\":750},{\"@type\":\"BreadcrumbList\",\"@id\":\"https:\/\/juacontecimentos.com.br\/site\/prefeito-de-catalao-adib-elias-e-acusado-de-agredir-verbalmente-funcionario-publico\/#breadcrumb\",\"itemListElement\":[{\"@type\":\"ListItem\",\"position\":1,\"name\":\"In\u00edcio\",\"item\":\"https:\/\/juacontecimentos.com.br\/site\/\"},{\"@type\":\"ListItem\",\"position\":2,\"name\":\"Prefeito de Catal\u00e3o Adib Elias \u00e9 acusado de agredir verbalmente funcion\u00e1rio p\u00fablico\"}]},{\"@type\":\"WebSite\",\"@id\":\"https:\/\/juacontecimentos.com.br\/site\/#website\",\"url\":\"https:\/\/juacontecimentos.com.br\/site\/\",\"name\":\"Jornal Ultimos Acontecimentos\",\"description\":\"Catal\u00e3o e regi\u00e3o\",\"publisher\":{\"@id\":\"https:\/\/juacontecimentos.com.br\/site\/#organization\"},\"potentialAction\":[{\"@type\":\"SearchAction\",\"target\":{\"@type\":\"EntryPoint\",\"urlTemplate\":\"https:\/\/juacontecimentos.com.br\/site\/?s={search_term_string}\"},\"query-input\":{\"@type\":\"PropertyValueSpecification\",\"valueRequired\":true,\"valueName\":\"search_term_string\"}}],\"inLanguage\":\"pt-BR\"},{\"@type\":\"Organization\",\"@id\":\"https:\/\/juacontecimentos.com.br\/site\/#organization\",\"name\":\"Jornal Ultimos Acontecimentos\",\"url\":\"https:\/\/juacontecimentos.com.br\/site\/\",\"logo\":{\"@type\":\"ImageObject\",\"inLanguage\":\"pt-BR\",\"@id\":\"https:\/\/juacontecimentos.com.br\/site\/#\/schema\/logo\/image\/\",\"url\":\"https:\/\/juacontecimentos.com.br\/site\/wp-content\/uploads\/2023\/04\/Logo_Site.png\",\"contentUrl\":\"https:\/\/juacontecimentos.com.br\/site\/wp-content\/uploads\/2023\/04\/Logo_Site.png\",\"width\":2476,\"height\":530,\"caption\":\"Jornal Ultimos Acontecimentos\"},\"image\":{\"@id\":\"https:\/\/juacontecimentos.com.br\/site\/#\/schema\/logo\/image\/\"},\"sameAs\":[\"https:\/\/www.facebook.com\/jultimosacontecimentos\/\"]},{\"@type\":\"Person\",\"@id\":\"https:\/\/juacontecimentos.com.br\/site\/#\/schema\/person\/082a54e6d3fdd7a633291428521c9669\",\"name\":\"Reginaldo Ribeiro\",\"image\":{\"@type\":\"ImageObject\",\"inLanguage\":\"pt-BR\",\"@id\":\"https:\/\/juacontecimentos.com.br\/site\/#\/schema\/person\/image\/\",\"url\":\"https:\/\/secure.gravatar.com\/avatar\/5c16c6837c3490270a74d888c2a845728f06bdde1f8761de1de1d1d1ef82d12f?s=96&d=mm&r=g\",\"contentUrl\":\"https:\/\/secure.gravatar.com\/avatar\/5c16c6837c3490270a74d888c2a845728f06bdde1f8761de1de1d1d1ef82d12f?s=96&d=mm&r=g\",\"caption\":\"Reginaldo Ribeiro\"}}]}<\/script>\n<!-- \/ Yoast SEO plugin. -->","yoast_head_json":{"title":"Prefeito de Catal\u00e3o Adib Elias \u00e9 acusado de agredir verbalmente funcion\u00e1rio p\u00fablico - Jornal Ultimos Acontecimentos","robots":{"index":"index","follow":"follow","max-snippet":"max-snippet:-1","max-image-preview":"max-image-preview:large","max-video-preview":"max-video-preview:-1"},"canonical":"https:\/\/juacontecimentos.com.br\/site\/prefeito-de-catalao-adib-elias-e-acusado-de-agredir-verbalmente-funcionario-publico\/","og_locale":"pt_BR","og_type":"article","og_title":"Prefeito de Catal\u00e3o Adib Elias \u00e9 acusado de agredir verbalmente funcion\u00e1rio p\u00fablico - Jornal Ultimos Acontecimentos","og_description":"Caso aconteceu na manh\u00e3 desta ter\u00e7a-feira (5), no almoxarifado da Prefeitura de Catal\u00e3o. O ex-vereador e\u00a0funcion\u00e1rio p\u00fablico\u00a0da cidade de\u00a0Catal\u00e3o, prestou queixa \u00e0\u00a0pol\u00edcia\u00a0afirmando ter sido agredido verbalmente pelo prefeito do munic\u00edpio, Adib Elias Junior (Podemos).\u00a0Valmir Pires Rosa\u00a0diz ter sido atacado com palavras de ofensas pelo chefe do Executivo,\u00a0seguido de\u00a0gritos e insultos. De acordo com a v\u00edtima,","og_url":"https:\/\/juacontecimentos.com.br\/site\/prefeito-de-catalao-adib-elias-e-acusado-de-agredir-verbalmente-funcionario-publico\/","og_site_name":"Jornal Ultimos Acontecimentos","article_publisher":"https:\/\/www.facebook.com\/jultimosacontecimentos\/","article_published_time":"2020-05-05T15:45:09+00:00","og_image":[{"width":1000,"height":750,"url":"https:\/\/juacontecimentos.com.br\/site\/wp-content\/uploads\/2020\/05\/IMG_20200505_111924922-e1588693416693.jpg","type":"image\/jpeg"}],"author":"Reginaldo Ribeiro","twitter_card":"summary_large_image","twitter_misc":{"Escrito por":"Reginaldo Ribeiro","Est. tempo de leitura":"1 minuto"},"schema":{"@context":"https:\/\/schema.org","@graph":[{"@type":"Article","@id":"https:\/\/juacontecimentos.com.br\/site\/prefeito-de-catalao-adib-elias-e-acusado-de-agredir-verbalmente-funcionario-publico\/#article","isPartOf":{"@id":"https:\/\/juacontecimentos.com.br\/site\/prefeito-de-catalao-adib-elias-e-acusado-de-agredir-verbalmente-funcionario-publico\/"},"author":{"name":"Reginaldo Ribeiro","@id":"https:\/\/juacontecimentos.com.br\/site\/#\/schema\/person\/082a54e6d3fdd7a633291428521c9669"},"headline":"Prefeito de Catal\u00e3o Adib Elias \u00e9 acusado de agredir verbalmente funcion\u00e1rio p\u00fablico","datePublished":"2020-05-05T15:45:09+00:00","mainEntityOfPage":{"@id":"https:\/\/juacontecimentos.com.br\/site\/prefeito-de-catalao-adib-elias-e-acusado-de-agredir-verbalmente-funcionario-publico\/"},"wordCount":198,"commentCount":0,"publisher":{"@id":"https:\/\/juacontecimentos.com.br\/site\/#organization"},"image":{"@id":"https:\/\/juacontecimentos.com.br\/site\/prefeito-de-catalao-adib-elias-e-acusado-de-agredir-verbalmente-funcionario-publico\/#primaryimage"},"thumbnailUrl":"https:\/\/juacontecimentos.com.br\/site\/wp-content\/uploads\/2020\/05\/IMG_20200505_111924922-e1588693416693.jpg","articleSection":["Brasil","Catal\u00e3o","Destaque","Goi\u00e1s"],"inLanguage":"pt-BR"},{"@type":"WebPage","@id":"https:\/\/juacontecimentos.com.br\/site\/prefeito-de-catalao-adib-elias-e-acusado-de-agredir-verbalmente-funcionario-publico\/","url":"https:\/\/juacontecimentos.com.br\/site\/prefeito-de-catalao-adib-elias-e-acusado-de-agredir-verbalmente-funcionario-publico\/","name":"Prefeito de Catal\u00e3o Adib Elias \u00e9 acusado de agredir verbalmente funcion\u00e1rio p\u00fablico - Jornal Ultimos Acontecimentos","isPartOf":{"@id":"https:\/\/juacontecimentos.com.br\/site\/#website"},"primaryImageOfPage":{"@id":"https:\/\/juacontecimentos.com.br\/site\/prefeito-de-catalao-adib-elias-e-acusado-de-agredir-verbalmente-funcionario-publico\/#primaryimage"},"image":{"@id":"https:\/\/juacontecimentos.com.br\/site\/prefeito-de-catalao-adib-elias-e-acusado-de-agredir-verbalmente-funcionario-publico\/#primaryimage"},"thumbnailUrl":"https:\/\/juacontecimentos.com.br\/site\/wp-content\/uploads\/2020\/05\/IMG_20200505_111924922-e1588693416693.jpg","datePublished":"2020-05-05T15:45:09+00:00","breadcrumb":{"@id":"https:\/\/juacontecimentos.com.br\/site\/prefeito-de-catalao-adib-elias-e-acusado-de-agredir-verbalmente-funcionario-publico\/#breadcrumb"},"inLanguage":"pt-BR","potentialAction":[{"@type":"ReadAction","target":["https:\/\/juacontecimentos.com.br\/site\/prefeito-de-catalao-adib-elias-e-acusado-de-agredir-verbalmente-funcionario-publico\/"]}]},{"@type":"ImageObject","inLanguage":"pt-BR","@id":"https:\/\/juacontecimentos.com.br\/site\/prefeito-de-catalao-adib-elias-e-acusado-de-agredir-verbalmente-funcionario-publico\/#primaryimage","url":"https:\/\/juacontecimentos.com.br\/site\/wp-content\/uploads\/2020\/05\/IMG_20200505_111924922-e1588693416693.jpg","contentUrl":"https:\/\/juacontecimentos.com.br\/site\/wp-content\/uploads\/2020\/05\/IMG_20200505_111924922-e1588693416693.jpg","width":1000,"height":750},{"@type":"BreadcrumbList","@id":"https:\/\/juacontecimentos.com.br\/site\/prefeito-de-catalao-adib-elias-e-acusado-de-agredir-verbalmente-funcionario-publico\/#breadcrumb","itemListElement":[{"@type":"ListItem","position":1,"name":"In\u00edcio","item":"https:\/\/juacontecimentos.com.br\/site\/"},{"@type":"ListItem","position":2,"name":"Prefeito de Catal\u00e3o Adib Elias \u00e9 acusado de agredir verbalmente funcion\u00e1rio p\u00fablico"}]},{"@type":"WebSite","@id":"https:\/\/juacontecimentos.com.br\/site\/#website","url":"https:\/\/juacontecimentos.com.br\/site\/","name":"Jornal Ultimos Acontecimentos","description":"Catal\u00e3o e regi\u00e3o","publisher":{"@id":"https:\/\/juacontecimentos.com.br\/site\/#organization"},"potentialAction":[{"@type":"SearchAction","target":{"@type":"EntryPoint","urlTemplate":"https:\/\/juacontecimentos.com.br\/site\/?s={search_term_string}"},"query-input":{"@type":"PropertyValueSpecification","valueRequired":true,"valueName":"search_term_string"}}],"inLanguage":"pt-BR"},{"@type":"Organization","@id":"https:\/\/juacontecimentos.com.br\/site\/#organization","name":"Jornal Ultimos Acontecimentos","url":"https:\/\/juacontecimentos.com.br\/site\/","logo":{"@type":"ImageObject","inLanguage":"pt-BR","@id":"https:\/\/juacontecimentos.com.br\/site\/#\/schema\/logo\/image\/","url":"https:\/\/juacontecimentos.com.br\/site\/wp-content\/uploads\/2023\/04\/Logo_Site.png","contentUrl":"https:\/\/juacontecimentos.com.br\/site\/wp-content\/uploads\/2023\/04\/Logo_Site.png","width":2476,"height":530,"caption":"Jornal Ultimos Acontecimentos"},"image":{"@id":"https:\/\/juacontecimentos.com.br\/site\/#\/schema\/logo\/image\/"},"sameAs":["https:\/\/www.facebook.com\/jultimosacontecimentos\/"]},{"@type":"Person","@id":"https:\/\/juacontecimentos.com.br\/site\/#\/schema\/person\/082a54e6d3fdd7a633291428521c9669","name":"Reginaldo Ribeiro","image":{"@type":"ImageObject","inLanguage":"pt-BR","@id":"https:\/\/juacontecimentos.com.br\/site\/#\/schema\/person\/image\/","url":"https:\/\/secure.gravatar.com\/avatar\/5c16c6837c3490270a74d888c2a845728f06bdde1f8761de1de1d1d1ef82d12f?s=96&d=mm&r=g","contentUrl":"https:\/\/secure.gravatar.com\/avatar\/5c16c6837c3490270a74d888c2a845728f06bdde1f8761de1de1d1d1ef82d12f?s=96&d=mm&r=g","caption":"Reginaldo Ribeiro"}}]}},"_links":{"self":[{"href":"https:\/\/juacontecimentos.com.br\/site\/wp-json\/wp\/v2\/posts\/9715","targetHints":{"allow":["GET"]}}],"collection":[{"href":"https:\/\/juacontecimentos.com.br\/site\/wp-json\/wp\/v2\/posts"}],"about":[{"href":"https:\/\/juacontecimentos.com.br\/site\/wp-json\/wp\/v2\/types\/post"}],"author":[{"embeddable":true,"href":"https:\/\/juacontecimentos.com.br\/site\/wp-json\/wp\/v2\/users\/2"}],"replies":[{"embeddable":true,"href":"https:\/\/juacontecimentos.com.br\/site\/wp-json\/wp\/v2\/comments?post=9715"}],"version-history":[{"count":2,"href":"https:\/\/juacontecimentos.com.br\/site\/wp-json\/wp\/v2\/posts\/9715\/revisions"}],"predecessor-version":[{"id":9721,"href":"https:\/\/juacontecimentos.com.br\/site\/wp-json\/wp\/v2\/posts\/9715\/revisions\/9721"}],"wp:featuredmedia":[{"embeddable":true,"href":"https:\/\/juacontecimentos.com.br\/site\/wp-json\/wp\/v2\/media\/9716"}],"wp:attachment":[{"href":"https:\/\/juacontecimentos.com.br\/site\/wp-json\/wp\/v2\/media?parent=9715"}],"wp:term":[{"taxonomy":"category","embeddable":true,"href":"https:\/\/juacontecimentos.com.br\/site\/wp-json\/wp\/v2\/categories?post=9715"},{"taxonomy":"post_tag","embeddable":true,"href":"https:\/\/juacontecimentos.com.br\/site\/wp-json\/wp\/v2\/tags?post=9715"}],"curies":[{"name":"wp","href":"https:\/\/api.w.org\/{rel}","templated":true}]}}